{"id":355552,"date":"2025-08-31T01:36:13","date_gmt":"2025-08-31T01:36:13","guid":{"rendered":"https:\/\/www.europesays.com\/fr\/355552\/"},"modified":"2025-08-31T01:36:13","modified_gmt":"2025-08-31T01:36:13","slug":"fort-de-france-cartographie-augmentee-parcours-design","status":"publish","type":"post","link":"https:\/\/www.europesays.com\/fr\/355552\/","title":{"rendered":"FORT DE FRANCE : Cartographie augment\u00e9e, parcours Design"},"content":{"rendered":"<p style=\"text-align: left;\"><strong>Le festival France Design Week c\u00e9l\u00e8bre la diversit\u00e9 et la richesse du design et des designers fran\u00e7ais, dans toute la France, m\u00e9tropolitaine et outre-mer.<\/strong><\/p>\n<p style=\"text-align: left;\">De retour pour une 6e \u00e9dition, du 12 au 30 septembre, avec plus de 700 \u00e9v\u00e9nements programm\u00e9s, le festival a pour objectif de sensibiliser les professionnels et le grand public \u00e0 sa pratique.<\/p>\n<p style=\"text-align: left;\">La programmation mettra en lumi\u00e8re le design dans ses applications les plus vari\u00e9es et concr\u00e8tes \u00e0 travers des expositions, conf\u00e9rences, visites de studios de design, portes ouvertes d\u2019\u00e9coles, workshops\u2026<\/p>\n<p class=\"x_MsoNormal\" style=\"text-align: left;\"><b>La Martinique \u2013 Fort de France<\/b><\/p>\n<p class=\"x_MsoNormal\" style=\"text-align: left;\"><b>Cartographie Augment\u00e9e : Parcours Design au C\u0153ur de Fort-de-France<\/b><\/p>\n<p class=\"x_MsoNormal\" style=\"text-align: left;\">Dans le cadre de France Design Week 2025, le VanLab transforme Fort-de-France en parcours immersif autour du Design Utile. Une cartographie interactive guide les visiteurs \u00e0 travers les expositions, enrichie par des installations en r\u00e9alit\u00e9 augment\u00e9e dans l\u2019espace public. L\u2019initiative valorise les talents martiniquais et d\u00e9mocratise l\u2019acc\u00e8s au design. Une restitution \u00ab Les H\u00e9ro\u00efnes de la Cara\u00efbe \u00bb aura lieu \u00e0 l\u2019H\u00f4tel l\u2019Imp\u00e9ratrice, autour d\u2019oeuvres cr\u00e9\u00e9es via des outils num\u00e9riques.\u00a0<a title=\"https:\/\/services.hosting.augure.com\/Response\/c2lnm\/%7B8ba528d2-cb8b-4f06-be99-9f055a823b86%7D\" href=\"https:\/\/services.hosting.augure.com\/Response\/c2lnm\/%7B8ba528d2-cb8b-4f06-be99-9f055a823b86%7D\" target=\"_blank\" rel=\"noopener noreferrer nofollow\" data-auth=\"NotApplicable\" data-linkindex=\"12\">Plus d\u2019info ici<\/a><\/p>\n<p style=\"text-align: left;\"><strong>SOURCE : France Design Week, du 12 au 30 Septembre, partout en France.<\/strong><\/p>\n","protected":false},"excerpt":{"rendered":"Le festival France Design Week c\u00e9l\u00e8bre la diversit\u00e9 et la richesse du design et des designers fran\u00e7ais, dans&hellip;\n","protected":false},"author":2,"featured_media":355553,"comment_status":"","ping_status":"","sticky":false,"template":"","format":"standard","meta":{"footnotes":""},"categories":[4],"tags":[11,1011,27,12,25],"class_list":{"0":"post-355552","1":"post","2":"type-post","3":"status-publish","4":"format-standard","5":"has-post-thumbnail","7":"category-france","8":"tag-actualites","9":"tag-fr","10":"tag-france","11":"tag-news","12":"tag-republique-francaise"},"share_on_mastodon":{"url":"https:\/\/pubeurope.com\/@fr\/115120818373101046","error":""},"_links":{"self":[{"href":"https:\/\/www.europesays.com\/fr\/wp-json\/wp\/v2\/posts\/355552","targetHints":{"allow":["GET"]}}],"collection":[{"href":"https:\/\/www.europesays.com\/fr\/wp-json\/wp\/v2\/posts"}],"about":[{"href":"https:\/\/www.europesays.com\/fr\/wp-json\/wp\/v2\/types\/post"}],"author":[{"embeddable":true,"href":"https:\/\/www.europesays.com\/fr\/wp-json\/wp\/v2\/users\/2"}],"replies":[{"embeddable":true,"href":"https:\/\/www.europesays.com\/fr\/wp-json\/wp\/v2\/comments?post=355552"}],"version-history":[{"count":0,"href":"https:\/\/www.europesays.com\/fr\/wp-json\/wp\/v2\/posts\/355552\/revisions"}],"wp:featuredmedia":[{"embeddable":true,"href":"https:\/\/www.europesays.com\/fr\/wp-json\/wp\/v2\/media\/355553"}],"wp:attachment":[{"href":"https:\/\/www.europesays.com\/fr\/wp-json\/wp\/v2\/media?parent=355552"}],"wp:term":[{"taxonomy":"category","embeddable":true,"href":"https:\/\/www.europesays.com\/fr\/wp-json\/wp\/v2\/categories?post=355552"},{"taxonomy":"post_tag","embeddable":true,"href":"https:\/\/www.europesays.com\/fr\/wp-json\/wp\/v2\/tags?post=355552"}],"curies":[{"name":"wp","href":"https:\/\/api.w.org\/{rel}","templated":true}]}}