{"id":355554,"date":"2025-08-31T01:37:13","date_gmt":"2025-08-31T01:37:13","guid":{"rendered":"https:\/\/www.europesays.com\/fr\/355554\/"},"modified":"2025-08-31T01:37:13","modified_gmt":"2025-08-31T01:37:13","slug":"felix-mory-4e-du-dormy-open-a-trois-coups-du-leader-anders-emil-ejlersen-lequipe","status":"publish","type":"post","link":"https:\/\/www.europesays.com\/fr\/355554\/","title":{"rendered":"F\u00e9lix Mory 4e du Dormy Open, \u00e0 trois coups du leader Anders Emil Ejlersen &#8211; L&#039;\u00c9quipe"},"content":{"rendered":"<ol>\n<li><a href=\"https:\/\/news.google.com\/rss\/articles\/CBMiuwFBVV95cUxOSHY2S1lUdmJJN0JDNXdPR2hwRWNMYzlPMWE5cXdMUGc3Rl93dS11dkhpajQycF9CdFVnaG4yNDF6blJJWWcxVFkzRnNfWlJPMkktWVQ3N05BTGpzTXp0WjR3aGlGUC1zRklaM0ZyOEtFSFg0S0JVQWg1eUZtZm9kTHhMN25uN3JmOFJyY05vc282d0RGcHAwb3BfUUtBS0ZiLTlLbXptcFV0WDFvX3ZraDBqcWF0bGUzMllJ?oc=5\" target=\"_blank\" rel=\"nofollow noopener\">F\u00e9lix Mory 4e du Dormy Open, \u00e0 trois coups du leader Anders Emil Ejlersen<\/a>&nbsp;&nbsp;L&rsquo;\u00c9quipe<\/li>\n<li><a href=\"https:\/\/news.google.com\/rss\/articles\/CBMikAJBVV95cUxQeTZIajJNUHRxdzFYb3JGWVEwMXVpUzBodFEybTlNZzY5eDI3RmQ0Y0RQQUwtQzRxLXBJX0JBM3k3cHN6WW5udEdXMUcwcTRsT2I5YWVva3EteWRNTnBrOGMzYV9UTDh2c3hWZFRnN3UyU2QycThPZktPazA2Um81TlVSMDMwRUdneWVFQkZlM05ENXBnZGd5dFVBaEVGMV9zTm9nLUhhNEJBWnptUXZGX0cxb0kwWWZmdjF4Z3NNajYxdmk0ZGV2NERQbDJMazVSZkFmYm1NTzNlZXh3bE95MEJDUnR2MFJqWXI2VEpGdmljMEZ5RmE5LW01QVdxekhmX2xnUkx1RTZQX2hJTExwQw?oc=5\" target=\"_blank\" rel=\"nofollow noopener\">Golf. Hotel Planner Tour &#8211; Dormy Open: Felix Mory vire en t\u00eate en Su\u00e8de, John Gough est \u00e0 un coup<\/a>&nbsp;&nbsp;Ouest-France<\/li>\n<li><a href=\"https:\/\/news.google.com\/rss\/articles\/CBMikgFBVV95cUxOV2RHTHM4WlVrYTJ0WnlvTVYxeXo2ODVhUDJIR19TQjM0Nk5YekpaT3V6MmNXTjlhb1dHRUw4S1psWjFZNk9ZM21hM3JiM01rUXdKT0R6bXFiWk1jbTJMUXdYb21BdVZRZk11Tk0xNW5venl2V3NGcm5xVWRMSzd5UWV5Mmd1dnd6ZnhJNkVnaTZvUQ?oc=5\" target=\"_blank\" rel=\"nofollow noopener\">F\u00e9lix Mory d\u00e9sormais seul aux commandes en Su\u00e8de<\/a>&nbsp;&nbsp;Golf Plan\u00e8te<\/li>\n<li><a href=\"https:\/\/news.google.com\/rss\/articles\/CBMiowFBVV95cUxQWmM1dUFuSDNZbHNnX054MVREZHkyYkFmR2JSOWJ3c0xqNEhOWUlVZnJ6SlZCRkpVcmpoNUJNTkQ4b2dmVzNjY2xZVng4c2hsQTd4TXNpdUJ5Z0JKTEVpTFNKdDN4ZTBaMzBnMmtSajByZW83b0YyVzdOM2piZEdFX1h1aGl2UUFKaGN3WVNWV1F2Y2xWUVFtU1VfTm43SWoyZ2g0?oc=5\" target=\"_blank\" rel=\"nofollow noopener\">Dormy Open : F\u00e9lix Mory passe seul en t\u00eate<\/a>&nbsp;&nbsp;F\u00e9d\u00e9ration Fran\u00e7aise de Golf<\/li>\n<li><a href=\"https:\/\/news.google.com\/rss\/articles\/CBMizAFBVV95cUxPRnFtRUhBTVV2QUZicWVhOVV0RkVvejdoYkduQWprZTlEdjYxaXFaRW5tVVR5Y3pnY0U1Ni0taWFld29DQ0JIZ2NXLXc0RFFJSTJkcTFfektHczFROUJQcjFiclV3QU5jNENwQkNaUndPR1lJTUlYOUpKaHFmMnZsNjZxQWZpLXJKOVF6S3FHTm9wSjNUekppbzV6Tm41UHRfTkN6a01CMkRIVTA1RGNnMVZYZk02VHNodVhsc1lJbkJIR1ljWlNsX1gteVE?oc=5\" target=\"_blank\" rel=\"nofollow noopener\">Challenge Tour &#8211; Matthis Besard passe le cut \u00e0 Upsala<\/a>&nbsp;&nbsp;La Libre.be<\/li>\n<\/ol>\n","protected":false},"excerpt":{"rendered":"F\u00e9lix Mory 4e du Dormy Open, \u00e0 trois coups du leader Anders Emil Ejlersen&nbsp;&nbsp;L&rsquo;\u00c9quipe Golf. Hotel Planner Tour&hellip;\n","protected":false},"author":2,"featured_media":355555,"comment_status":"","ping_status":"","sticky":false,"template":"","format":"standard","meta":{"footnotes":""},"categories":[1418],"tags":[1011,27,1472,60],"class_list":{"0":"post-355554","1":"post","2":"type-post","3":"status-publish","4":"format-standard","5":"has-post-thumbnail","7":"category-golf","8":"tag-fr","9":"tag-france","10":"tag-golf","11":"tag-sports"},"share_on_mastodon":{"url":"https:\/\/pubeurope.com\/@fr\/115120822229846854","error":""},"_links":{"self":[{"href":"https:\/\/www.europesays.com\/fr\/wp-json\/wp\/v2\/posts\/355554","targetHints":{"allow":["GET"]}}],"collection":[{"href":"https:\/\/www.europesays.com\/fr\/wp-json\/wp\/v2\/posts"}],"about":[{"href":"https:\/\/www.europesays.com\/fr\/wp-json\/wp\/v2\/types\/post"}],"author":[{"embeddable":true,"href":"https:\/\/www.europesays.com\/fr\/wp-json\/wp\/v2\/users\/2"}],"replies":[{"embeddable":true,"href":"https:\/\/www.europesays.com\/fr\/wp-json\/wp\/v2\/comments?post=355554"}],"version-history":[{"count":0,"href":"https:\/\/www.europesays.com\/fr\/wp-json\/wp\/v2\/posts\/355554\/revisions"}],"wp:featuredmedia":[{"embeddable":true,"href":"https:\/\/www.europesays.com\/fr\/wp-json\/wp\/v2\/media\/355555"}],"wp:attachment":[{"href":"https:\/\/www.europesays.com\/fr\/wp-json\/wp\/v2\/media?parent=355554"}],"wp:term":[{"taxonomy":"category","embeddable":true,"href":"https:\/\/www.europesays.com\/fr\/wp-json\/wp\/v2\/categories?post=355554"},{"taxonomy":"post_tag","embeddable":true,"href":"https:\/\/www.europesays.com\/fr\/wp-json\/wp\/v2\/tags?post=355554"}],"curies":[{"name":"wp","href":"https:\/\/api.w.org\/{rel}","templated":true}]}}