{"id":355558,"date":"2025-08-31T01:40:15","date_gmt":"2025-08-31T01:40:15","guid":{"rendered":"https:\/\/www.europesays.com\/fr\/355558\/"},"modified":"2025-08-31T01:40:15","modified_gmt":"2025-08-31T01:40:15","slug":"jannik-sinner-ecarte-difficilement-denis-shapovalov-au-3e-tour-de-lus-open-lequipe","status":"publish","type":"post","link":"https:\/\/www.europesays.com\/fr\/355558\/","title":{"rendered":"Jannik Sinner \u00e9carte difficilement Denis Shapovalov au 3e tour de l&#039;US Open &#8211; L&#039;\u00c9quipe"},"content":{"rendered":"<ol>\n<li><a href=\"https:\/\/news.google.com\/rss\/articles\/CBMiwgFBVV95cUxNUHBhMHB5aW4wMWdid1lLZWFxcGpPODlyMVlMa1JoTjJhYm4yWUN2Ym5IOHpzbVM2SWxKSXZVci1jUnF6aTUzcnVpa1I0N0huLXRGSWg0bXJLSVZqRVlrcDc4Z2VTcXRnT0c0ZWNLaG1vNjE5c0FaRVdUQ2NhQzZHb29WbnFoNTctVmZHZ1pQQ3JGa3NZV1BoTnhEYUdYdnVQYXNXWERJenlhNEI0WGgtSlZVcE82YnNoUTlmRU5tSFRvdw?oc=5\" target=\"_blank\" rel=\"nofollow noopener\">Jannik Sinner \u00e9carte difficilement Denis Shapovalov au 3e tour de l&rsquo;US Open<\/a>&nbsp;&nbsp;L&rsquo;\u00c9quipe<\/li>\n<li><a href=\"https:\/\/news.google.com\/rss\/articles\/CBMiqgJBVV95cUxNRGJPUDdjQVYwQ3pIOUxvelRDd2pSY0pkS01HRU9KWlpoTTBJazJtemY5XzhSbFZVWjNJY3Q3OHVaMmRvN1A5R2dMcXlaM1FvQlhZdFMwZmYyTDRJdWRtNFBGajJLQTdqTlZJRGJ4cGdtdkFzeHZBQVNHN05IZ0F4YjZCWEE5SDRKbmhWVEo1c3hNdUoxUjBMSzg0Rk4zVEhYVHNUWDd5azFWMzdDa3g2ZkhHUzNnZ3RuSnJicnJmeUQ4RExfdk1UVzFiVkw1eE92bEdBZTc5MXlZNk5MeGpRT28ydW1kYWJQeHJ0MjFXTU1QYWs4cGpuWDd5VnZFVV8xUzVNbnVMQWFIeTZJNzcyYlZad2Vkb3IybEpmSG5helZRMkxZN2otTTFR?oc=5\" target=\"_blank\" rel=\"nofollow noopener\">Sinner, premier test valid\u00e9 !<\/a>&nbsp;&nbsp;Eurosport<\/li>\n<li><a href=\"https:\/\/news.google.com\/rss\/articles\/CBMikgJBVV95cUxOa0FRYWpGb3lPYml0WlR2NkFfSWFNcEVFRTJ3UlJIZ1ZoTlpnUm85clBUU2cweHVKSXNrWFNyUGJFOUsyQ0JVWkprVHpRWDRjckxCeUpVWVdBYWtuX3d4eXpvSkVZWDhXWi1nY3BRTnNIenJNRFJ2bEtzU3lqYzFqMUdXQmY5cE9raTdsRlZwUlVaQUpDRUhlYzBySVpZNWFHa21ma2RHLWhWWlhjbkU5Mi1Ld2RaQmFfV25sVFlhR3JQUHQ2UnZINzZZenQybjAwdlMzekdiUDhMTFpsbE9DcVhwYWU4OUZjU0RFVk1kN2FUaUJVam1iRlhZXzdlYWRNTDQ3MFNQM0hzODhPR1o0WWZn?oc=5\" target=\"_blank\" rel=\"nofollow noopener\">Bataille du fond du court, amorties et lob prodigieux&#8230; Le point fou marqu\u00e9 par Jannik Sinner contre Denis Shapovalov \u00e0 l&rsquo;US Open en vid\u00e9o<\/a>&nbsp;&nbsp;L&rsquo;\u00c9quipe<\/li>\n<li><a href=\"https:\/\/news.google.com\/rss\/articles\/CBMi4wFBVV95cUxOV0ZuOFdvNm1pNFYyX1ZNQ0lpUkdPTnVxRXhIeHNjUEdTQTQxejZ6enJIZnAweTV5RUU3RnB3T1BacDl1TE9GY0dQSWR1MXVMZGZZSDZHLTlYZlM0czlxd3M4cEN3b3Njd2xRM3llb3pTZGI4bEsxVFJ6cm9Kekxfd1o1NVBKQ3JWNFVCNzlxbkFTdzF3WUcteTNXYzlJZ3BYZXA5Mk5FSFNTZkQ0RXlSdEw2MHRpSHJ4NjJrUTRvMll3Wjk5QVhIeDFoRFdZLXlGTEhEcTNlamJzdVVoOThWUUMwaw?oc=5\" target=\"_blank\" rel=\"nofollow noopener\">US Open (H) 2025 &#8211; Le tableau, le direct et les r\u00e9sultats<\/a>&nbsp;&nbsp;Ski-nordique<\/li>\n<li><a href=\"https:\/\/news.google.com\/rss\/articles\/CBMiugFBVV95cUxQc2dsQ1NFWjhtT0RNdDF5TkI5dnN0RnpHdHB6Vlp4UXpnMjMxel8zZG83eDhJU1BnNnhfb2VrZ0JMX0xhWlhldS1LNFVWanY5d1VmRzNqTjVpOGdQajYtTW9Od09YZ09HbURWcF9HWTBNMXhJRDZqZFcxRW9lWHRUU0FHQmJtZzdSNjhUYTVwNlFOd3VIRXdrRE9XZU9oVHVPZW1MdlBEMkZJaF80c0E2Mk1RTXZ4VXJnVGfSAbgBQVVfeXFMUGxMOU94TkJBSE1OTDdhb2NHN2c4ckxvcVQzN2FVdnljT0cyd1NBWjExRnBaS0FTdWZDU0NYOGdpNHZHNWk3eGZqT1RwbkU3b010Vk5aYWdFZ1ktdUZNc3lPb0l5OGdjX1pDYUk3ZEdtc0dmQmFzY25pY3U1ckw3Ry1SN3JzWkdsYTlTT0w2bmJmS0tFRGNsRVJGVkI4dy1MTnMtYUp2aXBzM2tycHhoamE1NHJEb0pHQg?oc=5\" target=\"_blank\" rel=\"nofollow noopener\">US Open (H) : Sinner difficile vainqueur de Shapovalov<\/a>&nbsp;&nbsp;Orange Actualit\u00e9s | Sports<\/li>\n<\/ol>\n","protected":false},"excerpt":{"rendered":"Jannik Sinner \u00e9carte difficilement Denis Shapovalov au 3e tour de l&rsquo;US Open&nbsp;&nbsp;L&rsquo;\u00c9quipe Sinner, premier test valid\u00e9 !&nbsp;&nbsp;Eurosport Bataille&hellip;\n","protected":false},"author":2,"featured_media":355559,"comment_status":"","ping_status":"","sticky":false,"template":"","format":"standard","meta":{"footnotes":""},"categories":[1415],"tags":[1011,27,60,1467],"class_list":{"0":"post-355558","1":"post","2":"type-post","3":"status-publish","4":"format-standard","5":"has-post-thumbnail","7":"category-tennis","8":"tag-fr","9":"tag-france","10":"tag-sports","11":"tag-tennis"},"share_on_mastodon":{"url":"https:\/\/pubeurope.com\/@fr\/115120833970768370","error":""},"_links":{"self":[{"href":"https:\/\/www.europesays.com\/fr\/wp-json\/wp\/v2\/posts\/355558","targetHints":{"allow":["GET"]}}],"collection":[{"href":"https:\/\/www.europesays.com\/fr\/wp-json\/wp\/v2\/posts"}],"about":[{"href":"https:\/\/www.europesays.com\/fr\/wp-json\/wp\/v2\/types\/post"}],"author":[{"embeddable":true,"href":"https:\/\/www.europesays.com\/fr\/wp-json\/wp\/v2\/users\/2"}],"replies":[{"embeddable":true,"href":"https:\/\/www.europesays.com\/fr\/wp-json\/wp\/v2\/comments?post=355558"}],"version-history":[{"count":0,"href":"https:\/\/www.europesays.com\/fr\/wp-json\/wp\/v2\/posts\/355558\/revisions"}],"wp:featuredmedia":[{"embeddable":true,"href":"https:\/\/www.europesays.com\/fr\/wp-json\/wp\/v2\/media\/355559"}],"wp:attachment":[{"href":"https:\/\/www.europesays.com\/fr\/wp-json\/wp\/v2\/media?parent=355558"}],"wp:term":[{"taxonomy":"category","embeddable":true,"href":"https:\/\/www.europesays.com\/fr\/wp-json\/wp\/v2\/categories?post=355558"},{"taxonomy":"post_tag","embeddable":true,"href":"https:\/\/www.europesays.com\/fr\/wp-json\/wp\/v2\/tags?post=355558"}],"curies":[{"name":"wp","href":"https:\/\/api.w.org\/{rel}","templated":true}]}}