{"id":355560,"date":"2025-08-31T01:42:14","date_gmt":"2025-08-31T01:42:14","guid":{"rendered":"https:\/\/www.europesays.com\/fr\/355560\/"},"modified":"2025-08-31T01:42:14","modified_gmt":"2025-08-31T01:42:14","slug":"motogp-hongrie-j3-alex-rins-yamaha-13-le-seul-point-positif-cest-que-jai-appris-a-accepter-la-frustration","status":"publish","type":"post","link":"https:\/\/www.europesays.com\/fr\/355560\/","title":{"rendered":"MotoGP, Hongrie J3, \u00c1lex Rins (Yamaha\/13) : \u00ab\u00a0Le seul point positif, c&rsquo;est que j&rsquo;ai appris \u00e0 accepter la frustration\u00a0\u00bb"},"content":{"rendered":"<p><strong>\u00c1lex Rins a encore v\u00e9cu un Grand Prix compliqu\u00e9 en<br \/>\nHongrie et d\u00e9sesp\u00e8re de voir Yamaha sans solutions pour<br \/>\nl\u2019instant.<\/strong><\/p>\n<p>Les temps sont durs pour le clan Yamaha, et particuli\u00e8rement<br \/>\npour <strong>\u00c1lex Rins<\/strong>. Si son co\u00e9quipier Fabio Quartararo<br \/>\na tout de m\u00eame r\u00e9ussi \u00e0 \u00e9voluer aux avant-postes durant la saison<br \/>\net \u00e0 d\u00e9crocher de solides r\u00e9sultats, et que <a href=\"https:\/\/www.paddock-gp.com\/motogp-hongrie-j3-jack-miller-yamaha-ab-jai-le-sentiment-davoir-manque-une-opportunite\" target=\"_blank\" rel=\"noopener\">Jack Miller chez Pramac<\/a> a pu<br \/>\nr\u00e9aliser quelques coups d\u2019\u00e9clats, du c\u00f4t\u00e9 du pilote espagnol la<br \/>\nsituation est extr\u00eamement compliqu\u00e9e, avec un seul top 10 \u00e0 son<br \/>\nactif.<\/p>\n<p>Sur le circuit du Balaton Park, les choses pouvaient<br \/>\ndifficilement s\u2019arranger puisque ses sp\u00e9cificit\u00e9s tr\u00e8s \u00e9triqu\u00e9es<br \/>\nl\u2019ont rendu particuli\u00e8rement compliqu\u00e9e pour la Yamaha.<br \/>\n<strong>Rins<\/strong> a ainsi termin\u00e9 dernier de la journ\u00e9e du<br \/>\nvendredi, et s\u2019est qualifi\u00e9 en avant-derni\u00e8re position samedi, pour<br \/>\nd\u00e9crocher la 16e place en course sprint. Lors de la course<br \/>\nprincipale, il n\u2019a pas \u00e9t\u00e9 en mesure de remonter au classement,<br \/>\nexcept\u00e9 deux places gagn\u00e9es dans les deux premiers tours.<\/p>\n<p>Seules les chutes de ses adversaires lui ont permis de d\u00e9crocher<br \/>\nla 13e place \u00e0 l\u2019arriv\u00e9e. Plus que ce r\u00e9sultat, le num\u00e9ro #42 est<br \/>\nfrustr\u00e9 par la situation, lui qui a remport\u00e9 des courses par le<br \/>\npass\u00e9. Particuli\u00e8rement en difficult\u00e9 lors des premiers tours, il<br \/>\nreconna\u00eet que lui et le clan Yamaha restent sans solution, et qu\u2019il<br \/>\napprend d\u00e9sormais \u00e0 ronger son frein.<\/p>\n<p><img loading=\"lazy\" decoding=\"async\" class=\"aligncenter size-full wp-image-1324015\" src=\"https:\/\/www.europesays.com\/fr\/wp-content\/uploads\/2025\/08\/yfr_editorial_use_pictures_20356242570_3.jpg\" alt=\"Alex Rins HOngrie\" width=\"800\" height=\"533\"  \/><\/p>\n<p>\u00ab\u00a0J\u2019ai r\u00e9ussi \u00e0 rouler en 1\u201938 bas vers la fin de la<br \/>\ncourse, mais pas au d\u00e9part. C\u2019est un point sur lequel on doit<br \/>\ntravailler, parce que je n\u2019avais pas de bonnes sensations sur les<br \/>\nneuf premiers tours et je n\u2019arrivais pas \u00e0 suivre Zarco ou Ogura<br \/>\nqui \u00e9taient devant moi. C\u2019est p\u00e9nible parce qu\u2019il y a beaucoup<br \/>\nd\u2019instabilit\u00e9 et je dois freiner plusieurs m\u00e8tres avant les autres,<br \/>\nmais avec ces vibrations, j\u2019arrive \u00e0 arr\u00eater la moto. On a eu<br \/>\nbeaucoup de difficult\u00e9s avec l\u2019\u00e9lectronique sur ce circuit. On est<br \/>\nperdus, et aujourd\u2019hui, l\u2019\u00e9lectronique est primordiale\u00a0\u00bb,<br \/>\na-t-il d\u00e9clar\u00e9.<\/p>\n<p>\u00ab\u00a0Le seul point positif, c\u2019est que j\u2019ai appris \u00e0<br \/>\naccepter la frustration et \u00e0 la g\u00e9rer. On est toujours dans le m\u00eame<br \/>\n\u00e9tat d\u2019esprit, sans comprendre ce qui se passe, et Yamaha n\u2019a pas<br \/>\nde r\u00e9ponse non plus.\u00a0\u00bb<\/p>\n<p><strong>R\u00e9sultats du Grand Prix de Hongrie<\/strong><\/p>\n<p><img loading=\"lazy\" decoding=\"async\" class=\"aligncenter size-full wp-image-1322743\" src=\"https:\/\/www.europesays.com\/fr\/wp-content\/uploads\/2025\/08\/gp-1.jpg\" alt=\"\" width=\"800\" height=\"1048\"  \/><\/p>\n<p>Cr\u00e9dit classement : <a href=\"https:\/\/www.motogp.com\/fr\" target=\"_blank\" rel=\"noopener\">MotoGP.com<\/a><\/p>\n","protected":false},"excerpt":{"rendered":"\u00c1lex Rins a encore v\u00e9cu un Grand Prix compliqu\u00e9 en Hongrie et d\u00e9sesp\u00e8re de voir Yamaha sans solutions&hellip;\n","protected":false},"author":2,"featured_media":355561,"comment_status":"","ping_status":"","sticky":false,"template":"","format":"standard","meta":{"footnotes":""},"categories":[1413],"tags":[1011,27,1457,1456,60],"class_list":{"0":"post-355560","1":"post","2":"type-post","3":"status-publish","4":"format-standard","5":"has-post-thumbnail","7":"category-moto","8":"tag-fr","9":"tag-france","10":"tag-moto","11":"tag-motocycle","12":"tag-sports"},"share_on_mastodon":{"url":"https:\/\/pubeurope.com\/@fr\/115120842267380899","error":""},"_links":{"self":[{"href":"https:\/\/www.europesays.com\/fr\/wp-json\/wp\/v2\/posts\/355560","targetHints":{"allow":["GET"]}}],"collection":[{"href":"https:\/\/www.europesays.com\/fr\/wp-json\/wp\/v2\/posts"}],"about":[{"href":"https:\/\/www.europesays.com\/fr\/wp-json\/wp\/v2\/types\/post"}],"author":[{"embeddable":true,"href":"https:\/\/www.europesays.com\/fr\/wp-json\/wp\/v2\/users\/2"}],"replies":[{"embeddable":true,"href":"https:\/\/www.europesays.com\/fr\/wp-json\/wp\/v2\/comments?post=355560"}],"version-history":[{"count":0,"href":"https:\/\/www.europesays.com\/fr\/wp-json\/wp\/v2\/posts\/355560\/revisions"}],"wp:featuredmedia":[{"embeddable":true,"href":"https:\/\/www.europesays.com\/fr\/wp-json\/wp\/v2\/media\/355561"}],"wp:attachment":[{"href":"https:\/\/www.europesays.com\/fr\/wp-json\/wp\/v2\/media?parent=355560"}],"wp:term":[{"taxonomy":"category","embeddable":true,"href":"https:\/\/www.europesays.com\/fr\/wp-json\/wp\/v2\/categories?post=355560"},{"taxonomy":"post_tag","embeddable":true,"href":"https:\/\/www.europesays.com\/fr\/wp-json\/wp\/v2\/tags?post=355560"}],"curies":[{"name":"wp","href":"https:\/\/api.w.org\/{rel}","templated":true}]}}