{"id":355562,"date":"2025-08-31T01:43:26","date_gmt":"2025-08-31T01:43:26","guid":{"rendered":"https:\/\/www.europesays.com\/fr\/355562\/"},"modified":"2025-08-31T01:43:26","modified_gmt":"2025-08-31T01:43:26","slug":"saison-2025-grand-prix-ditalie-formule-1-grand-prix-ditalie","status":"publish","type":"post","link":"https:\/\/www.europesays.com\/fr\/355562\/","title":{"rendered":"Saison 2025 &#8211; Grand Prix d&rsquo;Italie &#8211; Formule 1 : Grand Prix d&rsquo;Italie"},"content":{"rendered":"<p>            R\u00e9sum\u00e9 du programme<\/p>\n<p>\n                Vainqueur du Grand Prix des Pays-Bas, le Britannique Lando Norris est au coude \u00e0 coude avec Oscar Piastri pour la premi\u00e8re place du classement des pilotes. Norris compte sur sa forme actuelle, trois victoires sur quatre courses, pour remporter pour la premi\u00e8re fois ce Grand Prix d&rsquo;Italie. Piastri, qui n&rsquo;a pas dit son dernier mot avec sa conduite agressive, souhaite prendre le meilleur sur son adversaire. Attention toutefois \u00e0 ne pas oublier le champion du monde en titre, Max Verstappen.\n            <\/p>\n","protected":false},"excerpt":{"rendered":"R\u00e9sum\u00e9 du programme Vainqueur du Grand Prix des Pays-Bas, le Britannique Lando Norris est au coude \u00e0 coude&hellip;\n","protected":false},"author":2,"featured_media":39176,"comment_status":"","ping_status":"","sticky":false,"template":"","format":"standard","meta":{"footnotes":""},"categories":[1412],"tags":[22593,1451,1452,1453,1454,49163,1455,1011,27,5240,60],"class_list":{"0":"post-355562","1":"post","2":"type-post","3":"status-publish","4":"format-standard","5":"has-post-thumbnail","7":"category-f1","8":"tag-emissionsportive","9":"tag-f1","10":"tag-formula-1","11":"tag-formula1","12":"tag-formule-1","13":"tag-formule-1-grand-prix-ditalie","14":"tag-formule1","15":"tag-fr","16":"tag-france","17":"tag-programme","18":"tag-sports"},"share_on_mastodon":{"url":"https:\/\/pubeurope.com\/@fr\/115120845878230434","error":""},"_links":{"self":[{"href":"https:\/\/www.europesays.com\/fr\/wp-json\/wp\/v2\/posts\/355562","targetHints":{"allow":["GET"]}}],"collection":[{"href":"https:\/\/www.europesays.com\/fr\/wp-json\/wp\/v2\/posts"}],"about":[{"href":"https:\/\/www.europesays.com\/fr\/wp-json\/wp\/v2\/types\/post"}],"author":[{"embeddable":true,"href":"https:\/\/www.europesays.com\/fr\/wp-json\/wp\/v2\/users\/2"}],"replies":[{"embeddable":true,"href":"https:\/\/www.europesays.com\/fr\/wp-json\/wp\/v2\/comments?post=355562"}],"version-history":[{"count":0,"href":"https:\/\/www.europesays.com\/fr\/wp-json\/wp\/v2\/posts\/355562\/revisions"}],"wp:featuredmedia":[{"embeddable":true,"href":"https:\/\/www.europesays.com\/fr\/wp-json\/wp\/v2\/media\/39176"}],"wp:attachment":[{"href":"https:\/\/www.europesays.com\/fr\/wp-json\/wp\/v2\/media?parent=355562"}],"wp:term":[{"taxonomy":"category","embeddable":true,"href":"https:\/\/www.europesays.com\/fr\/wp-json\/wp\/v2\/categories?post=355562"},{"taxonomy":"post_tag","embeddable":true,"href":"https:\/\/www.europesays.com\/fr\/wp-json\/wp\/v2\/tags?post=355562"}],"curies":[{"name":"wp","href":"https:\/\/api.w.org\/{rel}","templated":true}]}}