{"id":355567,"date":"2025-08-31T01:46:12","date_gmt":"2025-08-31T01:46:12","guid":{"rendered":"https:\/\/www.europesays.com\/fr\/355567\/"},"modified":"2025-08-31T01:46:12","modified_gmt":"2025-08-31T01:46:12","slug":"pascal-bataille-donne-de-ses-nouvelles-pour-linstant-je-suis-en-pleine-forme-jai-un-nouveau-controle-en-octobre","status":"publish","type":"post","link":"https:\/\/www.europesays.com\/fr\/355567\/","title":{"rendered":"Pascal Bataille donne de ses nouvelles : \u00ab\u00a0Pour l&rsquo;instant je suis en pleine forme, j&rsquo;ai un nouveau contr\u00f4le en octobre\u00a0\u00bb"},"content":{"rendered":"<p>            <img loading=\"lazy\" decoding=\"async\" src=\"https:\/\/www.europesays.com\/fr\/wp-content\/uploads\/2025\/04\/49-60dc2c1e154d9-35x35-1.jpg\" class=\"author-article-picture\" width=\"35\" height=\"35\"\/><\/p>\n<p>                Par<br \/>\n                                    <a class=\"author-article-bio-link\" href=\"https:\/\/www.purepeople.com\/auteur\/anouchka-volkov_a49\" rel=\"nofollow noopener\" target=\"_blank\">Anouchka Volkov<\/a><br \/>\n                                                    | R\u00e9dactrice<\/p>\n<p>\n                Anouchka m\u00e8ne l\u2019enqu\u00eate pour d\u00e9nicher et trouver tous les scoops li\u00e9s aux stars.\n            <\/p>\n<p>\n    En 2024, Pascal Bataille apprenait qu&rsquo;il avait un cancer du poumon apr\u00e8s avoir pass\u00e9 une IRM pour une simple toux. Un an plus tard, l&rsquo;animateur de 65 ans a \u00e9voqu\u00e9 sa maladie dans le magazine \u00ab\u00a0T\u00e9l\u00e9 Star\u00a0\u00bb.\n<\/p>\n<p>                            <img loading=\"lazy\" decoding=\"async\" class=\"player-thumbnail\" src=\"https:\/\/www.europesays.com\/fr\/wp-content\/uploads\/2025\/08\/51a8dba62337fb98-580x326-2.jpg\" width=\"580\" height=\"326\"\/><\/p>\n<p>                    Pascal Bataille donne de ses nouvelles : \u00ab\u00a0Pour l&rsquo;instant je suis en pleine forme, j&rsquo;ai un nouveau contr\u00f4le en octobre\u00a0\u00bb<\/p>\n<p>La suite apr\u00e8s la publicit\u00e9<\/p>\n<p>Interview\u00e9 par T\u00e9l\u00e9 Star,<strong> <\/strong><a href=\"https:\/\/www.purepeople.com\/article\/elle-ne-me-quitte-pas-depuis-dix-huit-mois-pascal-bataille-bien-accompagne-au-quotidien-les-femmes-sont-prevenues_a538725\/1\" rel=\"nofollow noopener\" target=\"_blank\"><strong>Pascal Bataille<\/strong><\/a><strong> a donn\u00e9 des nouvelles rassurantes concernant son \u00e9tat de sant\u00e9.<\/strong> Diagnostiqu\u00e9 il y a un an <a href=\"https:\/\/www.purepeople.com\/article\/exclu-les-gens-qui-en-ont-le-savent-la-vie-de-pascal-bataille-nest-plus-la-meme-depuis-des-annees-il-raconte-comment-son-quotidien-est-impacte_a538191\/1\" rel=\"nofollow noopener\" target=\"_blank\">d&rsquo;un cancer du poumon<\/a>, l&rsquo;animateur de l&rsquo;\u00e9mission <a href=\"https:\/\/www.purepeople.com\/article\/y-a-que-la-verite-qui-compte-des-participants-confrontes-a-des-souvenirs-douloureux-ils-n-acceptent-pas_a520291\/1\" rel=\"nofollow noopener\" target=\"_blank\">Y&rsquo;a que la v\u00e9rit\u00e9 qui compte<\/a> et acolyte de <a href=\"https:\/\/www.purepeople.com\/article\/excu-laurent-fontaine-plus-que-mes-collegues-ou-mes-amis-c-est-avec-mes-grands-enfants-que-je-passe-le-plus-de-temps_a527305\/1\" rel=\"nofollow noopener\" target=\"_blank\">Laurent Fontaine<\/a> se porte mieux et a \u00e9t\u00e9 op\u00e9r\u00e9 en janvier dernier. Il explique : \u00ab\u00a0<strong>Pour l&rsquo;instant, je suis en pleine forme. J&rsquo;ai un nouveau contr\u00f4le en octobre<\/strong>. En France, on r\u00e2le souvent l\u00e9gitimement, mais il faut souligner la qualit\u00e9 du personnel m\u00e9dical, envers qui je suis tr\u00e8s reconnaissant. Je vais d&rsquo;ailleurs bient\u00f4t devenir l&rsquo;un des ambassadeurs d&rsquo;un nouveau programme de d\u00e9pistage pr\u00e9coce du cancer du poumon !\u00a0\u00bb.<\/p>\n<p>L&rsquo;animateur avait en effet d\u00e9couvert son cancer apr\u00e8s avoir consult\u00e9 pour <a href=\"https:\/\/www.purepeople.com\/article\/on-a-pense-a-un-covid-long-puis-a-du-reflux-pascal-bataille-face-a-de-graves-erreurs-de-diagnostic-mettre-un-nom-sur-ses-maux-a-pris-des-mois_a533741\/1\" rel=\"nofollow noopener\" target=\"_blank\">une simple toux fin\u00a02023<\/a>. Si les m\u00e9decins suspectent dans un premier temps une allergie, un IRM r\u00e9v\u00e8lera finalement la pr\u00e9sence d&rsquo;une tumeur. Pascal Bataille a ensuite d\u00e9marr\u00e9 des s\u00e9ances d\u2019immunoth\u00e9rapie et de la chimioth\u00e9rapie.<\/p>\n<p>Pascal Bataille a subi une lourde intervention<\/p>\n<p>Bient\u00f4t de retour sur W9 (ndlr : il officiait auparavant sur la chaine <a href=\"https:\/\/www.purepeople.com\/article\/fermeture-de-c8-une-personnalite-de-la-chaine-fille-de-celebres-animateurs-a-deja-tourne-la-page-et-rejoint-un-autre-groupe_a535921\/1\" rel=\"nofollow noopener\" target=\"_blank\">C8 qui a \u00e9t\u00e9 ferm\u00e9e<\/a>), Pascal Bataille avait \u00e9t\u00e9 notre invit\u00e9 exclusif <a href=\"https:\/\/www.purepeople.com\/article\/exclu-jai-deguste-comme-rarement-passe-entre-les-mains-des-chirurgiens-pascal-bataille-a-traverse-un-passage-a-vide_a538269\/1\" rel=\"nofollow noopener\" target=\"_blank\">dans notre \u00e9mission En priv\u00e9 avec<\/a>. Il nous avait livr\u00e9 avec \u00e9motion les sentiments qu&rsquo;il avait pu ressentir apr\u00e8s son op\u00e9ration chirurgicale qui s&rsquo;\u00e9tait av\u00e9r\u00e9e tr\u00e8s lourde. Un souvenir p\u00e9nible pour l&rsquo;animateur et producteur de 65 ans qui avait admis avoir \u00e9t\u00e9 un gros fumeur dans le pass\u00e9 mais qui avait arr\u00eat\u00e9 la cigarette il y a 23 ans.<\/p>\n<p>\u00ab\u00a0Les moments les plus difficiles \u00e7a a \u00e9t\u00e9 apr\u00e8s l&rsquo;op\u00e9ration, car elle a des suites tr\u00e8s douloureuses. <strong>J&rsquo;ai une grosse cicatrice dans le dos. Il faut d\u00e9couper les c\u00f4tes, il faut d\u00e9couper les muscles, il faut d\u00e9couper les tissus pour atteindre le poumon et enlever le bout qui doit \u00eatre enlev\u00e9. <\/strong>Vous savez que les gar\u00e7ons, on est tr\u00e8s douillets. Mais l\u00e0, <strong>j&rsquo;ai d\u00e9gust\u00e9 comme rarement j&rsquo;ai d\u00e9gust\u00e9 dans ma vie.<\/strong> Et il y a eu une ou deux nuit o\u00f9, je n&rsquo;ai pas perdu le moral, mais j&rsquo;ai perdu un peu la combativit\u00e9\u00a0\u00bb, a-t-il confi\u00e9. Depuis, <a href=\"https:\/\/www.purepeople.com\/article\/lorsque-je-vais-me-coucher-pascal-bataille-en-remission-mais-toujours-tourmente-par-sa-sante-sa-vie-completement-bouleversee_a536854\/1\" rel=\"nofollow noopener\" target=\"_blank\">Pascal Bataille a r\u00e9v\u00e9l\u00e9 \u00eatre en r\u00e9mission<\/a>. Une tr\u00e8s bonne nouvelle pour le producteur et ses proches.<\/p>\n","protected":false},"excerpt":{"rendered":"Par Anouchka Volkov | R\u00e9dactrice Anouchka m\u00e8ne l\u2019enqu\u00eate pour d\u00e9nicher et trouver tous les scoops li\u00e9s aux stars.&hellip;\n","protected":false},"author":2,"featured_media":355568,"comment_status":"","ping_status":"","sticky":false,"template":"","format":"standard","meta":{"footnotes":""},"categories":[1359],"tags":[58,59,1011,27,973],"class_list":{"0":"post-355567","1":"post","2":"type-post","3":"status-publish","4":"format-standard","5":"has-post-thumbnail","7":"category-people","8":"tag-divertissement","9":"tag-entertainment","10":"tag-fr","11":"tag-france","12":"tag-people"},"share_on_mastodon":{"url":"https:\/\/pubeurope.com\/@fr\/115120858036412883","error":""},"_links":{"self":[{"href":"https:\/\/www.europesays.com\/fr\/wp-json\/wp\/v2\/posts\/355567","targetHints":{"allow":["GET"]}}],"collection":[{"href":"https:\/\/www.europesays.com\/fr\/wp-json\/wp\/v2\/posts"}],"about":[{"href":"https:\/\/www.europesays.com\/fr\/wp-json\/wp\/v2\/types\/post"}],"author":[{"embeddable":true,"href":"https:\/\/www.europesays.com\/fr\/wp-json\/wp\/v2\/users\/2"}],"replies":[{"embeddable":true,"href":"https:\/\/www.europesays.com\/fr\/wp-json\/wp\/v2\/comments?post=355567"}],"version-history":[{"count":0,"href":"https:\/\/www.europesays.com\/fr\/wp-json\/wp\/v2\/posts\/355567\/revisions"}],"wp:featuredmedia":[{"embeddable":true,"href":"https:\/\/www.europesays.com\/fr\/wp-json\/wp\/v2\/media\/355568"}],"wp:attachment":[{"href":"https:\/\/www.europesays.com\/fr\/wp-json\/wp\/v2\/media?parent=355567"}],"wp:term":[{"taxonomy":"category","embeddable":true,"href":"https:\/\/www.europesays.com\/fr\/wp-json\/wp\/v2\/categories?post=355567"},{"taxonomy":"post_tag","embeddable":true,"href":"https:\/\/www.europesays.com\/fr\/wp-json\/wp\/v2\/tags?post=355567"}],"curies":[{"name":"wp","href":"https:\/\/api.w.org\/{rel}","templated":true}]}}