{"id":35557,"date":"2025-04-19T03:59:10","date_gmt":"2025-04-19T03:59:10","guid":{"rendered":"https:\/\/www.europesays.com\/fr\/35557\/"},"modified":"2025-04-19T03:59:10","modified_gmt":"2025-04-19T03:59:10","slug":"municipales-a-la-seyne-lappel-du-ps-a-une-primaire-citoyenne-locale-et-ouverte","status":"publish","type":"post","link":"https:\/\/www.europesays.com\/fr\/35557\/","title":{"rendered":"Municipales \u00e0 La Seyne: l\u2019appel du PS \u00e0 une primaire citoyenne locale et ouverte"},"content":{"rendered":"<p>Le temps est compt\u00e9. Lors d\u2019une conf\u00e9rence de presse, ce vendredi matin \u00e0 la brasserie La Fr\u00e9gate, le Parti socialiste (PS) seynois en appelle aux forces de gauche unies (1) pour l\u2019organisation d\u2019une primaire ouverte, citoyenne locale de la gauche et de l\u2019\u00e9cologie, en vue de la d\u00e9signation d\u2019une t\u00eate de liste aux \u00e9lections municipales de 2026.<\/p>\n<p>\u00ab\u00a0Alors que nous sommes confront\u00e9s \u00e0 un v\u00e9ritable d\u00e9ni d\u00e9mocratique de la part de la majorit\u00e9 actuelle, j\u2019en prends pour exemple les sujets de la corniche de Tamaris ou celui des transports collectifs, pour lesquels il y a une absence de concertation et de d\u00e9mocratie participative, nous devons r\u00e9pondre \u00e0 l\u2019attente des Seynois qui est d\u2019exercer activement leur citoyennet\u00e9\u00a0\u00bb, a appuy\u00e9 le conseiller municipal d\u2019opposition Olivier Andrau, chef de file du PS pour les municipales qui animait la r\u00e9union avec Guillaume Bonnamour, secr\u00e9taire adjoint de la section PS de La Seyne.<\/p>\n<p>Et de poursuivre: \u00ab\u00a0Nous consid\u00e9rons qu\u2019il serait irresponsable de partir divis\u00e9 \u00e0 cette \u00e9lection. Nous avons envoy\u00e9 cette proposition de primaire \u00e0 tous nos partenaires avec qui nous avons d\u00e9j\u00e0 \u00e9voqu\u00e9 le sujet lors de nos r\u00e9unions de parti. Nous rendons cette d\u00e9marche publique car nous voulons nous adresser au plus grand nombre de nos citoyens\u00a0\u00bb.<\/p>\n<p>Concr\u00e8tement, la primaire serait ouverte \u00e0 tous les citoyens inscrits sur les listes \u00e9lectorales, et aux plus jeunes \u00e2g\u00e9s de 16 \u00e0 18 ans. Elle pourrait \u00eatre organis\u00e9e fin septembre \u00e0 la suite d\u2019une minicampagne. \u00ab\u00a0Le mois dernier nous avons r\u00e9uni et \u00e9cout\u00e9 300 citoyens non politis\u00e9s qui ont exprim\u00e9 leurs attentes sur leur vie quotidienne, l\u2019exigence et les ambitions qu\u2019ils nourrissent \u00e0 l\u2019\u00e9gard de leurs \u00e9lus. Ils nous obligent et nous motivent \u00e0 engager au maximum l\u2019initiative citoyenne\u00a0\u00bb, a relev\u00e9 Guillaume Bonnamour.<\/p>\n<p>1. La gauche seynoise unie: Parti socialiste, les \u00c9cologistes (EELV), les deux groupes France insoumise, le Parti communiste fran\u00e7ais (PCF), la Gauche r\u00e9publicaine et socialiste (GRS), Place publique, R\u00e9gions et peuples solidaires ont \u00e9t\u00e9 sollicit\u00e9s.<\/p>\n","protected":false},"excerpt":{"rendered":"Le temps est compt\u00e9. Lors d\u2019une conf\u00e9rence de presse, ce vendredi matin \u00e0 la brasserie La Fr\u00e9gate, le&hellip;\n","protected":false},"author":2,"featured_media":35558,"comment_status":"","ping_status":"","sticky":false,"template":"","format":"standard","meta":{"footnotes":""},"categories":[9619],"tags":[1111,11,1777,674,1011,27,12,882,25,2310,3366],"class_list":{"0":"post-35557","1":"post","2":"type-post","3":"status-publish","4":"format-standard","5":"has-post-thumbnail","7":"category-toulon","8":"tag-actu","9":"tag-actualites","10":"tag-eu","11":"tag-europe","12":"tag-fr","13":"tag-france","14":"tag-news","15":"tag-provence-alpes-cote-dazur","16":"tag-republique-francaise","17":"tag-toulon","18":"tag-vie-locale"},"share_on_mastodon":{"url":"https:\/\/pubeurope.com\/@fr\/114362631102414754","error":""},"_links":{"self":[{"href":"https:\/\/www.europesays.com\/fr\/wp-json\/wp\/v2\/posts\/35557","targetHints":{"allow":["GET"]}}],"collection":[{"href":"https:\/\/www.europesays.com\/fr\/wp-json\/wp\/v2\/posts"}],"about":[{"href":"https:\/\/www.europesays.com\/fr\/wp-json\/wp\/v2\/types\/post"}],"author":[{"embeddable":true,"href":"https:\/\/www.europesays.com\/fr\/wp-json\/wp\/v2\/users\/2"}],"replies":[{"embeddable":true,"href":"https:\/\/www.europesays.com\/fr\/wp-json\/wp\/v2\/comments?post=35557"}],"version-history":[{"count":0,"href":"https:\/\/www.europesays.com\/fr\/wp-json\/wp\/v2\/posts\/35557\/revisions"}],"wp:featuredmedia":[{"embeddable":true,"href":"https:\/\/www.europesays.com\/fr\/wp-json\/wp\/v2\/media\/35558"}],"wp:attachment":[{"href":"https:\/\/www.europesays.com\/fr\/wp-json\/wp\/v2\/media?parent=35557"}],"wp:term":[{"taxonomy":"category","embeddable":true,"href":"https:\/\/www.europesays.com\/fr\/wp-json\/wp\/v2\/categories?post=35557"},{"taxonomy":"post_tag","embeddable":true,"href":"https:\/\/www.europesays.com\/fr\/wp-json\/wp\/v2\/tags?post=35557"}],"curies":[{"name":"wp","href":"https:\/\/api.w.org\/{rel}","templated":true}]}}