{"id":355575,"date":"2025-08-31T01:50:12","date_gmt":"2025-08-31T01:50:12","guid":{"rendered":"https:\/\/www.europesays.com\/fr\/355575\/"},"modified":"2025-08-31T01:50:12","modified_gmt":"2025-08-31T01:50:12","slug":"max-cavalera-ecarte-un-nouvel-album-de-nailbomb","status":"publish","type":"post","link":"https:\/\/www.europesays.com\/fr\/355575\/","title":{"rendered":"Max Cavalera \u00e9carte un nouvel album de Nailbomb"},"content":{"rendered":"<p><strong>Alors que Nailbomb fait son retour sur sc\u00e8ne cet \u00e9t\u00e9, Max Cavalera affirme qu\u2019un nouvel album du projet culte n\u2019est pas \u00e0 l\u2019ordre du jour, pr\u00e9f\u00e9rant pr\u00e9server l\u2019aura unique de Point Blank.<\/strong><\/p>\n<p>Un retour sur sc\u00e8ne, mais pas en studio<\/p>\n<p>Dans une interview avec Bloodstock TV, Max Cavalera a expliqu\u00e9 pourquoi Nailbomb a repris du service pour une tourn\u00e9e europ\u00e9enne estivale, apr\u00e8s un concert remarqu\u00e9 en novembre 2024 \u00e0 Tempe (Arizona) : \u201cCe serait du g\u00e2chis de ne pas jouer \u00e7a en Europe, surtout dans des festivals. Nailbomb est n\u00e9 dans un festival, et on a repris la m\u00eame approche en formant un nouveau groupe avec nos musiciens pr\u00e9f\u00e9r\u00e9s de l\u2019underground\u201d.<\/p>\n<p>Malgr\u00e9 l\u2019enthousiasme du public pour ce retour sur sc\u00e8ne, Max reste cat\u00e9gorique concernant un \u00e9ventuel second album : \u201cJe ne pense pas qu\u2019il y aura un autre disque de Nailbomb. On pr\u00e9f\u00e8re que \u00e7a reste culte. Certains projets doivent rester tels quels\u201d.<\/p>\n<p>Le groupe, reform\u00e9 sans Alex Newport, compte notamment le fils de Max, Igor Amadeus Cavalera, au chant, ainsi que des membres de <a href=\"https:\/\/www.metalzone.fr\/pig-destroyer\/\" rel=\"nofollow noopener\" target=\"_blank\">Pig Destroyer<\/a>, <a href=\"https:\/\/www.metalzone.fr\/misery-index\/\" rel=\"nofollow noopener\" target=\"_blank\">Misery Index<\/a> et <a href=\"https:\/\/www.metalzone.fr\/stone-sour\/\" rel=\"nofollow noopener\" target=\"_blank\">Stone Sour<\/a>. Il s\u2019est produit cet \u00e9t\u00e9 \u00e0 l\u2019Alcatraz Festival, au <a href=\"https:\/\/www.metalzone.fr\/motocultor-festival\/\" rel=\"nofollow noopener\" target=\"_blank\">Motocultor Festival<\/a> et au Sunset Bar en Suisse.<\/p>\n<p>Un message toujours aussi actuel<\/p>\n<p>Trente ans apr\u00e8s sa sortie, l\u2019unique album de Nailbomb, Point Blank, r\u00e9sonne encore dans le contexte mondial actuel. \u201cCet album est plus pertinent aujourd\u2019hui qu\u2019il ne l\u2019\u00e9tait \u00e0 sa sortie, avec des morceaux comme Guerrillas ou 24 Hour Bullshit. Il faut secouer les consciences\u201d, a confi\u00e9 Max, \u00e9voquant les conflits en Ukraine ou \u00e0 Gaza.<\/p>\n<p>Ce regain de pertinence donne tout son sens \u00e0 ces retrouvailles sc\u00e9niques : \u201cLes jeunes qui n\u2019avaient jamais vu Nailbomb ont aujourd\u2019hui cette chance. Et moi, je m\u2019\u00e9clate \u00e0 le faire\u201d.<\/p>\n<p>Ce retour de Nailbomb co\u00efncide \u00e9galement avec une p\u00e9riode particuli\u00e8rement active pour Max Cavalera. Son groupe principal, <a href=\"https:\/\/www.metalzone.fr\/soulfly\/\" rel=\"nofollow noopener\" target=\"_blank\">Soulfly<\/a>, a d\u00e9voil\u00e9 hier (vendredi 29 ao\u00fbt) le single Storm The Gates, premier extrait de son nouvel album Chama, attendu le 24 octobre chez Nuclear Blast.<\/p><\/p>\n","protected":false},"excerpt":{"rendered":"Alors que Nailbomb fait son retour sur sc\u00e8ne cet \u00e9t\u00e9, Max Cavalera affirme qu\u2019un nouvel album du projet&hellip;\n","protected":false},"author":2,"featured_media":355576,"comment_status":"","ping_status":"","sticky":false,"template":"","format":"standard","meta":{"footnotes":""},"categories":[1355],"tags":[58,59,1011,27,1361,873],"class_list":{"0":"post-355575","1":"post","2":"type-post","3":"status-publish","4":"format-standard","5":"has-post-thumbnail","7":"category-musique","8":"tag-divertissement","9":"tag-entertainment","10":"tag-fr","11":"tag-france","12":"tag-music","13":"tag-musique"},"share_on_mastodon":{"url":"https:\/\/pubeurope.com\/@fr\/115120873396360386","error":""},"_links":{"self":[{"href":"https:\/\/www.europesays.com\/fr\/wp-json\/wp\/v2\/posts\/355575","targetHints":{"allow":["GET"]}}],"collection":[{"href":"https:\/\/www.europesays.com\/fr\/wp-json\/wp\/v2\/posts"}],"about":[{"href":"https:\/\/www.europesays.com\/fr\/wp-json\/wp\/v2\/types\/post"}],"author":[{"embeddable":true,"href":"https:\/\/www.europesays.com\/fr\/wp-json\/wp\/v2\/users\/2"}],"replies":[{"embeddable":true,"href":"https:\/\/www.europesays.com\/fr\/wp-json\/wp\/v2\/comments?post=355575"}],"version-history":[{"count":0,"href":"https:\/\/www.europesays.com\/fr\/wp-json\/wp\/v2\/posts\/355575\/revisions"}],"wp:featuredmedia":[{"embeddable":true,"href":"https:\/\/www.europesays.com\/fr\/wp-json\/wp\/v2\/media\/355576"}],"wp:attachment":[{"href":"https:\/\/www.europesays.com\/fr\/wp-json\/wp\/v2\/media?parent=355575"}],"wp:term":[{"taxonomy":"category","embeddable":true,"href":"https:\/\/www.europesays.com\/fr\/wp-json\/wp\/v2\/categories?post=355575"},{"taxonomy":"post_tag","embeddable":true,"href":"https:\/\/www.europesays.com\/fr\/wp-json\/wp\/v2\/tags?post=355575"}],"curies":[{"name":"wp","href":"https:\/\/api.w.org\/{rel}","templated":true}]}}