{"id":355577,"date":"2025-08-31T01:51:24","date_gmt":"2025-08-31T01:51:24","guid":{"rendered":"https:\/\/www.europesays.com\/fr\/355577\/"},"modified":"2025-08-31T01:51:24","modified_gmt":"2025-08-31T01:51:24","slug":"ratchapoom-boonbunchachoke-jespere-que-fantome-utile-permettra-un-veritable-reveil-des-thailandais-telerama","status":"publish","type":"post","link":"https:\/\/www.europesays.com\/fr\/355577\/","title":{"rendered":"Ratchapoom Boonbunchachoke : \u201cJ\u2019esp\u00e8re que \u2018Fant\u00f4me utile\u2019 permettra un v\u00e9ritable r\u00e9veil des Tha\u00eflandais\u201d &#8211; T\u00e9l\u00e9rama"},"content":{"rendered":"<ol>\n<li><a href=\"https:\/\/news.google.com\/rss\/articles\/CBMi2gFBVV95cUxQT2o3bFBJTTE2QVJmck9sZUo1Z0tZMGJXRzRobkZMSk1xRW9jbnpRMU1yUzNUWnh6TkpERU5VUTg2Q0p2dUtiYVNHX0dqbVlPM3FIMEl4UXdua0NLZUFVNFdMT3dsZFlpZTdzakRJSmUtZFBkQ0RzWGdpNFpRdUFaOFBmWHFfWVpjQmxlcGxfOXd5RXRKb09PNUtHVzRXU3diNEJSZXd0aExudnVGUnBLYTFWM0V5QXlaOGlCekc0anhGVVRWNGVsU2g3WVRTQVRLMk9obzlyenFkQQ?oc=5\" target=\"_blank\" rel=\"nofollow noopener\">Ratchapoom Boonbunchachoke : \u201cJ\u2019esp\u00e8re que \u2018Fant\u00f4me utile\u2019 permettra un v\u00e9ritable r\u00e9veil des Tha\u00eflandais\u201d<\/a>&nbsp;&nbsp;T\u00e9l\u00e9rama<\/li>\n<li><a href=\"https:\/\/news.google.com\/rss\/articles\/CBMixgFBVV95cUxOemdraS1hclVqOEF2QjFwTGZNZFM3YzFkanVteHlGR3BoZjdjRFZoQm9RMkVDdjNsOEVjdUQtcUNVbmctanFRM084NVZtQlBqQ2hWTjJ3QUFuX2VGQ3lWMFRBamhfY0ZDZUttVzFxckt0cWo2RUJSRThDZ0RVdUdUMEpNMHBQaXlEdFJlNUxSYmpjUjVlbHdRMk5FTzFWWWR3STBza1c1R2ZsU09SazgtbTlpU0l1M1cxY2ZEanExUGJXUVNUUnc?oc=5\" target=\"_blank\" rel=\"nofollow noopener\">Des fant\u00f4mes au cin\u00e9ma<\/a>&nbsp;&nbsp;Radio France<\/li>\n<li><a href=\"https:\/\/news.google.com\/rss\/articles\/CBMi8AFBVV95cUxQaFVRdnNuTDZnSEtUVEpxQmtfd1lWZVVsbThiQUZKekNiMjlydWFLTm9xUEpTbGFUd1QwVzVTQ2o5eUwxbkFXeDZ2U0R0bldfWjJSa3hIRnNlMndpVnBLczhxVkpLTXNyMEpaVklvemhpOTRLdGc1QzVjS19uMk1uNl9PdU5qc1N4TlVDZmhLcThpMlJaZWRZWDk1dzFOQk5ESTR4WlZwV1EtWXdPMlh5YmVfcGdCemkyTFFmNXNCOGoxR0NmNEJVNTY5T0VTMklYbE9RZ1hyd0Jzb1RWZ1RyQ3lseG0wa1VubE1oYTlNQnM?oc=5\" target=\"_blank\" rel=\"nofollow noopener\">Les films \u00e0 voir cette semaine : \u00ab\u00a0Fant\u00f4me utile\u00a0\u00bb, \u00ab\u00a0Miroirs No. 3\u00a0\u00bb, \u00ab\u00a0Alpha\u00a0\u00bb, \u00ab\u00a0La femme qui en savait trop\u00a0\u00bb<\/a>&nbsp;&nbsp;Corse Matin<\/li>\n<li><a href=\"https:\/\/news.google.com\/rss\/articles\/CBMicEFVX3lxTE5Hbk5EdE4zdGtRT0ZoZFJRZVRleWd0bHA2WV9zWGRROTV1S2dpTm11OVFESDJJNi1KMGxDOXBZQzZsVWlneUl6LXhkTjVybEoyT3lTVG83bjJoZjQtYmEtbHpYXzVBLUdmMGFoaGQ1cGc?oc=5\" target=\"_blank\" rel=\"nofollow noopener\">Fant\u00f4me utile<\/a>&nbsp;&nbsp;Critikat<\/li>\n<li><a href=\"https:\/\/news.google.com\/rss\/articles\/CBMidEFVX3lxTE1ZQ1J0U25MZy1EWnJNX1l0VnROUUtTNFVSTlRGTDJ0QlhXMUo3WW43VDViNDhwV2lKVEhpTHc2WHlvVHpuSmZNd2pxMU5uZ014UWtJXzhjZU9nR2JaNTFJeHFWSU9WNDVZN3drbEJIZVlPeTJE?oc=5\" target=\"_blank\" rel=\"nofollow noopener\">Avis sur le film Fant\u00f4me utile (2025) par Fenetre_sur_salle<\/a>&nbsp;&nbsp;SensCritique<\/li>\n<\/ol>\n","protected":false},"excerpt":{"rendered":"Ratchapoom Boonbunchachoke : \u201cJ\u2019esp\u00e8re que \u2018Fant\u00f4me utile\u2019 permettra un v\u00e9ritable r\u00e9veil des Tha\u00eflandais\u201d&nbsp;&nbsp;T\u00e9l\u00e9rama Des fant\u00f4mes au cin\u00e9ma&nbsp;&nbsp;Radio France&hellip;\n","protected":false},"author":2,"featured_media":355578,"comment_status":"","ping_status":"","sticky":false,"template":"","format":"standard","meta":{"footnotes":""},"categories":[1354],"tags":[58,59,1346,1011,27,1360],"class_list":{"0":"post-355577","1":"post","2":"type-post","3":"status-publish","4":"format-standard","5":"has-post-thumbnail","7":"category-films","8":"tag-divertissement","9":"tag-entertainment","10":"tag-films","11":"tag-fr","12":"tag-france","13":"tag-movies"},"share_on_mastodon":{"url":"https:\/\/pubeurope.com\/@fr\/115120877351767501","error":""},"_links":{"self":[{"href":"https:\/\/www.europesays.com\/fr\/wp-json\/wp\/v2\/posts\/355577","targetHints":{"allow":["GET"]}}],"collection":[{"href":"https:\/\/www.europesays.com\/fr\/wp-json\/wp\/v2\/posts"}],"about":[{"href":"https:\/\/www.europesays.com\/fr\/wp-json\/wp\/v2\/types\/post"}],"author":[{"embeddable":true,"href":"https:\/\/www.europesays.com\/fr\/wp-json\/wp\/v2\/users\/2"}],"replies":[{"embeddable":true,"href":"https:\/\/www.europesays.com\/fr\/wp-json\/wp\/v2\/comments?post=355577"}],"version-history":[{"count":0,"href":"https:\/\/www.europesays.com\/fr\/wp-json\/wp\/v2\/posts\/355577\/revisions"}],"wp:featuredmedia":[{"embeddable":true,"href":"https:\/\/www.europesays.com\/fr\/wp-json\/wp\/v2\/media\/355578"}],"wp:attachment":[{"href":"https:\/\/www.europesays.com\/fr\/wp-json\/wp\/v2\/media?parent=355577"}],"wp:term":[{"taxonomy":"category","embeddable":true,"href":"https:\/\/www.europesays.com\/fr\/wp-json\/wp\/v2\/categories?post=355577"},{"taxonomy":"post_tag","embeddable":true,"href":"https:\/\/www.europesays.com\/fr\/wp-json\/wp\/v2\/tags?post=355577"}],"curies":[{"name":"wp","href":"https:\/\/api.w.org\/{rel}","templated":true}]}}