{"id":355581,"date":"2025-08-31T01:53:16","date_gmt":"2025-08-31T01:53:16","guid":{"rendered":"https:\/\/www.europesays.com\/fr\/355581\/"},"modified":"2025-08-31T01:53:16","modified_gmt":"2025-08-31T01:53:16","slug":"om-sur-quelle-chaine-et-a-quelle-heure-voir-le-match","status":"publish","type":"post","link":"https:\/\/www.europesays.com\/fr\/355581\/","title":{"rendered":"OM : sur quelle cha\u00eene et \u00e0 quelle heure voir le match ?"},"content":{"rendered":"<p>Alors que l&rsquo;on annon\u00e7ait le pire \u00e0 l&rsquo;Olympique Lyonnais, rep\u00each\u00e9 en appel d\u00e9but juillet apr\u00e8s avoir \u00e9t\u00e9 r\u00e9trograd\u00e9 en Ligue 2 le 24 juin en premi\u00e8re instance en raison de sa situation financi\u00e8re trop fragile, le club rhodanien a remport\u00e9 ses deux premiers matches de championnat (0-1 \u00e0 Lens et 3-0 face \u00e0 Metz) en affichant un visage s\u00e9duisant.<\/p>\n<p>Un bilan qui n&rsquo;est pas le m\u00eame \u00e0 300 km plus au sud de la Capitale des Gaules.<\/p>\n<p>Pourtant, il y a encore quelques semaines, lorsque le calendrier de Ligue 1 fut d\u00e9voil\u00e9, les supporters marseillais s&rsquo;imaginaient se pr\u00e9senter au Groupama Stadium en large favori face \u00e0 une escouade qui a r\u00e9duit de moiti\u00e9 sa masse salariale en se s\u00e9parant de plusieurs joueurs importants. La donne semble avoir aujourd&rsquo;hui chang\u00e9 puisque l&rsquo;Olympico, remport\u00e9 par deux fois par l&rsquo;OM l&rsquo;an dernier, semble plus \u00e9quilibr\u00e9 qu&rsquo;imaginait.<\/p>\n<p>Une rencontre qui se jouera \u00e0 quelques heures de la fin du mercato (lundi 1er septembre \u00e0 20h) et \u00e0 laquelle ne participera pas <a href=\"https:\/\/www.laprovence.com\/article\/om\/37438802752904\/om-a-quelques-heures-de-lolympico-lyon-sapprete-a-perdre-son-avant-centre-georges-mikautadze\" target=\"_blank\" rel=\"noopener\">Georges Mikautadze, en passe de s&rsquo;engager en faveur de Villarreal<\/a>.<\/p>\n<p>O\u00f9, quand, et comment voir le match ?<\/p>\n<p>Vous l&rsquo;aurez compris, cet \u00ab\u00a0Olympico\u00a0\u00bb s&rsquo;annonce d\u00e9j\u00e0 d\u00e9terminant. Il est programm\u00e9 ce <strong>dimanche 31 ao\u00fbt \u00e0 20h45<\/strong>. La rencontre sera diffus\u00e9e en direct sur <strong>Ligue 1+<\/strong>. \u00c0 noter, comme pour chaque match <strong>LaProvence<\/strong> proposera gratuitement un live comment\u00e9 de la rencontre sur son site internet.<\/p>\n","protected":false},"excerpt":{"rendered":"Alors que l&rsquo;on annon\u00e7ait le pire \u00e0 l&rsquo;Olympique Lyonnais, rep\u00each\u00e9 en appel d\u00e9but juillet apr\u00e8s avoir \u00e9t\u00e9 r\u00e9trograd\u00e9&hellip;\n","protected":false},"author":2,"featured_media":355582,"comment_status":"","ping_status":"","sticky":false,"template":"","format":"standard","meta":{"footnotes":""},"categories":[9],"tags":[17,3839,1011,27,3838,2428,149,3837,60,3356],"class_list":{"0":"post-355581","1":"post","2":"type-post","3":"status-publish","4":"format-standard","5":"has-post-thumbnail","7":"category-sports","8":"tag-17","9":"tag-chaine","10":"tag-fr","11":"tag-france","12":"tag-heure","13":"tag-lyon","14":"tag-om","15":"tag-quelle","16":"tag-sports","17":"tag-sur"},"share_on_mastodon":{"url":"https:\/\/pubeurope.com\/@fr\/115120885368436393","error":""},"_links":{"self":[{"href":"https:\/\/www.europesays.com\/fr\/wp-json\/wp\/v2\/posts\/355581","targetHints":{"allow":["GET"]}}],"collection":[{"href":"https:\/\/www.europesays.com\/fr\/wp-json\/wp\/v2\/posts"}],"about":[{"href":"https:\/\/www.europesays.com\/fr\/wp-json\/wp\/v2\/types\/post"}],"author":[{"embeddable":true,"href":"https:\/\/www.europesays.com\/fr\/wp-json\/wp\/v2\/users\/2"}],"replies":[{"embeddable":true,"href":"https:\/\/www.europesays.com\/fr\/wp-json\/wp\/v2\/comments?post=355581"}],"version-history":[{"count":0,"href":"https:\/\/www.europesays.com\/fr\/wp-json\/wp\/v2\/posts\/355581\/revisions"}],"wp:featuredmedia":[{"embeddable":true,"href":"https:\/\/www.europesays.com\/fr\/wp-json\/wp\/v2\/media\/355582"}],"wp:attachment":[{"href":"https:\/\/www.europesays.com\/fr\/wp-json\/wp\/v2\/media?parent=355581"}],"wp:term":[{"taxonomy":"category","embeddable":true,"href":"https:\/\/www.europesays.com\/fr\/wp-json\/wp\/v2\/categories?post=355581"},{"taxonomy":"post_tag","embeddable":true,"href":"https:\/\/www.europesays.com\/fr\/wp-json\/wp\/v2\/tags?post=355581"}],"curies":[{"name":"wp","href":"https:\/\/api.w.org\/{rel}","templated":true}]}}