{"id":355593,"date":"2025-08-31T01:59:11","date_gmt":"2025-08-31T01:59:11","guid":{"rendered":"https:\/\/www.europesays.com\/fr\/355593\/"},"modified":"2025-08-31T01:59:11","modified_gmt":"2025-08-31T01:59:11","slug":"disparition-de-medhi-narjissi-suspendu-par-le-ministere-des-sports-stephane-cambos-profondement-eprouve-reagit","status":"publish","type":"post","link":"https:\/\/www.europesays.com\/fr\/355593\/","title":{"rendered":"Disparition de Medhi Narjissi \u2013 Suspendu par le minist\u00e8re des Sports, St\u00e9phane Cambos, \u00ab\u00a0profond\u00e9ment \u00e9prouv\u00e9\u00a0\u00bb, r\u00e9agit"},"content":{"rendered":"<p>\n                Un an apr\u00e8s la disparition en mer du jeune Medhi Narjissi lors d\u2019un stage des Bleus U18 en Afrique du Sud, le minist\u00e8re des Sports a sanctionn\u00e9 deux encadrants. Suspendu deux ans dont un avec sursis, St\u00e9phane Cambos d\u00e9plore avoir d\u00e9couvert la d\u00e9cision dans la presse et envisage un recours.\n            <\/p>\n<p>Le 7\u00a0ao\u00fbt 2023, la disparition en mer de Medhi Narjissi, 17 ans, joueur du Stade Toulousain et international U18, avait boulevers\u00e9 le rugby fran\u00e7ais. Le drame, survenu \u00e0 Dias Beach (Afrique du Sud) lors d\u2019une s\u00e9ance de r\u00e9cup\u00e9ration de l\u2019\u00e9quipe de France U18, a conduit \u00e0 l\u2019ouverture d\u2019une enqu\u00eate judiciaire pour homicide involontaire et \u00e0 la mise en examen de deux encadrants\u00a0: le pr\u00e9parateur physique Robin Ladauge et le manager St\u00e9phane Cambos.<\/p>\n<p>Plus d\u2019un an apr\u00e8s les faits, le minist\u00e8re des Sports a rendu ses premi\u00e8res d\u00e9cisions disciplinaires. Selon des informations du Parisien, Robin Ladauge a \u00e9t\u00e9 r\u00e9voqu\u00e9 de la fonction publique \u2013 la sanction la plus lourde \u2013, perdant ainsi d\u00e9finitivement son statut de fonctionnaire. De son c\u00f4t\u00e9, St\u00e9phane Cambos \u00e9cope d\u2019une suspension de deux ans, dont une avec sursis. Une diff\u00e9rence de traitement justifi\u00e9e, selon l\u2019administration, par le fait que Cambos n\u2019aurait pas \u00e9t\u00e9 averti de la sortie en mer fatale \u00e0 l\u2019adolescent.<\/p>\n<blockquote><p>\nCe n\u2019est pas en le jetant publiquement en p\u00e2ture, pour des fautes qui ne lui sont pas imputables, qu\u2019une meilleure justice sera rendue\n<\/p><\/blockquote>\n<p>Mais l\u2019int\u00e9ress\u00e9 n\u2019a pas tard\u00e9 \u00e0 r\u00e9agir, par l\u2019interm\u00e9diaire de son avocat, Me Arnaud Dupin. Dans un communiqu\u00e9 qu\u2019il nous a transmis ce samedi, le conseil d\u00e9plore que son client ait d\u00e9couvert la sanction par voie de presse, sans notification officielle. Il conteste \u00e9galement que la famille Narjissi ait \u00e9t\u00e9 inform\u00e9e en amont de cette d\u00e9cision, alors m\u00eame qu\u2019elle n\u2019\u00e9tait pas partie prenante de la proc\u00e9dure disciplinaire.<\/p>\n<p>Me Dupin insiste\u00a0: \u00ab\u00a0Ce n\u2019est pas en le jetant publiquement en p\u00e2ture, pour des fautes qui ne lui sont pas imputables, qu\u2019une meilleure justice sera rendue.\u00a0\u00bb\u00a0Pour l\u2019avocat, Cambos demeure\u00a0\u00ab\u00a0profond\u00e9ment \u00e9prouv\u00e9\u00a0\u00bb\u00a0par la disparition du jeune joueur et attend d\u00e9sormais de recevoir le contenu formel de la d\u00e9cision, afin de d\u00e9cider d\u2019\u00e9ventuels recours.<\/p>\n<p>En parall\u00e8le de ces sanctions administratives, la proc\u00e9dure judiciaire suit toujours son cours. Les deux encadrants restent mis en examen pour homicide involontaire, dans un dossier o\u00f9 la douleur de la famille, la recherche de responsabilit\u00e9s et la m\u00e9moire de Medhi Narjissi continuent de s\u2019entrelacer.<\/p>\n<p>    Communiqu\u00e9 de Me Arnaud Dupin, avocat de St\u00e9phane Cambos<\/p>\n<p>\u00ab\u00a0Monsieur St\u00e9phane Cambos d\u00e9couvre dans la presse qu\u2019une sanction administrative aurait \u00e9t\u00e9 prise \u00e0 son encontre par la Ministre. Si cette information est bien r\u00e9elle, il d\u00e9plore que cette d\u00e9cision individuelle ne lui soit toujours pas communiqu\u00e9e et consid\u00e8re donc \u00e0 ce jour qu\u2019elle n\u2019a aucun caract\u00e8re officiel. Les institutions fran\u00e7aises et le minist\u00e8re des Sports se doivent de respecter les r\u00e8gles les plus \u00e9l\u00e9mentaires et surtout celles du droit administratif. Rien ne justifie que cette d\u00e9cision ait pu \u00eatre communiqu\u00e9e \u00e0 la famille Narjissi, en primeur, alors qu\u2019elle n\u2019est nullement partie \u00e0 la proc\u00e9dure disciplinaire. D\u2019ailleurs, il est encore plus inconcevable que des commentaires puissent \u00eatre faits sur une d\u00e9cision prise, sans m\u00eame avoir eu connaissance des \u00e9l\u00e9ments d\u00e9battus au sein de cette commission. Les commentaires sur cette d\u00e9cision la qualifiant de \u201chonte\u201d d\u00e9montrent l\u2019attachement de leurs auteurs au respect des institutions r\u00e9publicaines et des lois de notre pays. Depuis plus d\u2019un an, Monsieur St\u00e9phane Cambos vit dans la douleur et reste profond\u00e9ment \u00e9prouv\u00e9 par la disparition de Medhi Narjissi. Ce n\u2019est malheureusement pas en le jetant publiquement en p\u00e2ture, qui plus est pour des fautes qui ne lui sont pas imputables, qu\u2019une meilleure justice sera rendue. Suite aux \u00e9l\u00e9ments factuels apport\u00e9s lors de la commission, Monsieur St\u00e9phane Cambos attend donc le contenu formel de la d\u00e9cision et surtout l\u2019avis de la commission pour en conna\u00eetre la teneur et \u00e9ventuellement formuler des recours administratifs.\u00a0\u00bb<\/p>\n","protected":false},"excerpt":{"rendered":"Un an apr\u00e8s la disparition en mer du jeune Medhi Narjissi lors d\u2019un stage des Bleus U18 en&hellip;\n","protected":false},"author":2,"featured_media":355594,"comment_status":"","ping_status":"","sticky":false,"template":"","format":"standard","meta":{"footnotes":""},"categories":[2],"tags":[11,1011,27,12],"class_list":{"0":"post-355593","1":"post","2":"type-post","3":"status-publish","4":"format-standard","5":"has-post-thumbnail","7":"category-actualites","8":"tag-actualites","9":"tag-fr","10":"tag-france","11":"tag-news"},"share_on_mastodon":{"url":"https:\/\/pubeurope.com\/@fr\/115120908727037717","error":""},"_links":{"self":[{"href":"https:\/\/www.europesays.com\/fr\/wp-json\/wp\/v2\/posts\/355593","targetHints":{"allow":["GET"]}}],"collection":[{"href":"https:\/\/www.europesays.com\/fr\/wp-json\/wp\/v2\/posts"}],"about":[{"href":"https:\/\/www.europesays.com\/fr\/wp-json\/wp\/v2\/types\/post"}],"author":[{"embeddable":true,"href":"https:\/\/www.europesays.com\/fr\/wp-json\/wp\/v2\/users\/2"}],"replies":[{"embeddable":true,"href":"https:\/\/www.europesays.com\/fr\/wp-json\/wp\/v2\/comments?post=355593"}],"version-history":[{"count":0,"href":"https:\/\/www.europesays.com\/fr\/wp-json\/wp\/v2\/posts\/355593\/revisions"}],"wp:featuredmedia":[{"embeddable":true,"href":"https:\/\/www.europesays.com\/fr\/wp-json\/wp\/v2\/media\/355594"}],"wp:attachment":[{"href":"https:\/\/www.europesays.com\/fr\/wp-json\/wp\/v2\/media?parent=355593"}],"wp:term":[{"taxonomy":"category","embeddable":true,"href":"https:\/\/www.europesays.com\/fr\/wp-json\/wp\/v2\/categories?post=355593"},{"taxonomy":"post_tag","embeddable":true,"href":"https:\/\/www.europesays.com\/fr\/wp-json\/wp\/v2\/tags?post=355593"}],"curies":[{"name":"wp","href":"https:\/\/api.w.org\/{rel}","templated":true}]}}