{"id":355612,"date":"2025-08-31T02:14:12","date_gmt":"2025-08-31T02:14:12","guid":{"rendered":"https:\/\/www.europesays.com\/fr\/355612\/"},"modified":"2025-08-31T02:14:12","modified_gmt":"2025-08-31T02:14:12","slug":"angers-rennes-a-quelle-heure-et-sur-quelle-chaine-tv-suivre-le-match-de-la-troisieme-journee-de-ligue-1","status":"publish","type":"post","link":"https:\/\/www.europesays.com\/fr\/355612\/","title":{"rendered":"Angers-Rennes : \u00e0 quelle heure et sur quelle cha\u00eene TV suivre le match de la troisi\u00e8me journ\u00e9e de Ligue 1 ?"},"content":{"rendered":"<p class=\"paragraph text_align_left lp-f-body-02\">Un week-end \u00e0 oublier. Dimanche dernier, le Stade Rennais a compl\u00e8tement coul\u00e9 <a href=\"https:\/\/www.leparisien.fr\/sports\/football\/ligue-1\/lorient-rennes-deux-cartons-rouges-en-10-minutes-le-stade-rennais-va-jouer-80-minutes-a-9-24-08-2025-OKP7JRQ5FVBPJNPH6QOR2JQHLU.php\" target=\"_blank\" rel=\"noreferrer nofollow noopener\">contre Lorient<\/a> (4-0), terminant le match \u00e0 neuf, apr\u00e8s les expulsions de Mahdi Camara et Christopher Wooh au bout de seulement onze minutes. Le club breton aura l\u2019occasion de passer rapidement \u00e0 autre chose, en cas de victoire \u00e0 Angers ce dimanche, m\u00eame s\u2019il devra composer avec des suspensions. <\/p>\n<p class=\"paragraph text_align_left lp-f-body-02\">Tr\u00e8s actif sur le march\u00e9 des transferts, o\u00f9 il devrait encore aller piocher des renforts en attaque dans les prochains jours, Rennes a un objectif assum\u00e9 : retrouver l\u2019Europe, qui lui \u00e9chappe depuis deux saisons. <\/p>\n<p class=\"paragraph text_align_left lp-f-body-02\">L\u2019an pass\u00e9, le club avait termin\u00e9 \u00e0 une anonyme 12e place, loin de ses ambitions initiales. Sous contrat jusqu\u2019\u00e0 l\u2019\u00e9t\u00e9 2026, l\u2019entra\u00eeneur Habib Beye connait sa mission.<\/p>\n<p class=\"paragraph text_align_left lp-f-body-02\"><b>Le coup d\u2019envoi d\u2019Angers-Rennes est pr\u00e9vu ce dimanche 31 ao\u00fbt, \u00e0 15 heures. Le match sera \u00e0 suivre en direct sur Ligue 1 +.<\/b><\/p>\n","protected":false},"excerpt":{"rendered":"Un week-end \u00e0 oublier. Dimanche dernier, le Stade Rennais a compl\u00e8tement coul\u00e9 contre Lorient (4-0), terminant le match&hellip;\n","protected":false},"author":2,"featured_media":355613,"comment_status":"","ping_status":"","sticky":false,"template":"","format":"standard","meta":{"footnotes":""},"categories":[2821],"tags":[1111,11,829,1777,674,63,1011,27,66,12,584,25,60],"class_list":{"0":"post-355612","1":"post","2":"type-post","3":"status-publish","4":"format-standard","5":"has-post-thumbnail","7":"category-rennes","8":"tag-actu","9":"tag-actualites","10":"tag-bretagne","11":"tag-eu","12":"tag-europe","13":"tag-football","14":"tag-fr","15":"tag-france","16":"tag-ligue-1","17":"tag-news","18":"tag-rennes","19":"tag-republique-francaise","20":"tag-sports"},"share_on_mastodon":{"url":"https:\/\/pubeurope.com\/@fr\/115120967689685103","error":""},"_links":{"self":[{"href":"https:\/\/www.europesays.com\/fr\/wp-json\/wp\/v2\/posts\/355612","targetHints":{"allow":["GET"]}}],"collection":[{"href":"https:\/\/www.europesays.com\/fr\/wp-json\/wp\/v2\/posts"}],"about":[{"href":"https:\/\/www.europesays.com\/fr\/wp-json\/wp\/v2\/types\/post"}],"author":[{"embeddable":true,"href":"https:\/\/www.europesays.com\/fr\/wp-json\/wp\/v2\/users\/2"}],"replies":[{"embeddable":true,"href":"https:\/\/www.europesays.com\/fr\/wp-json\/wp\/v2\/comments?post=355612"}],"version-history":[{"count":0,"href":"https:\/\/www.europesays.com\/fr\/wp-json\/wp\/v2\/posts\/355612\/revisions"}],"wp:featuredmedia":[{"embeddable":true,"href":"https:\/\/www.europesays.com\/fr\/wp-json\/wp\/v2\/media\/355613"}],"wp:attachment":[{"href":"https:\/\/www.europesays.com\/fr\/wp-json\/wp\/v2\/media?parent=355612"}],"wp:term":[{"taxonomy":"category","embeddable":true,"href":"https:\/\/www.europesays.com\/fr\/wp-json\/wp\/v2\/categories?post=355612"},{"taxonomy":"post_tag","embeddable":true,"href":"https:\/\/www.europesays.com\/fr\/wp-json\/wp\/v2\/tags?post=355612"}],"curies":[{"name":"wp","href":"https:\/\/api.w.org\/{rel}","templated":true}]}}