{"id":355614,"date":"2025-08-31T02:15:26","date_gmt":"2025-08-31T02:15:26","guid":{"rendered":"https:\/\/www.europesays.com\/fr\/355614\/"},"modified":"2025-08-31T02:15:26","modified_gmt":"2025-08-31T02:15:26","slug":"pelerinage-de-lourdes-le-rosaire-lance-son-edition-2025-au-depart-de-strasbourg-mulhouse-et-colmar","status":"publish","type":"post","link":"https:\/\/www.europesays.com\/fr\/355614\/","title":{"rendered":"P\u00e8lerinage de Lourdes. Le Rosaire lance son \u00e9dition 2025 au d\u00e9part de Strasbourg, Mulhouse et Colmar"},"content":{"rendered":"<p>Ann\u00e9e jubilaire oblige, trois grands d\u00e9parts pour Lourdes sont organis\u00e9s en train depuis Strasbourg, Mulhouse et Colmar le mardi 30\u00a0septembre par le P\u00e8lerinage du Rosaire. Deux rames de TGV, soit pr\u00e8s de 1\u00a0000 places, sont r\u00e9serv\u00e9es pour assurer le transport des p\u00e8lerins jusqu\u2019\u00e0 la ville sainte. Les inscriptions sont ouvertes jusqu\u2019au 1er septembre, moyennant 80\u00a0\u20ac de frais de dossier, sur le site www.rosairealsace.fr. Plusieurs options de voyage et de pension sont disponibles. Le retour est pr\u00e9vu le dimanche 5\u00a0octobre.<\/p>\n<p>Cette ann\u00e9e, un nouveau parcours pour les trois processions eucharistiques sera inaugur\u00e9, s\u2019ajoutant au programme des \u00e9ditions pr\u00e9c\u00e9dentes. Comme en 2024, les p\u00e8lerins retrouveront les quatre grandes messes (chaque jour \u00e0 9\u00a0h) avec plus de 100 c\u00e9l\u00e9brants et la procession mariale aux flambeaux pr\u00e9sid\u00e9e par le P\u00e8lerinage du Rosaire le jeudi \u00e0 21\u00a0h, sans oublier le chapelet \u00e0 la grotte (15\u00a0h\u00a030) et la c\u00e9l\u00e9bration p\u00e9nitentielle qui aura lieu le mercredi \u00e0 20\u00a0h\u00a030. Une pi\u00e8ce de th\u00e9\u00e2tre sur l\u2019histoire des moines de Tibhirine sera donn\u00e9e par des com\u00e9diens amateurs, sous la direction d\u2019Azzedine Larfaoui, un metteur en sc\u00e8ne alg\u00e9rien.<\/p>\n<p>Cette \u00e9dition 2025 promet de regrouper 17\u00a0000 p\u00e8lerins, accompagn\u00e9s de 3\u00a0000 jeunes scolaires mais aussi de 3\u00a0200 b\u00e9n\u00e9voles.<\/p>\n","protected":false},"excerpt":{"rendered":"Ann\u00e9e jubilaire oblige, trois grands d\u00e9parts pour Lourdes sont organis\u00e9s en train depuis Strasbourg, Mulhouse et Colmar le&hellip;\n","protected":false},"author":2,"featured_media":355615,"comment_status":"","ping_status":"","sticky":false,"template":"","format":"standard","meta":{"footnotes":""},"categories":[2820],"tags":[1111,11,2389,2649,2880,1777,674,107,1011,27,775,12,5889,25,104,640,2879],"class_list":{"0":"post-355614","1":"post","2":"type-post","3":"status-publish","4":"format-standard","5":"has-post-thumbnail","7":"category-strasbourg","8":"tag-actu","9":"tag-actualites","10":"tag-alsace","11":"tag-bas-rhin","12":"tag-edition-strasbourg","13":"tag-eu","14":"tag-europe","15":"tag-fil-info","16":"tag-fr","17":"tag-france","18":"tag-grand-est","19":"tag-news","20":"tag-religion-croyance","21":"tag-republique-francaise","22":"tag-societe","23":"tag-strasbourg","24":"tag-strasbourg-ville"},"share_on_mastodon":{"url":"https:\/\/pubeurope.com\/@fr\/115120971657025929","error":""},"_links":{"self":[{"href":"https:\/\/www.europesays.com\/fr\/wp-json\/wp\/v2\/posts\/355614","targetHints":{"allow":["GET"]}}],"collection":[{"href":"https:\/\/www.europesays.com\/fr\/wp-json\/wp\/v2\/posts"}],"about":[{"href":"https:\/\/www.europesays.com\/fr\/wp-json\/wp\/v2\/types\/post"}],"author":[{"embeddable":true,"href":"https:\/\/www.europesays.com\/fr\/wp-json\/wp\/v2\/users\/2"}],"replies":[{"embeddable":true,"href":"https:\/\/www.europesays.com\/fr\/wp-json\/wp\/v2\/comments?post=355614"}],"version-history":[{"count":0,"href":"https:\/\/www.europesays.com\/fr\/wp-json\/wp\/v2\/posts\/355614\/revisions"}],"wp:featuredmedia":[{"embeddable":true,"href":"https:\/\/www.europesays.com\/fr\/wp-json\/wp\/v2\/media\/355615"}],"wp:attachment":[{"href":"https:\/\/www.europesays.com\/fr\/wp-json\/wp\/v2\/media?parent=355614"}],"wp:term":[{"taxonomy":"category","embeddable":true,"href":"https:\/\/www.europesays.com\/fr\/wp-json\/wp\/v2\/categories?post=355614"},{"taxonomy":"post_tag","embeddable":true,"href":"https:\/\/www.europesays.com\/fr\/wp-json\/wp\/v2\/tags?post=355614"}],"curies":[{"name":"wp","href":"https:\/\/api.w.org\/{rel}","templated":true}]}}