{"id":355616,"date":"2025-08-31T02:16:12","date_gmt":"2025-08-31T02:16:12","guid":{"rendered":"https:\/\/www.europesays.com\/fr\/355616\/"},"modified":"2025-08-31T02:16:12","modified_gmt":"2025-08-31T02:16:12","slug":"strasbourg-a-quelle-heure-et-sur-quelle-chaine-regarder-le-match-de-ligue-1-en-direct","status":"publish","type":"post","link":"https:\/\/www.europesays.com\/fr\/355616\/","title":{"rendered":"Strasbourg : \u00e0 quelle heure et sur quelle cha\u00eene regarder le match de Ligue 1 en direct ?"},"content":{"rendered":"<p>Monaco cherche \u00e0 se relancer, Strasbourg veut confirmer son excellent d\u00e9part : le duel de ce dimanche promet une belle bataille. On vous explique tout pour regarder le match en direct.<\/p>\n<p>Toutes les offres pour suivre la Ligue 1 :<\/p>\n<ul class=\"list_unordered\">\n<li><strong><a href=\"https:\/\/www.awin1.com\/awclick.php?gid=448180&amp;mid=33125&amp;awinaffid=767033&amp;linkid=3247029&amp;clickref=\" target=\"_blank\" class=\"external_link\" rel=\"nofollow noopener\">RMC Sport<\/a><\/strong> pour profiter de Ligue + et du meilleur des sports de combat<\/li>\n<li><strong><a href=\"https:\/\/dazn.prf.hn\/click\/camref:1100lLQ6c\" target=\"_blank\" class=\"external_link\" rel=\"nofollow noopener\">DAZN<\/a><\/strong> l&rsquo;offre avec le meilleur rapport qualit\u00e9-prix : Ligue 1+ sera disponible avec les autres contenus<\/li>\n<li><strong><a href=\"https:\/\/primevideo-eu.pxf.io\/c\/240539\/1978488\/20021\" target=\"_blank\" class=\"external_link\" rel=\"nofollow noopener\">Prime Video<\/a><\/strong> l\u2019offre la moins ch\u00e8re pour 12 mois<\/li>\n<\/ul>\n<p>L\u2019ASM n\u2019a pas dig\u00e9r\u00e9 le coup de massue de Lille et doit se relancer \u00e0 domicile pour ne pas d\u00e9crocher si t\u00f4t dans la saison. Mais le timing n\u2019est pas id\u00e9al : Strasbourg d\u00e9barque en pleine bourre, avec deux succ\u00e8s en deux journ\u00e9es. Un match \u00e0 suivre ce dimanche 31 ao\u00fbt \u00e0 17h15 sur Ligue 1+ en multiplex.<\/p>\n<p><a href=\"https:\/\/www.awin1.com\/awclick.php?gid=448180&amp;mid=33125&amp;awinaffid=767033&amp;linkid=3247029&amp;clickref=\" title=\"\ud83d\udd0e Regardez le match sur Ligue 1+ avec RMC Sport\" target=\"_blank\" rel=\"nofollow noopener\"><\/p>\n<p>\ud83d\udd0e Regardez le match sur Ligue 1+ avec RMC Sport<\/p>\n<p><\/a><a href=\"https:\/\/dazn.prf.hn\/click\/camref:1100lLQ6c\" title=\"\ud83d\uded2 Profitez de l&#039;offre Ligue 1+ &amp; DAZN\" target=\"_blank\" rel=\"nofollow noopener\"><\/p>\n<p>\ud83d\uded2 Profitez de l&rsquo;offre Ligue 1+ &amp; DAZN<\/p>\n<p><\/a><a href=\"https:\/\/primevideo-eu.pxf.io\/c\/240539\/1978488\/20021\" title=\"\ud83d\uded2 Profitez de l&#039;offre Ligue 1+ sur Prime Video\" target=\"_blank\" rel=\"nofollow noopener\"><\/p>\n<p>\ud83d\uded2 Profitez de l&rsquo;offre Ligue 1+ sur Prime Video<\/p>\n<p><\/a>Monaco &#8211; Strasbourg : Une affiche pi\u00e9geuse pour l\u2019ASM<\/p>\n<p>Monaco reste marqu\u00e9 par la d\u00e9sillusion de Lille : un but d\u2019Olivier Giroud dans les arr\u00eats de jeu et une victoire qui s\u2019envole. Trois points seulement apr\u00e8s deux journ\u00e9es, une huiti\u00e8me place qui ne colle pas aux ambitions de la Principaut\u00e9 et une d\u00e9fense fragilis\u00e9e par le probable d\u00e9part de Wilfried Singo. Dans ce contexte, Adi H\u00fctter attend une r\u00e9action imm\u00e9diate de son groupe. Aleksandr Golovin et Maghnes Akliouche sont attendus comme leaders cr\u00e9atifs, eux qui ont choisi de poursuivre l\u2019aventure malgr\u00e9 les rumeurs de transfert.<\/p>\n<p>En face du Rocher, Strasbourg arrive lanc\u00e9 comme une fus\u00e9e. Metz d\u2019abord, Nantes ensuite : deux victoires et une solidit\u00e9 impressionnante. Emanuel Emegha, capitaine buteur, a d\u00e9j\u00e0 montr\u00e9 qu\u2019il pouvait porter cette g\u00e9n\u00e9ration ambitieuse. Dilane Bakwa, lui, multiplie les passes d\u00e9cisives et confirme son r\u00f4le de dynamiteur. Le Racing est quatri\u00e8me, dans le sillage des cadors. Avec Liam Rosenior aux commandes, la Meinau respire la confiance. Le voyage \u00e0 Monaco sera un r\u00e9v\u00e9lateur grandeur nature des ambitions alsaciennes.<\/p>\n<p>Les offres pour suivre le match Monaco &#8211; Strasbourg en direct<\/p>\n<p>Dimanche 31 ao\u00fbt \u00e0 17h15, Monaco &#8211; Strasbourg sera diffus\u00e9 sur <strong>Ligue 1+<\/strong>, avec un multiplex qui inclut aussi Paris FC &#8211; Metz et Le Havre &#8211; Nice. Pour suivre cette affiche, la meilleure affaire reste l\u2019abonnement <strong>Ligue 1+ &amp; DAZN<\/strong> : gr\u00e2ce \u00e0 l\u2019offre Early Bird disponible jusqu\u2019au 31 ao\u00fbt, le prix tombe \u00e0 9,99 euros par mois pendant trois mois avant de passer \u00e0 14,99 euros. De quoi profiter de la Ligue 1 McDonald\u2019s mais aussi du catalogue complet DAZN.<\/p>\n<p><a href=\"https:\/\/dazn.prf.hn\/click\/camref:1100lLQ6c\" target=\"_blank\" class=\"external_link\" rel=\"nofollow noopener\">Cliquez ici pour profiter de l\u2019offre chez DAZN<\/a><\/p>\n<p>Pour plus de libert\u00e9, l\u2019abonnement Ligue 1+ seule est propos\u00e9 sans engagement \u00e0 19,99 euros par mois. Une formule qui permet de suivre l\u2019int\u00e9gralit\u00e9 de la Ligue 1 McDonald\u2019s sans les extras DAZN, tout en gardant la possibilit\u00e9 de r\u00e9silier \u00e0 tout moment.<\/p>\n<p>Ce contenu a \u00e9t\u00e9 r\u00e9alis\u00e9 par un expert de l\u2019\u00e9quipe shopping de RMC Sport, ind\u00e9pendante de la r\u00e9daction de RMC Sport. Les prix indiqu\u00e9s sont donn\u00e9s \u00e0 titre indicatif et sont susceptibles d\u2019\u00e9voluer. RMC Sport est susceptible de percevoir une r\u00e9mun\u00e9ration lorsqu\u2019un de nos lecteurs proc\u00e8de \u00e0 un achat via les liens int\u00e9gr\u00e9s dans cet article.<\/p>\n","protected":false},"excerpt":{"rendered":"Monaco cherche \u00e0 se relancer, Strasbourg veut confirmer son excellent d\u00e9part : le duel de ce dimanche promet&hellip;\n","protected":false},"author":2,"featured_media":355617,"comment_status":"","ping_status":"","sticky":false,"template":"","format":"standard","meta":{"footnotes":""},"categories":[2820],"tags":[1111,11,1777,674,1011,27,775,12,25,640],"class_list":{"0":"post-355616","1":"post","2":"type-post","3":"status-publish","4":"format-standard","5":"has-post-thumbnail","7":"category-strasbourg","8":"tag-actu","9":"tag-actualites","10":"tag-eu","11":"tag-europe","12":"tag-fr","13":"tag-france","14":"tag-grand-est","15":"tag-news","16":"tag-republique-francaise","17":"tag-strasbourg"},"share_on_mastodon":{"url":"https:\/\/pubeurope.com\/@fr\/115120975531104857","error":""},"_links":{"self":[{"href":"https:\/\/www.europesays.com\/fr\/wp-json\/wp\/v2\/posts\/355616","targetHints":{"allow":["GET"]}}],"collection":[{"href":"https:\/\/www.europesays.com\/fr\/wp-json\/wp\/v2\/posts"}],"about":[{"href":"https:\/\/www.europesays.com\/fr\/wp-json\/wp\/v2\/types\/post"}],"author":[{"embeddable":true,"href":"https:\/\/www.europesays.com\/fr\/wp-json\/wp\/v2\/users\/2"}],"replies":[{"embeddable":true,"href":"https:\/\/www.europesays.com\/fr\/wp-json\/wp\/v2\/comments?post=355616"}],"version-history":[{"count":0,"href":"https:\/\/www.europesays.com\/fr\/wp-json\/wp\/v2\/posts\/355616\/revisions"}],"wp:featuredmedia":[{"embeddable":true,"href":"https:\/\/www.europesays.com\/fr\/wp-json\/wp\/v2\/media\/355617"}],"wp:attachment":[{"href":"https:\/\/www.europesays.com\/fr\/wp-json\/wp\/v2\/media?parent=355616"}],"wp:term":[{"taxonomy":"category","embeddable":true,"href":"https:\/\/www.europesays.com\/fr\/wp-json\/wp\/v2\/categories?post=355616"},{"taxonomy":"post_tag","embeddable":true,"href":"https:\/\/www.europesays.com\/fr\/wp-json\/wp\/v2\/tags?post=355616"}],"curies":[{"name":"wp","href":"https:\/\/api.w.org\/{rel}","templated":true}]}}