{"id":355620,"date":"2025-08-31T02:19:45","date_gmt":"2025-08-31T02:19:45","guid":{"rendered":"https:\/\/www.europesays.com\/fr\/355620\/"},"modified":"2025-08-31T02:19:45","modified_gmt":"2025-08-31T02:19:45","slug":"exclusif-cultura-prepare-son-arrivee-a-nantes","status":"publish","type":"post","link":"https:\/\/www.europesays.com\/fr\/355620\/","title":{"rendered":"Exclusif : Cultura pr\u00e9pare son arriv\u00e9e \u00e0 Nantes"},"content":{"rendered":"<p>            <img width=\"1459\" height=\"972\" src=\"https:\/\/www.europesays.com\/fr\/wp-content\/uploads\/2025\/08\/cultura_nantes.jpg\" class=\"attachment-full size-full wp-post-image\" alt=\"\" decoding=\"async\" loading=\"lazy\"  \/><br \/>\nUne info Sorties \u00e0 Nantes<\/p>\n<p>C\u2019est une <strong>information exclusive r\u00e9v\u00e9l\u00e9e par Sorties \u00e0 Nantes<\/strong> : l\u2019enseigne fran\u00e7aise <strong>Cultura<\/strong> est en passe de s\u2019implanter \u00e0 Nantes. Selon nos informations, la marque est actuellement \u00e0 la recherche d\u2019un local, avec une forte probabilit\u00e9 d\u2019ouverture sur la <strong>route de Vannes<\/strong>, axe commercial incontournable de l\u2019agglom\u00e9ration.<\/p>\n<p><img loading=\"lazy\" decoding=\"async\" width=\"1024\" height=\"683\" src=\"https:\/\/www.europesays.com\/fr\/wp-content\/uploads\/2025\/08\/success-story-cultura-numero-culture-f4737570244813274708-1024x683.jpg\" alt=\"\" class=\"wp-image-59011\"  \/><\/p>\n<p>Une enseigne qui place la culture au c\u0153ur de son concept<\/p>\n<p>Fond\u00e9e en 1998, <strong>Cultura<\/strong> s\u2019est impos\u00e9e comme l\u2019un des leaders fran\u00e7ais dans la distribution de produits culturels et cr\u00e9atifs. L\u2019enseigne propose un large \u00e9ventail : <strong>livres, musique, papeterie, loisirs cr\u00e9atifs, jeux de soci\u00e9t\u00e9, jeux vid\u00e9o, instruments de musique, billetterie<\/strong>\u2026 Mais Cultura, ce n\u2019est pas qu\u2019un magasin : c\u2019est aussi un lieu vivant, avec des <strong>ateliers et animations<\/strong> qui rassemblent une communaut\u00e9 de passionn\u00e9s.<\/p>\n<p>La route de Vannes, un choix strat\u00e9gique<\/p>\n<p>Avec ses dizaines d\u2019enseignes et son flux permanent de visiteurs, la <strong>route de Vannes<\/strong> s\u2019impose comme l\u2019un des plus grands p\u00f4les commerciaux de Nantes et sa m\u00e9tropole. L\u2019installation de Cultura dans ce secteur offrirait une nouvelle dimension \u00e0 l\u2019offre locale, jusque-l\u00e0 d\u00e9pourvue de grande enseigne culturelle de ce type.<\/p>\n<p>Une attente forte du public nantais<\/p>\n<p>L\u2019id\u00e9e d\u2019accueillir un Cultura \u00e0 Nantes circule depuis plusieurs ann\u00e9es et revient r\u00e9guli\u00e8rement dans les discussions locales. Pour beaucoup d\u2019habitants, l\u2019enseigne comblerait un manque, apportant un espace m\u00ealant <strong>culture, cr\u00e9ativit\u00e9 et loisirs<\/strong>, accessible \u00e0 toutes les g\u00e9n\u00e9rations.<\/p>\n<p>\ud83d\udccc <strong>\u00c0 propos de Cultura<\/strong><\/p>\n<ul class=\"wp-block-list\">\n<li><strong>Cr\u00e9ation<\/strong> : 1998, par Philippe Van der Wees, entrepreneur fran\u00e7ais.<\/li>\n<li><strong>Si\u00e8ge social<\/strong> : M\u00e9rignac, pr\u00e8s de Bordeaux.<\/li>\n<li><strong>Nombre de magasins<\/strong> : plus de 100 en France.<\/li>\n<li><strong>Positionnement<\/strong> : 3\u1d49 acteur de la distribution culturelle derri\u00e8re Leclerc et la Fnac.<\/li>\n<li><strong>Particularit\u00e9<\/strong> : au-del\u00e0 de la vente, l\u2019enseigne propose des <strong>ateliers de loisirs cr\u00e9atifs et culturels<\/strong> pour petits et grands.<\/li>\n<\/ul>\n<p>\n\tSimilaire<\/p>\n","protected":false},"excerpt":{"rendered":"Une info Sorties \u00e0 Nantes C\u2019est une information exclusive r\u00e9v\u00e9l\u00e9e par Sorties \u00e0 Nantes : l\u2019enseigne fran\u00e7aise Cultura&hellip;\n","protected":false},"author":2,"featured_media":355621,"comment_status":"","ping_status":"","sticky":false,"template":"","format":"standard","meta":{"footnotes":""},"categories":[2818],"tags":[1111,11,1777,674,1011,27,766,12,2636,25],"class_list":{"0":"post-355620","1":"post","2":"type-post","3":"status-publish","4":"format-standard","5":"has-post-thumbnail","7":"category-nantes","8":"tag-actu","9":"tag-actualites","10":"tag-eu","11":"tag-europe","12":"tag-fr","13":"tag-france","14":"tag-nantes","15":"tag-news","16":"tag-pays-de-la-loire","17":"tag-republique-francaise"},"share_on_mastodon":{"url":"https:\/\/pubeurope.com\/@fr\/115120987744271507","error":""},"_links":{"self":[{"href":"https:\/\/www.europesays.com\/fr\/wp-json\/wp\/v2\/posts\/355620","targetHints":{"allow":["GET"]}}],"collection":[{"href":"https:\/\/www.europesays.com\/fr\/wp-json\/wp\/v2\/posts"}],"about":[{"href":"https:\/\/www.europesays.com\/fr\/wp-json\/wp\/v2\/types\/post"}],"author":[{"embeddable":true,"href":"https:\/\/www.europesays.com\/fr\/wp-json\/wp\/v2\/users\/2"}],"replies":[{"embeddable":true,"href":"https:\/\/www.europesays.com\/fr\/wp-json\/wp\/v2\/comments?post=355620"}],"version-history":[{"count":0,"href":"https:\/\/www.europesays.com\/fr\/wp-json\/wp\/v2\/posts\/355620\/revisions"}],"wp:featuredmedia":[{"embeddable":true,"href":"https:\/\/www.europesays.com\/fr\/wp-json\/wp\/v2\/media\/355621"}],"wp:attachment":[{"href":"https:\/\/www.europesays.com\/fr\/wp-json\/wp\/v2\/media?parent=355620"}],"wp:term":[{"taxonomy":"category","embeddable":true,"href":"https:\/\/www.europesays.com\/fr\/wp-json\/wp\/v2\/categories?post=355620"},{"taxonomy":"post_tag","embeddable":true,"href":"https:\/\/www.europesays.com\/fr\/wp-json\/wp\/v2\/tags?post=355620"}],"curies":[{"name":"wp","href":"https:\/\/api.w.org\/{rel}","templated":true}]}}