{"id":355624,"date":"2025-08-31T02:22:24","date_gmt":"2025-08-31T02:22:24","guid":{"rendered":"https:\/\/www.europesays.com\/fr\/355624\/"},"modified":"2025-08-31T02:22:24","modified_gmt":"2025-08-31T02:22:24","slug":"bordeaux-metropole-traque-et-verbalise-a-son-tour-les-depots-sauvages-de-dechets-encombrants","status":"publish","type":"post","link":"https:\/\/www.europesays.com\/fr\/355624\/","title":{"rendered":"Bordeaux M\u00e9tropole traque et verbalise \u00e0 son tour les d\u00e9p\u00f4ts sauvages de d\u00e9chets encombrants"},"content":{"rendered":"<p>Des panneaux rose flashy annon\u00e7ant \u00ab\u00a0une enqu\u00eate en cours\u00a0\u00bb autour de d\u00e9p\u00f4ts d\u2019encombrants ceintur\u00e9s de barri\u00e8res ont fait leur apparition depuis juillet dans certaines rues de Bordeaux. Ce nouveau dispositif, exp\u00e9rimental, est mis en place par Bordeaux M\u00e9tropole dans le cadre de l\u2019op\u00e9ration \u00ab\u00a0Rues propres\u00a0\u00bb.<\/p>\n<p>\u00c0 qui s\u2019en \u00e9tonnerait, alors que la Ville de Bordeaux a d\u00e9ploy\u00e9 en novembre dernier sa <a href=\"https:\/\/www.sudouest.fr\/societe\/bordeaux-la-mairie-cree-brigade-une-anti-incivilites-pour-des-espaces-publics-bien-tenus-propres-et-securises-18250222.php\" target=\"_blank\" rel=\"follow nofollow noopener\">brigade anti-incivilit\u00e9s (BAI)<\/a>, Jean-Baptiste Thony r\u00e9pond que \u00ab\u00a0la gestion des d\u00e9chets est l\u2019affaire de tous\u00a0!\u00a0\u00bb Pour le conseiller municipal et m\u00e9tropolitain en charge des d\u00e9chets, il s\u2019agit \u00ab\u00a0de manier intelligemment les diff\u00e9rentes comp\u00e9tences des collectivit\u00e9s\u00a0\u00bb. L\u2019\u00e9lu pr\u00e9cise ainsi\u00a0: \u00ab\u00a0\u00c0 la M\u00e9tropole les d\u00e9chets et la propret\u00e9, et \u00e0 la Ville les pouvoirs de police.\u00a0\u00bb Avec l\u2019objectif commun pour ces institutions de \u00ab\u00a0faciliter l\u2019accessibilit\u00e9 des espaces publics\u00a0\u00bb en m\u00eame temps que \u00ab\u00a0mettre un terme \u00e0 de mauvaises habitudes prises depuis longtemps\u00a0\u00bb.<\/p>\n<p>Jusqu\u2019\u00e0 1\u00a0500\u00a0euros d\u2019amende<\/p>\n<p>\u00c0 savoir le recours un peu trop syst\u00e9matique au num\u00e9ro unique d\u2019<a href=\"https:\/\/www.bordeaux.fr\/allo-mairie-proximite-un-numero-unique-pour-vos-demandes-au-quotidien\" target=\"_blank\" rel=\"nofollow noopener\">All\u00f4 mairie de proximit\u00e9 <\/a>qui, s\u2019il permet de signaler les d\u00e9p\u00f4ts sauvages, est devenu pour certains une solution de facilit\u00e9 \u2013 et \u00e0 moindre co\u00fbt \u2013 \u00e0 l\u2019enl\u00e8vement de leurs encombrants. Face au constat de leur multiplication, le P\u00f4le territorial de Bordeaux M\u00e9tropole entend donc mener une action r\u00e9pressive autant que p\u00e9dagogique.<\/p>\n<p>Ainsi, pour tout d\u00e9p\u00f4t n\u2019ayant pas fait l\u2019objet d\u2019un signalement pr\u00e9alable et ne disposant pas d\u2019un num\u00e9ro d\u2019enregistrement, ou si celui-ci est r\u00e9alis\u00e9 trop en amont de la collecte programm\u00e9e, une signal\u00e9tique sp\u00e9cifique est appos\u00e9e et donnera lieu \u00e0 des investigations du centre d\u2019incivilit\u00e9s de la M\u00e9tropole. Les contrevenants, une fois identifi\u00e9s, seront alors verbalis\u00e9s d\u2019une amende pouvant s\u2019\u00e9lever \u00e0 1\u00a0500\u00a0euros, \u00e0 laquelle s\u2019ajouteront les frais de traitement des d\u00e9chets.<\/p>\n<p>Faire changer les comportements<\/p>\n<p>Dans les quartiers de Nansouty et Saint-Augustin, o\u00f9 la M\u00e9tropole g\u00e8re en direct la collecte des encombrants facilitant ainsi l\u2019exp\u00e9rimentation, les effets du dispositif montrent d\u00e9j\u00e0 leur efficacit\u00e9. Et avant m\u00eame l\u2019\u00e9ch\u00e9ance d\u2019un premier bilan fix\u00e9e \u00e0 l\u2019automne. \u00ab\u00a0Il arrive en effet que des d\u00e9p\u00f4ts mat\u00e9rialis\u00e9s disparaissent d\u2019eux-m\u00eames\u00a0\u00bb, sourit Jean-Baptiste Thony. Preuve que la dimension r\u00e9pressive fait peur. L\u2019\u00e9lu s\u2019en f\u00e9licite, l\u2019essentiel \u00e9tant pour lui \u00ab\u00a0qu\u2019\u00e0 terme, les comportements changent\u00a0\u00bb.<\/p>\n<blockquote><p>Pour tout d\u00e9p\u00f4t n\u2019ayant pas fait l\u2019objet d\u2019un signalement pr\u00e9alable, une signal\u00e9tique sp\u00e9cifique sera appos\u00e9e et donnera lieu \u00e0 des investigations du centre d\u2019incivilit\u00e9 de la M\u00e9tropole<\/p><\/blockquote>\n<p>Apr\u00e8s l\u2019\u00e9t\u00e9, et \u00ab\u00a0une mont\u00e9e en puissance du dispositif\u00a0\u00bb, annonce le conseiller m\u00e9tropolitain, une \u00e9valuation quantitative des d\u00e9p\u00f4ts et des facturations permettra d\u2019envisager \u00ab\u00a0s\u2019il est pertinent de le g\u00e9n\u00e9raliser\u00a0\u00bb \u00e0 l\u2019ensemble des secteurs de Bordeaux. Quand bien m\u00eame ceux-ci sont g\u00e9r\u00e9s via des march\u00e9s publics.<\/p>\n<p>Dans le m\u00eame temps, Jean-Baptiste Thony, avec sa casquette d\u2019\u00e9lu municipal, annonce \u00ab\u00a0la distribution de flyers adapt\u00e9s \u00e0 chaque quartier bordelais\u00a0\u00bb. Chaque habitant se verra rappeler <a href=\"https:\/\/www.sudouest.fr\/gironde\/bordeaux\/bordeaux-metropole-les-jours-de-collecte-des-poubelles-changent-dans-13-communes-le-20-janvier-22867737.php\" target=\"_blank\" rel=\"follow nofollow noopener\">les jours de collecte des diff\u00e9rents bacs \u2013 qui ont \u00e9volu\u00e9 en janvier dernier\u00a0<\/a>\u2013, les modalit\u00e9s de recours \u00e0 l\u2019enl\u00e8vement des encombrants, et disposera de tous les contacts pour g\u00e9rer ses d\u00e9chets quels qu\u2019ils soient. O\u00f9 l\u2019on ne pourra plus plaider le manque d\u2019information.<\/p>\n","protected":false},"excerpt":{"rendered":"Des panneaux rose flashy annon\u00e7ant \u00ab\u00a0une enqu\u00eate en cours\u00a0\u00bb autour de d\u00e9p\u00f4ts d\u2019encombrants ceintur\u00e9s de barri\u00e8res ont fait&hellip;\n","protected":false},"author":2,"featured_media":355625,"comment_status":"","ping_status":"","sticky":false,"template":"","format":"standard","meta":{"footnotes":""},"categories":[2817],"tags":[1111,11,1997,1777,674,1011,27,12,2219,25],"class_list":{"0":"post-355624","1":"post","2":"type-post","3":"status-publish","4":"format-standard","5":"has-post-thumbnail","7":"category-bordeaux","8":"tag-actu","9":"tag-actualites","10":"tag-bordeaux","11":"tag-eu","12":"tag-europe","13":"tag-fr","14":"tag-france","15":"tag-news","16":"tag-nouvelle-aquitaine","17":"tag-republique-francaise"},"share_on_mastodon":{"url":"https:\/\/pubeurope.com\/@fr\/115120999279082543","error":""},"_links":{"self":[{"href":"https:\/\/www.europesays.com\/fr\/wp-json\/wp\/v2\/posts\/355624","targetHints":{"allow":["GET"]}}],"collection":[{"href":"https:\/\/www.europesays.com\/fr\/wp-json\/wp\/v2\/posts"}],"about":[{"href":"https:\/\/www.europesays.com\/fr\/wp-json\/wp\/v2\/types\/post"}],"author":[{"embeddable":true,"href":"https:\/\/www.europesays.com\/fr\/wp-json\/wp\/v2\/users\/2"}],"replies":[{"embeddable":true,"href":"https:\/\/www.europesays.com\/fr\/wp-json\/wp\/v2\/comments?post=355624"}],"version-history":[{"count":0,"href":"https:\/\/www.europesays.com\/fr\/wp-json\/wp\/v2\/posts\/355624\/revisions"}],"wp:featuredmedia":[{"embeddable":true,"href":"https:\/\/www.europesays.com\/fr\/wp-json\/wp\/v2\/media\/355625"}],"wp:attachment":[{"href":"https:\/\/www.europesays.com\/fr\/wp-json\/wp\/v2\/media?parent=355624"}],"wp:term":[{"taxonomy":"category","embeddable":true,"href":"https:\/\/www.europesays.com\/fr\/wp-json\/wp\/v2\/categories?post=355624"},{"taxonomy":"post_tag","embeddable":true,"href":"https:\/\/www.europesays.com\/fr\/wp-json\/wp\/v2\/tags?post=355624"}],"curies":[{"name":"wp","href":"https:\/\/api.w.org\/{rel}","templated":true}]}}