{"id":355626,"date":"2025-08-31T02:23:27","date_gmt":"2025-08-31T02:23:27","guid":{"rendered":"https:\/\/www.europesays.com\/fr\/355626\/"},"modified":"2025-08-31T02:23:27","modified_gmt":"2025-08-31T02:23:27","slug":"bordeaux-soffre-sa-premiere-victoire-de-la-saison","status":"publish","type":"post","link":"https:\/\/www.europesays.com\/fr\/355626\/","title":{"rendered":"Bordeaux s\u2019offre sa premi\u00e8re victoire de la saison"},"content":{"rendered":"<p>Ce samedi, les Girondins de <a href=\"https:\/\/www.footmercato.net\/club\/fc-girondins-de-bordeaux\/\" rel=\"nofollow noopener\" target=\"_blank\">Bordeaux<\/a> affrontaient les Voltigeurs de Chateaubriand pour le compte de la 3e journ\u00e9e du groupe A de <a href=\"https:\/\/www.footmercato.net\/france\/national-2\/\" rel=\"nofollow noopener\" target=\"_blank\">National 2<\/a>. Incapables de l\u2019emporter lors de leurs deux premiers matches, les hommes de Bruno Irles ont r\u00e9gl\u00e9 la mire ce samedi. Dominateurs en premi\u00e8re p\u00e9riode, les Bordelais ont \u00e9t\u00e9 surpris par la frappe ph\u00e9nom\u00e9nale d\u2019Alexandre Leroyer (1-0, 35e). <\/p>\n<p>            La suite apr\u00e8s cette publicit\u00e9<\/p>\n<p>Au retour des vestiaires, Bordeaux a renvers\u00e9 la vapeur. Royce Openda a inscrit le premier but de la saison du FCGB \u00e0 la 55e minute pour \u00e9galiser (1-1). Ensuite, Matthieu Villette (65e) et Luderic Etonde (1-3, 69e) ont permis \u00e0 Bordeaux de s\u00e9curiser son premier succ\u00e8s de la saison. <\/p>\n<p>\n    Pub. le 30\/08\/2025 20:05<br \/>\n            &#8211; MAJ le 30\/08\/2025 20:55\n    <\/p>\n","protected":false},"excerpt":{"rendered":"Ce samedi, les Girondins de Bordeaux affrontaient les Voltigeurs de Chateaubriand pour le compte de la 3e journ\u00e9e&hellip;\n","protected":false},"author":2,"featured_media":38290,"comment_status":"","ping_status":"","sticky":false,"template":"","format":"standard","meta":{"footnotes":""},"categories":[2817],"tags":[1111,11,1997,1777,674,1011,27,12,2219,25],"class_list":{"0":"post-355626","1":"post","2":"type-post","3":"status-publish","4":"format-standard","5":"has-post-thumbnail","7":"category-bordeaux","8":"tag-actu","9":"tag-actualites","10":"tag-bordeaux","11":"tag-eu","12":"tag-europe","13":"tag-fr","14":"tag-france","15":"tag-news","16":"tag-nouvelle-aquitaine","17":"tag-republique-francaise"},"share_on_mastodon":{"url":"https:\/\/pubeurope.com\/@fr\/115121003105804516","error":""},"_links":{"self":[{"href":"https:\/\/www.europesays.com\/fr\/wp-json\/wp\/v2\/posts\/355626","targetHints":{"allow":["GET"]}}],"collection":[{"href":"https:\/\/www.europesays.com\/fr\/wp-json\/wp\/v2\/posts"}],"about":[{"href":"https:\/\/www.europesays.com\/fr\/wp-json\/wp\/v2\/types\/post"}],"author":[{"embeddable":true,"href":"https:\/\/www.europesays.com\/fr\/wp-json\/wp\/v2\/users\/2"}],"replies":[{"embeddable":true,"href":"https:\/\/www.europesays.com\/fr\/wp-json\/wp\/v2\/comments?post=355626"}],"version-history":[{"count":0,"href":"https:\/\/www.europesays.com\/fr\/wp-json\/wp\/v2\/posts\/355626\/revisions"}],"wp:featuredmedia":[{"embeddable":true,"href":"https:\/\/www.europesays.com\/fr\/wp-json\/wp\/v2\/media\/38290"}],"wp:attachment":[{"href":"https:\/\/www.europesays.com\/fr\/wp-json\/wp\/v2\/media?parent=355626"}],"wp:term":[{"taxonomy":"category","embeddable":true,"href":"https:\/\/www.europesays.com\/fr\/wp-json\/wp\/v2\/categories?post=355626"},{"taxonomy":"post_tag","embeddable":true,"href":"https:\/\/www.europesays.com\/fr\/wp-json\/wp\/v2\/tags?post=355626"}],"curies":[{"name":"wp","href":"https:\/\/api.w.org\/{rel}","templated":true}]}}