{"id":355637,"date":"2025-08-31T02:30:19","date_gmt":"2025-08-31T02:30:19","guid":{"rendered":"https:\/\/www.europesays.com\/fr\/355637\/"},"modified":"2025-08-31T02:30:19","modified_gmt":"2025-08-31T02:30:19","slug":"bloquons-tout-un-collectif-lyonnais-appelle-a-la-mobilisation-le-10-septembre","status":"publish","type":"post","link":"https:\/\/www.europesays.com\/fr\/355637\/","title":{"rendered":"\u00ab\u00a0Bloquons tout\u00a0\u00bb : un collectif lyonnais appelle \u00e0 la mobilisation le 10 septembre"},"content":{"rendered":"<p class=\"content\" style=\"font-size:1.2em;font-weight:700\">Alors qu&rsquo;un mouvement national d&rsquo;ampleur est pr\u00e9vu le 10 septembre prochain, le collectif lyonnais \u00ab\u00a0Indignons-nous ! Bloquons tout !\u00a0\u00bb appelle \u00e0 la mobilisation.<\/p>\n<p>Le ton est donn\u00e9 et la col\u00e8re gronde. En marge du mouvement d&rsquo;ampleur lanc\u00e9 visant \u00e0 bloquer tout le pays le 10 septembre prochain, un collectif lyonnais a ajout\u00e9 sa pierre \u00e0 l&rsquo;\u00e9difice ce vendredi 29 ao\u00fbt. \u00ab\u00a0Nous, collectif lyonnais du mouvement \u00abIndignons-nous ! Bloquons tout !\u00bb, appelons toute citoyenne et tout citoyen, oppos\u00e9-e \u00e0 l\u2019aust\u00e9rit\u00e9 du budget Bayrou et r\u00e9volt\u00e9-e par les gouvernements successifs, \u00e0 nous rejoindre dans la rue \u00e0 partir du 10 septembre\u00a0\u00bb, ont \u00e9crit ses membres dans un communiqu\u00e9. <\/p>\n<p>Parmi les nombreuses revendications du collectif figurent notamment la mise en place d&rsquo;une nouvelle constitution limitant les pouvoirs, une \u00ab\u00a0meilleure justice sociale, environnementale et fiscale\u00a0\u00bb ou encore la d\u00e9nonciation de la loi Duplomb, abrog\u00e9e au mois d&rsquo;ao\u00fbt. <\/p>\n<p>Le collectif rappelle \u00e9galement son soutien \u00e0 tous les peuples opprim\u00e9s et son opposition \u00ab\u00a0\u00e0 tous les g\u00e9nocides pass\u00e9s, pr\u00e9sents et futurs, notamment \u00e0 Gaza et en Birmanie\u00a0\u00bb. <\/p>\n<p>Un blocage total de Lyon le 10 septembre ?<\/p>\n<p>Alors que le r\u00e9seau TCL a annonc\u00e9 une journ\u00e9e noire dans les transports en commun le 8 septembre, l&rsquo;appel au blocage national r\u00e9unirait d\u00e9j\u00e0 plusieurs milliers de personnes \u00e0 Lyon et dans le Rh\u00f4ne, notamment sur les r\u00e9seaux sociaux. Et si ces regroupements ne sont pour l&rsquo;instant que virtuels, de nombreuses affiches appelant au blocage total se multiplient dans la ville.<\/p>\n<p>Le mouvement sera-t-il suivi ? Les gilets jaunes appellent eux aussi d\u00e9j\u00e0 \u00e0 la mobilisation. <\/p>\n<p><strong>Lire aussi :<\/strong> <a href=\"https:\/\/www.lyoncapitale.fr\/actualite\/lyon-un-mouvement-de-greve-sur-le-reseau-tcl-prevu-le-8-septembre\" target=\"_blank\" rel=\"noreferrer noopener nofollow\">Lyon : un mouvement de gr\u00e8ve sur le r\u00e9seau TCL pr\u00e9vu le 8 septembre<\/a><\/p>\n","protected":false},"excerpt":{"rendered":"Alors qu&rsquo;un mouvement national d&rsquo;ampleur est pr\u00e9vu le 10 septembre prochain, le collectif lyonnais \u00ab\u00a0Indignons-nous ! Bloquons tout&hellip;\n","protected":false},"author":2,"featured_media":355638,"comment_status":"","ping_status":"","sticky":false,"template":"","format":"standard","meta":{"footnotes":""},"categories":[1889],"tags":[1111,11,2430,1777,674,1011,27,2428,12,25],"class_list":{"0":"post-355637","1":"post","2":"type-post","3":"status-publish","4":"format-standard","5":"has-post-thumbnail","7":"category-lyon","8":"tag-actu","9":"tag-actualites","10":"tag-auvergne-rhone-alpes","11":"tag-eu","12":"tag-europe","13":"tag-fr","14":"tag-france","15":"tag-lyon","16":"tag-news","17":"tag-republique-francaise"},"share_on_mastodon":{"url":"https:\/\/pubeurope.com\/@fr\/115121030707518256","error":""},"_links":{"self":[{"href":"https:\/\/www.europesays.com\/fr\/wp-json\/wp\/v2\/posts\/355637","targetHints":{"allow":["GET"]}}],"collection":[{"href":"https:\/\/www.europesays.com\/fr\/wp-json\/wp\/v2\/posts"}],"about":[{"href":"https:\/\/www.europesays.com\/fr\/wp-json\/wp\/v2\/types\/post"}],"author":[{"embeddable":true,"href":"https:\/\/www.europesays.com\/fr\/wp-json\/wp\/v2\/users\/2"}],"replies":[{"embeddable":true,"href":"https:\/\/www.europesays.com\/fr\/wp-json\/wp\/v2\/comments?post=355637"}],"version-history":[{"count":0,"href":"https:\/\/www.europesays.com\/fr\/wp-json\/wp\/v2\/posts\/355637\/revisions"}],"wp:featuredmedia":[{"embeddable":true,"href":"https:\/\/www.europesays.com\/fr\/wp-json\/wp\/v2\/media\/355638"}],"wp:attachment":[{"href":"https:\/\/www.europesays.com\/fr\/wp-json\/wp\/v2\/media?parent=355637"}],"wp:term":[{"taxonomy":"category","embeddable":true,"href":"https:\/\/www.europesays.com\/fr\/wp-json\/wp\/v2\/categories?post=355637"},{"taxonomy":"post_tag","embeddable":true,"href":"https:\/\/www.europesays.com\/fr\/wp-json\/wp\/v2\/tags?post=355637"}],"curies":[{"name":"wp","href":"https:\/\/api.w.org\/{rel}","templated":true}]}}