{"id":355639,"date":"2025-08-31T02:31:22","date_gmt":"2025-08-31T02:31:22","guid":{"rendered":"https:\/\/www.europesays.com\/fr\/355639\/"},"modified":"2025-08-31T02:31:22","modified_gmt":"2025-08-31T02:31:22","slug":"lyon-veut-soffrir-william-boving","status":"publish","type":"post","link":"https:\/\/www.europesays.com\/fr\/355639\/","title":{"rendered":"Lyon veut s&rsquo;offrir William B\u00f8ving"},"content":{"rendered":"<p style=\"text-align: justify;\"><strong>TRANSFERTS LYON \u2013 Selon Foot Mercato, l\u2019Olympique Lyonnais tente de recruter l\u2019attaquant danois William B\u00f8ving.<\/strong><\/p>\n<p style=\"text-align: justify;\">Avec le d\u00e9part de <strong>Georges Mikautadze<\/strong> pour <strong>Villarreal<\/strong>, l\u2019<strong>Olympique Lyonnais<\/strong> doit vite r\u00e9agir pour recruter deux avant-centres. Les <strong>Rhodaniens<\/strong> ont d\u00e9j\u00e0 trouv\u00e9 le premier, puisque <strong>Martin Satriano\u00a0<\/strong>va \u00eatre pr\u00eat\u00e9 pour une saison par le <strong>RC Lens<\/strong> avec une option d\u2019achat. C\u2019est un pari pour les <strong>Lyonnais,<\/strong> puisque l\u2019<strong>Uruguayen<\/strong> n\u2019a pas jou\u00e9 depuis de longs mois \u00e0 cause d\u2019une blessure.<\/p>\n<p><a href=\"https:\/\/dicodusport.fr\/blog\/transferts-lens-martin-satriano-signe-a-lyon\/\" class=\"vlp-link\" title=\"Transferts Lens : Martin Satriano signe \u00e0 Lyon\" target=\"_blank\" rel=\"noopener\"><img loading=\"lazy\" decoding=\"async\" style=\"max-width: 792px;\" width=\"792\" height=\"445\" class=\"attachment-800x445 size-800x445 perfmatters-lazy\" alt=\"Transferts Lens : Martin Satriano signe \u00e0 Lyon\" src=\"https:\/\/www.europesays.com\/fr\/wp-content\/uploads\/2025\/08\/Transferts-Lens-Martin-Satriano-signe-a-Lyon.png\"  data-\/><\/p>\n<p>Transferts Lens : Martin Satriano signe \u00e0 Lyon<\/p>\n<p>TRANSFERTS LENS &#8211; Non utilis\u00e9 par Pierre Sage depuis le d\u00e9but de la saison, l&rsquo;attaquant uruguayen Martin Satriano va \u00eatre pr\u00eat\u00e9 \u00e0 l&rsquo;OL.<\/p>\n<p>Lire l&rsquo;article<\/p>\n<p>dicodusport.fr<\/p>\n<p>L\u2019OL vise William B\u00f8ving<\/p>\n<p style=\"text-align: justify;\">Pour le deuxi\u00e8me joueur recherch\u00e9 \u00e0 ce poste, l\u2019<strong>OL<\/strong> a notamment sond\u00e9 <strong>Lassine<\/strong> <strong>Sinayoko,<\/strong> mais le dossier ne sera pas simple \u00e0 boucler puisque <strong>Auxerre<\/strong> est gourmand pour son transfert, malgr\u00e9 une seule ann\u00e9e de contrat restante. Selon nos confr\u00e8res, <strong>Lyon<\/strong> a pris des renseignements pour un joueur m\u00e9connu en <strong>France<\/strong>, <strong>William<\/strong> <strong>B\u00f8ving<\/strong>.<\/p>\n<p style=\"text-align: justify;\">L\u2019international espoirs danois sort d\u2019une bonne saison avec le Sturm Graz et est dans les petits papiers de <strong>Mayence<\/strong>. Le club autrichien a d\u00e9j\u00e0 repouss\u00e9 deux offres de la formation de <strong>Bundesliga<\/strong>. <strong>Lyon<\/strong> veut essayer de profiter de la situation pour boucler son arriv\u00e9e avant la fin du mercato, ce lundi soir \u00e0 20h00. <strong>William<\/strong> <strong>B\u00f8ving<\/strong>, capable d\u2019\u00e9voluer aussi \u00e0 gauche, est \u00e9valu\u00e9 \u00e0 8 millions d\u2019euros.<\/p>\n<p>\u00c0 ce sujet<br \/>\n<a href=\"https:\/\/dicodusport.fr\/blog\/mercato-ol-2025-2026-le-tableau-complet-des-transferts-arrivees-et-departs\/\" class=\"vlp-link\" title=\"Mercato OL 2025-2026 : Le tableau complet des transferts, arriv\u00e9es et d\u00e9parts\" target=\"_blank\" rel=\"noopener\"><img loading=\"lazy\" decoding=\"async\" style=\"max-width: 792px;\" width=\"792\" height=\"445\" class=\"attachment-800x445 size-800x445 perfmatters-lazy\" alt=\"Mercato OL 2025-2026 Le tableau complet des transferts, arriv\u00e9es et d\u00e9parts\" src=\"https:\/\/www.europesays.com\/fr\/wp-content\/uploads\/2025\/07\/Mercato-OL-2025-2026-Le-tableau-complet-des-transferts-arrivees-et-departs.png\"  data-\/><\/p>\n<p>Mercato OL 2025-2026 : Le tableau complet des transferts, arriv\u00e9es et d\u00e9parts<\/p>\n<p>TRANSFERTS OL &#8211; Retrouvez tous les mouvements de l&rsquo;Olympique Lyonnais pour l&rsquo;intersaison 2025 en Ligue 1. Arriv\u00e9es, d\u00e9part, pr\u00eats, transferts d\u00e9finitifs, ne ratez rien du mercato estival.\u00a0<\/p>\n<p>Lire l&rsquo;article<\/p>\n<p>dicodusport.fr<\/p>\n","protected":false},"excerpt":{"rendered":"TRANSFERTS LYON \u2013 Selon Foot Mercato, l\u2019Olympique Lyonnais tente de recruter l\u2019attaquant danois William B\u00f8ving. Avec le d\u00e9part&hellip;\n","protected":false},"author":2,"featured_media":355640,"comment_status":"","ping_status":"","sticky":false,"template":"","format":"standard","meta":{"footnotes":""},"categories":[1889],"tags":[1111,11,2430,2113,1777,674,1011,27,66,2428,12,241,25],"class_list":{"0":"post-355639","1":"post","2":"type-post","3":"status-publish","4":"format-standard","5":"has-post-thumbnail","7":"category-lyon","8":"tag-actu","9":"tag-actualites","10":"tag-auvergne-rhone-alpes","11":"tag-breve","12":"tag-eu","13":"tag-europe","14":"tag-fr","15":"tag-france","16":"tag-ligue-1","17":"tag-lyon","18":"tag-news","19":"tag-ol","20":"tag-republique-francaise"},"share_on_mastodon":{"url":"https:\/\/pubeurope.com\/@fr\/115121034661964289","error":""},"_links":{"self":[{"href":"https:\/\/www.europesays.com\/fr\/wp-json\/wp\/v2\/posts\/355639","targetHints":{"allow":["GET"]}}],"collection":[{"href":"https:\/\/www.europesays.com\/fr\/wp-json\/wp\/v2\/posts"}],"about":[{"href":"https:\/\/www.europesays.com\/fr\/wp-json\/wp\/v2\/types\/post"}],"author":[{"embeddable":true,"href":"https:\/\/www.europesays.com\/fr\/wp-json\/wp\/v2\/users\/2"}],"replies":[{"embeddable":true,"href":"https:\/\/www.europesays.com\/fr\/wp-json\/wp\/v2\/comments?post=355639"}],"version-history":[{"count":0,"href":"https:\/\/www.europesays.com\/fr\/wp-json\/wp\/v2\/posts\/355639\/revisions"}],"wp:featuredmedia":[{"embeddable":true,"href":"https:\/\/www.europesays.com\/fr\/wp-json\/wp\/v2\/media\/355640"}],"wp:attachment":[{"href":"https:\/\/www.europesays.com\/fr\/wp-json\/wp\/v2\/media?parent=355639"}],"wp:term":[{"taxonomy":"category","embeddable":true,"href":"https:\/\/www.europesays.com\/fr\/wp-json\/wp\/v2\/categories?post=355639"},{"taxonomy":"post_tag","embeddable":true,"href":"https:\/\/www.europesays.com\/fr\/wp-json\/wp\/v2\/tags?post=355639"}],"curies":[{"name":"wp","href":"https:\/\/api.w.org\/{rel}","templated":true}]}}