{"id":355649,"date":"2025-08-31T02:38:14","date_gmt":"2025-08-31T02:38:14","guid":{"rendered":"https:\/\/www.europesays.com\/fr\/355649\/"},"modified":"2025-08-31T02:38:14","modified_gmt":"2025-08-31T02:38:14","slug":"le-secretaire-general-du-conseil-de-leurope-hospitalise","status":"publish","type":"post","link":"https:\/\/www.europesays.com\/fr\/355649\/","title":{"rendered":"Le secr\u00e9taire g\u00e9n\u00e9ral du Conseil de l&rsquo;Europe hospitalis\u00e9"},"content":{"rendered":"<p>&#13;<br \/>\n                        Le secr\u00e9taire g\u00e9n\u00e9ral du Conseil de l&rsquo;Europe hospitalis\u00e9&#13;\n                    <\/p>\n<p style=\"text-align:\">Le secr\u00e9taire g\u00e9n\u00e9ral du Conseil de l&rsquo;Europe, le Suisse Alain Berset, a \u00e9t\u00e9 hospitalis\u00e9 mais son \u00e9tat n&rsquo;est \u00ab\u00a0pas pr\u00e9occupant\u00a0\u00bb, a indiqu\u00e9 samedi 30 ao\u00fbt l&rsquo;institution, vigie des droits de l&rsquo;homme sur le continent.<\/p>\n<p><a href=\"https:\/\/lecourrier.vn\/crise-au-belarus-le-conseil-de-leurope-appelle-a-un-dialogue-national\/834889.html\" title=\"Crise au B\u00e9larus : le Conseil de l&#039;Europe appelle \u00e0 &lt;em&gt;&quot;un dialogue national&quot;&lt;\/em&gt;\" rel=\"nofollow noopener\" target=\"_blank\">&gt;&gt; Crise au B\u00e9larus : le Conseil de l&rsquo;Europe appelle \u00e0 \u00ab\u00a0un dialogue national\u00a0\u00bb<\/a><\/p>\n<p><a href=\"https:\/\/lecourrier.vn\/la-russie-est-prete-a-ouvrir-le-dialogue-avec-le-conseil-de-leurope\/907436.html\" title=\"La Russie est pr\u00eate \u00e0 ouvrir le dialogue avec le Conseil de l&#039;Europe\" rel=\"nofollow noopener\" target=\"_blank\">&gt;&gt; La Russie est pr\u00eate \u00e0 ouvrir le dialogue avec le Conseil de l&rsquo;Europe<\/a><\/p>\n<p><a href=\"https:\/\/lecourrier.vn\/guerre-en-ukraine-le-conseil-de-leurope-suspend-la-russie\/968952.html\" title=\"Guerre en Ukraine : le Conseil de l&#039;Europe &quot;&lt;em&gt;suspend&lt;\/em&gt;&quot; la Russie\" rel=\"nofollow noopener\" target=\"_blank\">&gt;&gt; Guerre en Ukraine : le Conseil de l&rsquo;Europe \u00ab\u00a0suspend\u00a0\u00bb la Russie<\/a><\/p>\n<tr>\n<td class=\"pic\"><img decoding=\"async\" class=\"lazyload\" src=\"https:\/\/www.europesays.com\/fr\/wp-content\/uploads\/2025\/08\/064911-field_media_image-2951378-bf50e5d46afe18e888d7de7427bab61b24be5f70.webp.webp\" alt=\"\"\/><\/td>\n<\/tr>\n<tr>\n<td class=\"caption\">Le secr\u00e9taire g\u00e9n\u00e9ral du Conseil de l&rsquo;Europe Alain Berset arrive pour un sommet sur l&rsquo;intelligence artificielle \u00e0 Paris, le 11 f\u00e9vrier 2025.<\/td>\n<\/tr>\n<tr align=\"right\">\n<td class=\"author\">Photo : AFP\/VNA\/CVN<\/td>\n<\/tr>\n<p style=\"text-align:left\">\u00ab\u00a0Le secr\u00e9taire g\u00e9n\u00e9ral du Conseil de l&rsquo;Europe, Alain Berset, a \u00e9t\u00e9 hospitalis\u00e9 dans la nuit de vendredi \u00e0 samedi 30 ao\u00fbt. Son \u00e9tat n&rsquo;est pas pr\u00e9occupant, mais il restera en observation quelques jours par mesure de pr\u00e9caution\u00a0\u00bb, a indiqu\u00e9 dans un communiqu\u00e9 le Conseil de l&rsquo;Europe.<\/p>\n<p style=\"text-align:left\">Sa participation au Forum strat\u00e9gique de Bled, en Slov\u00e9nie, qui se tient lundi 1er septembre et mardi 2 septembre, a \u00e9t\u00e9 annul\u00e9e, pr\u00e9cise l&rsquo;institution et \u00ab\u00a0\u00e0 ce stade, sa participation aux engagements pr\u00e9vus la semaine prochaine reste incertaine\u00a0\u00bb.<\/p>\n<p style=\"text-align:left\">Fond\u00e9 en 1949 \u00e0 Strasbourg, le Conseil de l&rsquo;Europe r\u00e9unit 46 pays depuis l&rsquo;exclusion de la Russie en 2022 \u00e0 la suite de l&rsquo;invasion de l&rsquo;Ukraine.<\/p>\n<p style=\"text-align:left\">Alain Berset, 53 ans, en est devenu le secr\u00e9taire g\u00e9n\u00e9ral en septembre 2024.<\/p>\n<p style=\"text-align:left\">Auparavant, M. Berset a \u00e9t\u00e9 ministre \u00e9lu du Gouvernement suisse (Conseil f\u00e9d\u00e9ral) entre 2012 et 2023. Il a aussi occup\u00e9 par deux fois la pr\u00e9sidence tournante de la Conf\u00e9d\u00e9ration helv\u00e9tique, en 2018 et en 2023.<\/p>\n<p style=\"text-align:right\"><b>AFP\/VNA\/CVN<\/b><\/p>\n","protected":false},"excerpt":{"rendered":"&#13; Le secr\u00e9taire g\u00e9n\u00e9ral du Conseil de l&rsquo;Europe hospitalis\u00e9&#13; Le secr\u00e9taire g\u00e9n\u00e9ral du Conseil de l&rsquo;Europe, le Suisse&hellip;\n","protected":false},"author":2,"featured_media":355650,"comment_status":"","ping_status":"","sticky":false,"template":"","format":"standard","meta":{"footnotes":""},"categories":[1591],"tags":[11,49168,1887,12,1885,1886,132],"class_list":{"0":"post-355649","1":"post","2":"type-post","3":"status-publish","4":"format-standard","5":"has-post-thumbnail","7":"category-russie","8":"tag-actualites","9":"tag-conseil-de-l","10":"tag-federation-de-russie","11":"tag-news","12":"tag-russia","13":"tag-russian-federation","14":"tag-russie"},"share_on_mastodon":{"url":"https:\/\/pubeurope.com\/@fr\/115121062184803996","error":""},"_links":{"self":[{"href":"https:\/\/www.europesays.com\/fr\/wp-json\/wp\/v2\/posts\/355649","targetHints":{"allow":["GET"]}}],"collection":[{"href":"https:\/\/www.europesays.com\/fr\/wp-json\/wp\/v2\/posts"}],"about":[{"href":"https:\/\/www.europesays.com\/fr\/wp-json\/wp\/v2\/types\/post"}],"author":[{"embeddable":true,"href":"https:\/\/www.europesays.com\/fr\/wp-json\/wp\/v2\/users\/2"}],"replies":[{"embeddable":true,"href":"https:\/\/www.europesays.com\/fr\/wp-json\/wp\/v2\/comments?post=355649"}],"version-history":[{"count":0,"href":"https:\/\/www.europesays.com\/fr\/wp-json\/wp\/v2\/posts\/355649\/revisions"}],"wp:featuredmedia":[{"embeddable":true,"href":"https:\/\/www.europesays.com\/fr\/wp-json\/wp\/v2\/media\/355650"}],"wp:attachment":[{"href":"https:\/\/www.europesays.com\/fr\/wp-json\/wp\/v2\/media?parent=355649"}],"wp:term":[{"taxonomy":"category","embeddable":true,"href":"https:\/\/www.europesays.com\/fr\/wp-json\/wp\/v2\/categories?post=355649"},{"taxonomy":"post_tag","embeddable":true,"href":"https:\/\/www.europesays.com\/fr\/wp-json\/wp\/v2\/tags?post=355649"}],"curies":[{"name":"wp","href":"https:\/\/api.w.org\/{rel}","templated":true}]}}