{"id":355661,"date":"2025-08-31T02:44:30","date_gmt":"2025-08-31T02:44:30","guid":{"rendered":"https:\/\/www.europesays.com\/fr\/355661\/"},"modified":"2025-08-31T02:44:30","modified_gmt":"2025-08-31T02:44:30","slug":"vetos-du-president-dextreme-droite-sur-les-politiques-centristes","status":"publish","type":"post","link":"https:\/\/www.europesays.com\/fr\/355661\/","title":{"rendered":"v\u00e9tos du pr\u00e9sident d\u2019extr\u00eame-droite sur les politiques centristes\u2026"},"content":{"rendered":"<p><a href=\"https:\/\/blogger.googleusercontent.com\/img\/b\/R29vZ2xl\/AVvXsEjI-JIhsip8lkQy70NqywgQBou9-9oG8Nxt0aNMrN_2py3Mk1Ot6gLwjUTKU376vQdMDv-nfTBSmdcruQapKhQWqB_qNsIwWp_TMtfGf0zRS4CPKmq6MzMaVESwJv_9xl3xJoZxJmAyBKBcZNB2zhtSlpYmhXfKK7_k1m6bTGmCn3ZvRxh93tVoxA\/s244\/propos%20centristes%20union%20europ%C3%A9enne%203.JPG\" imageanchor=\"1\" style=\"clear: left; float: left; margin-bottom: 1em; margin-right: 1em;\" rel=\"nofollow noopener\" target=\"_blank\"><img loading=\"lazy\" decoding=\"async\" border=\"0\" data-original-height=\"206\" data-original-width=\"244\" height=\"206\" src=\"https:\/\/www.europesays.com\/fr\/wp-content\/uploads\/2025\/08\/1756608270_719_propos centristes union europ\u00e9enne 3.JPG\" width=\"244\"\/><\/a><\/p>\n<p class=\"MsoNormal\" style=\"text-align: justify;\"><b>V<\/b>oici une s\u00e9lection, ce 30 ao\u00fbt 2025, des derniers propos<br \/>\ntenus par des centristes dans les m\u00e9dias ou sur les r\u00e9seaux sociaux dans<br \/>\nl\u2019Union europ\u00e9enne.<\/p>\n<p class=\"MsoNormal\" style=\"text-align: justify;\"><b style=\"font-family: arial;\">\u25ba Institutions europ\u00e9ennes<br \/>\u25cf Commission europ\u00e9enne (commissaires centristes)<br \/><\/b>[Nota: les propos tenus par les commissaires europ\u00e9ens fran\u00e7ais sont \u00e0 lire<br \/>\ndans Propos centristes France] \u00a0<br \/>\n<b style=\"font-family: arial;\">Kaja Kallas (vice-pr\u00e9sidente, haute<br \/>\nrepr\u00e9sentante pour les affaires \u00e9trang\u00e8res et la politique de s\u00e9curit\u00e9)<br \/><\/b>&gt; [Agression de Poutine contre l\u2019Ukraine] Le 27 ao\u00fbt, la Russie a lanc\u00e9<br \/>\nune nouvelle attaque de grande envergure contre Kiev et de nombreuses autres<br \/>\nvilles ukrainiennes, tuant au moins vingt-trois civils, dont quatre enfants, et<br \/>\nen blessant beaucoup d\u2019autres. Nous pr\u00e9sentons nos condol\u00e9ances, sommes solidaires<br \/>\nde tous les Ukrainiens et condamnons fermement les attaques continues de la<br \/>\nRussie contre les civils et les infrastructures civiles, qui constituent une<br \/>\nescalade d\u00e9lib\u00e9r\u00e9e et sapent les efforts en faveur de la paix.<br \/>L\u2019attaque a \u00e9galement caus\u00e9 de graves dommages aux b\u00e2timents de la d\u00e9l\u00e9gation<br \/>\nde l\u2019Union europ\u00e9enne \u00e0 Kiev, d\u00e9montrant une fois de plus le caract\u00e8re<br \/>\nimprudent des attaques russes et son m\u00e9pris pour le droit international. Mettre<br \/>\nen danger la vie des diplomates et du personnel diplomatique est une violation<br \/>\n\u00e9vidente de la convention de Vienne sur les relations diplomatiques. Le<br \/>\nb\u00e2timent du British Council \u00e0 Kiev a \u00e9galement \u00e9t\u00e9 largement endommag\u00e9, et un<br \/>\nagent de s\u00e9curit\u00e9 bless\u00e9.<br \/>Les attaques intentionnelles contre des civils et des objectifs non militaires<br \/>\nsont des crimes de guerre. Tous les commandants, auteurs et complices de ces<br \/>\nviolations graves du droit international humanitaire devront rendre des<br \/>\ncomptes.<br \/>Ces crimes ne font que renforcer notre d\u00e9termination et notre d\u00e9termination \u00e0<br \/>\nsoutenir l\u2019Ukraine et son peuple dans leur d\u00e9fense contre la Russie et leur<br \/>\nqu\u00eate d\u2019une paix globale, juste et durable. L\u2019UE continuera et intensifiera son<br \/>\nsoutien global \u00e0 l\u2019Ukraine dans tous les domaines, notamment en acc\u00e9l\u00e9rant les<br \/>\ntravaux sur le 19e paquet de sanctions.<br \/>Depuis mars\u00a02025, l\u2019Ukraine s\u2019est engag\u00e9e dans un cessez-le-feu complet et<br \/>\ninconditionnel et a exprim\u00e9 \u00e0 plusieurs reprises sa volont\u00e9 de paix tandis que<br \/>\nla Russie a intensifi\u00e9 ses attaques contre les civils et les infrastructures<br \/>\nciviles. <br \/>Nous continuerons \u00e0 travailler avec des partenaires internationaux, y compris<br \/>\nles \u00c9tats-Unis, afin de mettre fin \u00e0 la guerre d\u2019agression de la Russie par une<br \/>\npaix globale, juste et durable. <br \/>La Russie doit arr\u00eater le massacre et montrer une r\u00e9elle volont\u00e9 de paix.<\/p>\n<p class=\"MsoNormal\" style=\"text-align: justify;\">&gt; [Agression de Poutine contre l\u2019Ukraine] L\u2019UE a d\u00e9j\u00e0<br \/>\nform\u00e9 plus de 80000 soldats ukrainiens. Nous devons \u00eatre pr\u00eats \u00e0 faire plus. Aujourd\u2019hui,<br \/>\nles ministres de la D\u00e9fense de l\u2019UE ont largement soutenu l\u2019\u00e9largissement du<br \/>\nmandat de notre mission d\u2019assistance militaire de l\u2019UE pour fournir une<br \/>\nformation en Ukraine, apr\u00e8s toute tr\u00eave.<\/p>\n<p class=\"MsoNormal\" style=\"text-align: justify;\">&gt; [Agression de Poutine contre l\u2019Ukraine] Poutine se<br \/>\nmoque de tout effort de paix. La seule chose qu\u2019il comprend est la pression. C\u2019est<br \/>\nce que nous devons faire.<\/p>\n<p class=\"MsoNormal\" style=\"text-align: justify;\">&gt; [Agression de Poutine contre l\u2019Ukraine] Je viens de<br \/>\nparler avec mes coll\u00e8gues de la d\u00e9l\u00e9gation de l\u2019UE \u00e0 Kiev, apr\u00e8s que notre<br \/>\nb\u00e2timent a \u00e9t\u00e9 endommag\u00e9 par une frappe russe. Votre d\u00e9termination \u00e0 continuer<br \/>\nde soutenir l\u2019Ukraine nous donne de la force. Aucune mission diplomatique ne<br \/>\ndevrait jamais \u00eatre une cible. En r\u00e9ponse, nous convoquons l\u2019envoy\u00e9 russe \u00e0<br \/>\nBruxelles.<\/p>\n<p class=\"MsoNormal\" style=\"text-align: justify;\">&gt; [Agression de Poutine contre l\u2019Ukraine] Alors que le<br \/>\nmonde cherche un chemin vers la paix, la Russie r\u00e9pond avec des missiles. L\u2019attaque<br \/>\nnocturne contre Kiev montre un choix d\u00e9lib\u00e9r\u00e9 d\u2019escalader et de se moquer des<br \/>\nefforts de paix. La Russie doit arr\u00eater le meurtre et n\u00e9gocier.<\/p>\n<p class=\"MsoNormal\" style=\"text-align: justify;\">&gt; Bonne f\u00eate nationale, Moldavie. Vous avez montr\u00e9 au<br \/>\nmonde ce que signifie l\u2019ind\u00e9pendance\u00a0: la libert\u00e9 de choisir votre chemin<br \/>\net votre avenir. Aujourd\u2019hui, le pouls de l\u2019Europe bat avec vous \u2014 et avec<br \/>\nvotre voyage vers l\u2019UE.<\/p>\n<p class=\"MsoNormal\" style=\"text-align: justify;\">&gt; [Agression de Poutine contre l\u2019Ukraine] \u00c0 l\u2019occasion de<br \/>\nla Journ\u00e9e de l\u2019ind\u00e9pendance de l\u2019Ukraine, l\u2019UE se joint aux partenaires du G7<br \/>\npour envoyer un message clair de soutien ind\u00e9fectible. L\u2019Ukraine est une<br \/>\nd\u00e9mocratie dynamique sous attaque. <br \/>La Russie doit mettre fin \u00e0 la tuerie et montrer une r\u00e9elle volont\u00e9 de paix. \u00a0L\u2019Ukraine m\u00e9rite un avenir s\u00fbr et ind\u00e9pendant,<br \/>\nlibre de la guerre et de la peur.<\/p>\n<p class=\"MsoNormal\" style=\"text-align: justify;\">&gt; [Nucl\u00e9aire iranien] Appel important entre l\u2019E3 [France,<br \/>\nAllemagne, Royaume-Uni] et le ministre des Affaires \u00e9trang\u00e8res de l\u2019Iran.<br \/>\nL\u2019Europe est engag\u00e9e dans une solution diplomatique \u00e0 la question nucl\u00e9aire.<br \/>\nAvec l\u2019\u00e9ch\u00e9ance pour le m\u00e9canisme de retour en arri\u00e8re qui approche \u00e0 grands<br \/>\npas, la volont\u00e9 de l\u2019Iran de s\u2019engager avec les \u00c9tats-Unis est cruciale. L\u2019Iran<br \/>\ndoit \u00e9galement coop\u00e9rer pleinement avec l\u2019AIEA.<\/p>\n<p class=\"MsoNormal\" style=\"text-align: justify;\">\u00a0<\/p>\n<p class=\"MsoNormal\" style=\"text-align: justify;\"><b style=\"font-family: arial;\">Michael McGrath<br \/>\n(commissaire \u00e0 la d\u00e9mocratie, \u00e0 la justice et \u00e0 l\u2019\u00e9tat de droit)<br \/><\/b>&gt; [D\u00e9claration avec le<br \/>\nvice-pr\u00e9sident ex\u00e9cutif Virkkunen \u00e0 l\u2019occasion de la Journ\u00e9e europ\u00e9enne du<br \/>\nsouvenir pour les victimes de tous les r\u00e9gimes totalitaires et autoritaires]<br \/>Il y a 86 ans, l\u2019Allemagne nazie et l\u2019Union sovi\u00e9tique ont sign\u00e9 le pacte<br \/>\nMolotov-Ribbentrop, une alliance de sang entre deux des r\u00e9gimes les plus<br \/>\nbrutaux de l\u2019histoire, laissant une cicatrice profonde sur l\u2019Europe.<br \/>\nL\u2019oppression que ces r\u00e9gimes totalitaires et autoritaires ont inflig\u00e9e, et les<br \/>\nsouffrances endur\u00e9es par d\u2019innombrables victimes, restent des souvenirs vifs<br \/>\npour de nombreux Europ\u00e9ens.<br \/>Le 23\u00a0ao\u00fbt, nous honorons leur histoire. Nous c\u00e9l\u00e9brons la qu\u00eate<br \/>\nincessante de la libert\u00e9 et de la d\u00e9mocratie par les Europ\u00e9ens tout au long de<br \/>\nl\u2019histoire, qui ont r\u00e9sist\u00e9 \u00e0 la tyrannie, exig\u00e9 la justice et lutt\u00e9 pour une<br \/>\nEurope plus juste, \u00e9gale et libre. Nous leur devons que, pour la premi\u00e8re fois<br \/>\ndans l\u2019histoire, chaque pays de l\u2019UE abrite d\u00e9sormais une g\u00e9n\u00e9ration qui a<br \/>\ngrandi sans l\u2019ombre de la tyrannie.<br \/>Pourtant, cette lutte n\u2019est pas un souvenir lointain. Les graines de la haine,<br \/>\nde l\u2019intol\u00e9rance et de l\u2019oppression peuvent encore \u00eatre sem\u00e9es, et nos<br \/>\nadversaires sont impatients de les exploiter. La libert\u00e9, la d\u00e9mocratie, l\u2019\u00c9tat<br \/>\nde droit et les droits fondamentaux sont des principes durement acquis, mais<br \/>\nils peuvent \u00eatre \u00e9rod\u00e9s s\u2019ils ne sont pas correctement maintenus et prot\u00e9g\u00e9s.<br \/>\nL\u2019Union europ\u00e9enne se tiendra toujours du c\u00f4t\u00e9 de ceux qui nourrissent le sol<br \/>\nde la dignit\u00e9 humaine, de la justice et de l\u2019\u00e9galit\u00e9. Il est de notre<br \/>\nresponsabilit\u00e9 collective de sauvegarder ces valeurs.<\/p>\n<p class=\"MsoNormal\" style=\"text-align: justify;\">&gt; Bonne f\u00eate de<br \/>\nl\u2019ind\u00e9pendance, Moldavie. Aujourd\u2019hui, nous c\u00e9l\u00e9brons votre fort esprit de d\u00e9mocratie.<br \/>\nLa Moldavie ne marchera pas seule sur le chemin de l\u2019adh\u00e9sion \u00e0 l\u2019UE &#8211; nous<br \/>\nsommes avec vous \u00e0 chaque \u00e9tape. Nous continuerons \u00e0 vous soutenir pour mener \u00e0<br \/>\nbien les r\u00e9formes vitales en mati\u00e8re de justice et de lutte contre la<br \/>\ncorruption.<\/p>\n<p class=\"MsoNormal\" style=\"text-align: justify;\">\u00a0<\/p>\n<p class=\"MsoNormal\" style=\"text-align: justify;\"><b style=\"font-family: arial;\">Hadja Lahbib<br \/>\n(commissaire \u00e0 l\u2019\u00e9galit\u00e9 et \u00e0 la gestion des crises)<br \/><\/b>&gt; L\u2019Union europ\u00e9enne intensifie<br \/>\nsa lutte contre l\u2019\u00e9pid\u00e9mie de chol\u00e9ra au Tchad avec une aide d\u2019urgence de<br \/>\n1,35\u00a0million d\u2019euros. Nous fournissons des ressources vitales aux<br \/>\ncommunaut\u00e9s touch\u00e9es par une crise de r\u00e9fugi\u00e9s sans pr\u00e9c\u00e9dent.<\/p>\n<p class=\"MsoNormal\" style=\"text-align: justify;\">&gt; [Agression de Poutine contre l\u2019Ukraine] Notre d\u00e9l\u00e9gation de l\u2019UE \u00e0 Kiev a \u00e9t\u00e9<br \/>\nfortement endommag\u00e9e ce matin lorsqu\u2019un missile russe a frapp\u00e9 un b\u00e2timent<br \/>\nvoisin. L\u2019explosion a bris\u00e9 les fen\u00eatres et provoqu\u00e9 un effondrement du<br \/>\nplafond. Tout notre personnel est en s\u00e9curit\u00e9. <br \/>Cette attaque est un autre rappel de la r\u00e9alit\u00e9 brutale \u00e0 laquelle les<br \/>\nUkrainiens sont confront\u00e9s quotidiennement. <br \/>La guerre russe continue de r\u00e9pandre la terreur sur les civils et les<br \/>\ninfrastructures, au m\u00e9pris total de l\u2019humanit\u00e9 et du droit international.<br \/>L\u2019UE ne se laissera pas intimider. Nous sommes aux c\u00f4t\u00e9s de l\u2019Ukraine et<br \/>\ncontinuerons \u00e0 fournir tout le soutien n\u00e9cessaire jusqu\u2019\u00e0 ce qu\u2019une paix juste<br \/>\net durable soit assur\u00e9e.<\/p>\n<p class=\"MsoNormal\" style=\"text-align: justify;\">&gt; [Crise de Gaza]<br \/>\nL\u2019un des principaux h\u00f4pitaux de Gaza, qui ne fonctionnait que partiellement, a<br \/>\n\u00e9t\u00e9 frapp\u00e9 \u00e0 nouveau. C\u2019est avec le c\u0153ur tr\u00e8s lourd que j\u2019ai appris l\u2019existence<br \/>\nde plusieurs victimes civiles, dont des journalistes, lors des frappes \u00e0<br \/>\nl\u2019h\u00f4pital Nasser. Des m\u00e9decins et des sauveteurs ont \u00e9galement \u00e9t\u00e9 tu\u00e9s. Tous<br \/>\nfaisaient leur travail.<br \/>Lors de la Journ\u00e9e mondiale de la libert\u00e9 de la presse 2024, Mariam a \u00e9t\u00e9<br \/>\npr\u00e9sent\u00e9e dans une vid\u00e9o par la d\u00e9l\u00e9gation de l\u2019UE. Elle a couvert la guerre \u00e0<br \/>\nGaza et aujourd\u2019hui, elle a \u00e9t\u00e9 tu\u00e9e dans les frappes.<br \/>Une fois de plus, j\u2019appelle Isra\u00ebl \u00e0 arr\u00eater la pratique de tuer ceux qui<br \/>\nessaient de dire au monde ce qui se passe \u00e0 Gaza.<br \/>Les journalistes, les m\u00e9decins et les secouristes doivent \u00eatre prot\u00e9g\u00e9s en<br \/>\npermanence. <\/p>\n<p class=\"MsoNormal\" style=\"text-align: justify;\">&gt; Il y a 8 ans,<br \/>\nl\u2019arm\u00e9e du Myanmar a d\u00e9cha\u00een\u00e9 une violence brutale contre les Rohingyas,<br \/>\nentra\u00eenant leur exode massif. Aujourd\u2019hui, 1,2\u00a0million de r\u00e9fugi\u00e9s au<br \/>\nBangladesh d\u00e9pendent de l\u2019aide. L\u2019UE se tient aux c\u00f4t\u00e9s des Rohingyas et de<br \/>\nleurs communaut\u00e9s d\u2019accueil. Alors et maintenant. Les Rohingyas m\u00e9ritent la<br \/>\ndignit\u00e9. Ne les oublions pas.<\/p>\n<p class=\"MsoNormal\" style=\"text-align: justify;\">&gt; Fort. Fier.<br \/>\nUkrainien. Lors de cette journ\u00e9e de l\u2019ind\u00e9pendance, nous honorons une nation<br \/>\ndont le courage inspire le monde. L\u2019Ukraine d\u00e9fend plus que sa terre. Elle<br \/>\nd\u00e9fend notre avenir.<br \/>Incassable dans la bataille. Incassable en esprit, dans l\u2019espoir, dans la<br \/>\nvolont\u00e9 de vivre libre. Plus forts ensemble. <br \/>Slava Ukraini !<\/p>\n<p class=\"MsoNormal\" style=\"text-align: justify;\">&gt; [Crise de Gaza]<br \/>\nLa famine n\u2019est plus un risque \u00e0 Gaza. C\u2019est une r\u00e9alit\u00e9. Des enfants meurent<br \/>\nde faim et de maladie, tandis que les familles passent des jours sans<br \/>\nnourriture. L\u2019acc\u00e8s \u00e0 l\u2019eau potable et \u00e0 la sant\u00e9 s\u2019est effondr\u00e9.<br \/>Le rapport publi\u00e9 aujourd\u2019hui par l\u2019Integrated Food Security Phase<br \/>\nClassification (IPC), la r\u00e9f\u00e9rence mondiale pour l\u2019analyse des crises<br \/>\nalimentaires et nutritionnelles, confirme que le gouvernorat de Gaza est en<br \/>\nsituation de famine depuis juillet. Deir al-Balah et Khan Younis devraient<br \/>\n\u00e9galement tomber dans la famine dans les prochains jours ou pourraient d\u00e9j\u00e0<br \/>\nfaire face \u00e0 cette r\u00e9alit\u00e9.<br \/>C\u2019est la d\u00e9t\u00e9rioration la plus s\u00e9v\u00e8re depuis mai\u00a02024, lorsque le CIP a<br \/>\ncommenc\u00e9 \u00e0 analyser l\u2019ins\u00e9curit\u00e9 alimentaire aigu\u00eb et la malnutrition dans la<br \/>\nbande de Gaza.<br \/>\u00c0 Gaza, plus de 500\u00a0000 personnes sont confront\u00e9es \u00e0 des conditions<br \/>\ncatastrophiques de famine. D\u2019ici la fin du mois de septembre, ce nombre devrait<br \/>\naugmenter pour atteindre pr\u00e8s de 641\u00a0000 personnes \u2013 presque une personne<br \/>\nsur trois dans la bande de Gaza.<br \/>C\u2019est une indication frappante que la situation humanitaire \u00e0 Gaza est au-del\u00e0<br \/>\nde l\u2019intol\u00e9rable. Les gens meurent de faim, tandis que l\u2019aide est amass\u00e9e \u00e0 la<br \/>\nfronti\u00e8re sans atteindre ceux qui en ont besoin. Selon le droit international<br \/>\nhumanitaire, toutes les parties \u00e0 un conflit doivent veiller \u00e0 ce que les<br \/>\nbesoins fondamentaux des civils soient satisfaits, en particulier la<br \/>\nnourriture, l\u2019eau et les soins m\u00e9dicaux. Les agences des Nations unies et les<br \/>\norganisations non gouvernementales (ONG) humanitaires doivent \u00eatre autoris\u00e9es \u00e0<br \/>\nporter secours aux personnes dans le besoin sans restrictions inutiles.<br \/>Malgr\u00e9 les efforts continus de la communaut\u00e9 internationale pour livrer de la<br \/>\nnourriture, les quantit\u00e9s entrant r\u00e9ellement dans la bande de Gaza ne sont pas<br \/>\nsuffisantes pour emp\u00eacher une famine massive. L\u2019ampleur de la crise exige une<br \/>\nr\u00e9ponse durable et \u00e0 grande \u00e9chelle pour rendre possible une v\u00e9ritable reprise.<br \/>Nous r\u00e9it\u00e9rons qu\u2019Isra\u00ebl doit accorder imm\u00e9diatement l\u2019acc\u00e8s \u00e0 l\u2019aide par tous<br \/>\nles canaux s\u00fbrs et efficaces pour atteindre tout le monde \u00e0 Gaza. Isra\u00ebl doit<br \/>\nautoriser toutes les exp\u00e9ditions d\u2019aide des ONG internationales et permettre<br \/>\naux acteurs humanitaires essentiels et de principe d\u2019op\u00e9rer.<br \/>Nous approchons d\u2019un point de non-retour.<br \/>La famine entra\u00eenera encore plus de pertes humaines si des mesures imm\u00e9diates<br \/>\nne sont pas prises. Chaque jour d\u2019inaction signifie que plus de civils, y<br \/>\ncompris des enfants, mourront. Le moment est venu pour Isra\u00ebl de permettre un<br \/>\nacc\u00e8s humanitaire imm\u00e9diat, sans entrave et durable \u00e0 toutes les personnes dans<br \/>\nle besoin.<\/p>\n<p class=\"MsoNormal\" style=\"text-align: justify;\">\u00a0<\/p>\n<p class=\"MsoNormal\" style=\"text-align: justify;\"><b>Marta Kos (commissaire \u00e0 l&rsquo;\u00e9largissement)<\/b><br \/>&gt; Voir Siahrei &amp; Sviatlana r\u00e9unis m\u2019a profond\u00e9ment \u00e9mu. Leur<br \/>\nd\u00e9termination inflexible \u00e0 continuer de se battre pour une Bi\u00e9lorussie libre<br \/>\nest impressionnante.<br \/>L\u2019UE continue de soutenir la Bi\u00e9lorussie et les prisonniers politiques, comme<br \/>\nle prix Nobel de la paix Ales Bialiatski, qui restent priv\u00e9s de libert\u00e9.<\/p>\n<p class=\"MsoNormal\" style=\"text-align: justify;\">&gt; [Agression de Poutine contre l\u2019Ukraine] La d\u00e9l\u00e9gation de l\u2019UE \u00e0 Kiev a \u00e9t\u00e9 endommag\u00e9e<br \/>\npar les frappes russes d\u2019aujourd\u2019hui sur des zones civiles.<br \/>Je condamne fermement ces attaques brutales, un signe clair que la Russie<br \/>\nrejette la paix et choisit la terreur.<br \/>Notre solidarit\u00e9 totale va au personnel de l\u2019UE, \u00e0 leurs familles et \u00e0 tous les<br \/>\nUkrainiens qui subissent cette agression.<\/p>\n<p class=\"MsoNormal\" style=\"text-align: justify;\">&gt; Aujourd\u2019hui,<br \/>\nnous c\u00e9l\u00e9brons votre ind\u00e9pendance, vos r\u00e9alisations, votre identit\u00e9 &amp;<br \/>\ntraditions. Un moment de fiert\u00e9.<br \/>Pendant que vous avancez sur la voie de l\u2019UE, l\u2019Europe continuera \u00e0 se tenir \u00e0<br \/>\nvos c\u00f4t\u00e9s pour construire un avenir meilleur pour tous les Moldaves. <\/p>\n<p class=\"MsoNormal\" style=\"text-align: justify;\">&gt; \u00c9change<br \/>\nconstructif avec Aras Kachka sur le programme de r\u00e9forme de l\u2019Ukraine et la<br \/>\nvoie europ\u00e9enne. J\u2019ai soulign\u00e9 la n\u00e9cessit\u00e9 de poursuivre les r\u00e9formes et<br \/>\nr\u00e9it\u00e9r\u00e9 l\u2019engagement de la Commission d\u2019ouvrir le premier groupe d\u00e8s que<br \/>\npossible. Nous avons discut\u00e9 des prochaines \u00e9tapes concr\u00e8tes et convenu d\u2019un<br \/>\ndialogue r\u00e9gulier.<\/p>\n<p class=\"MsoNormal\" style=\"text-align: justify;\">&gt; Discussion<br \/>\nouverte avec Timco Mucunski aujourd\u2019hui sur les prochaines \u00e9tapes du parcours<br \/>\nd\u2019adh\u00e9sion de la Mac\u00e9doine \u00e0 l\u2019UE, que je soutiens fortement, et sur les<br \/>\nr\u00e9formes du plan de croissance. Important de r\u00e9pondre aux exigences restantes<br \/>\net d\u2019avancer avec l\u2019adh\u00e9sion \u00e0 l\u2019UE. J\u2019ai accueilli l\u2019alignement complet de la<br \/>\nMac\u00e9doine dans le cadre de la PESC et sa contribution \u00e0 l\u2019Ukraine !<\/p>\n<p class=\"MsoNormal\" style=\"text-align: justify;\">&gt; Aujourd\u2019hui,<br \/>\nnous c\u00e9l\u00e9brons le jour de l\u2019ind\u00e9pendance d\u2019une Ukraine souveraine et tous ses<br \/>\ncitoyens, qui m\u00e9ritent de choisir librement leur avenir.<br \/>J\u2019exprime \u00e9galement mon respect \u00e0 ceux qui ont d\u00e9fendu sa libert\u00e9 avec leur<br \/>\nvie.<br \/>Nous construirons une Ukraine qui est libre, r\u00e9siliente et europ\u00e9enne.<\/p>\n<p class=\"MsoNormal\" style=\"text-align: justify;\">&gt; [Agression de Poutine contre l\u2019Ukraine] Aujourd\u2019hui, nous avons vers\u00e9 le quatri\u00e8me<br \/>\nversement au titre de la facilit\u00e9 en faveur de l\u2019Ukraine, ce qui porte le<br \/>\nmontant total du soutien de l\u2019UE \u00e0 pr\u00e8s de 170\u00a0milliards d\u2019euros. C\u2019est le<br \/>\nr\u00e9sultat des propres r\u00e9formes et de la d\u00e9termination de l\u2019Ukraine. Ces efforts<br \/>\ndoivent se poursuivre &#8211; et l\u2019UE soutiendra #Ukraine \u00e0 chaque \u00e9tape du chemin.<\/p>\n<p class=\"MsoNormal\" style=\"text-align: justify;\">\u00a0<\/p>\n<p class=\"MsoNormal\" style=\"text-align: justify;\"><b style=\"font-family: arial;\">\u25cf Parlement europ\u00e9en<\/b><br \/><b style=\"mso-bidi-font-weight: normal;\">\u2666 Renew Europe (groupe centriste<br \/>\net lib\u00e9ral au Parlement europ\u00e9en)\u00a0<br \/><\/b>[Nota: les propos tenus par les d\u00e9put\u00e9s europ\u00e9ens fran\u00e7ais sont \u00e0 lire dans<br \/>\nPropos centristes France] <\/p>\n<p class=\"MsoNormal\" style=\"text-align: justify;\">&gt; [Agression de Poutine contre l\u2019Ukraine] Nous condamnons<br \/>\nfermement les attaques massives et indiscrimin\u00e9es contre des civils \u00e0 Kiev, qui<br \/>\nont \u00e9galement vis\u00e9 la repr\u00e9sentation de l\u2019UE et son personnel. <br \/>La Russie continue de choisir la terreur et le meurtre plut\u00f4t que la paix. Nous<br \/>\nr\u00e9it\u00e9rons notre appel \u00e0 de nouvelles sanctions s\u00e9v\u00e8res contre le r\u00e9gime de<br \/>\nPoutine.<\/p>\n<p class=\"MsoNormal\" style=\"text-align: justify;\">&gt; Dans son discours \u00e0 Rimini, Draghi a appel\u00e9 \u00e0 une<br \/>\nEurope plus unie, rappelant opportun\u00e9ment que la r\u00e9forme et l\u2019unit\u00e9 sont<br \/>\nvitales pour que l\u2019Europe reste comp\u00e9titive et souveraine.<\/p>\n<p class=\"MsoNormal\" style=\"text-align: justify;\">&gt; Renew Europe rejette les menaces de Trump sur la<br \/>\nsouverainet\u00e9 num\u00e9rique de l\u2019UE. Les DSA et DMA sont non discriminatoires,<br \/>\nfavorables \u00e0 la concurrence et l\u00e0 pour rester. Les lois europ\u00e9ennes sont faites<br \/>\nen Europe, pas sous pression \u00e9trang\u00e8re.<\/p>\n<p class=\"MsoNormal\" style=\"text-align: justify;\">\u00a0<\/p>\n<p class=\"MsoNormal\" style=\"text-align: justify;\"><b style=\"font-family: arial;\">Dan Barna<br \/>\n(vice-pr\u00e9sident)<br \/><\/b>&gt; Bonne f\u00eate de l\u2019ind\u00e9pendance, R\u00e9publique de Moldavie ! La R\u00e9publique<br \/>\nde Moldavie c\u00e9l\u00e8bre 34 ans depuis sa d\u00e9claration d\u2019ind\u00e9pendance. Il y a 34 ans<br \/>\nqu\u2019elle s\u2019est s\u00e9par\u00e9e de l\u2019Union sovi\u00e9tique, pourtant elle continue de faire<br \/>\nface \u00e0 des d\u00e9fis et \u00e0 l\u2019ing\u00e9rence russe. La Roumanie est et restera aux c\u00f4t\u00e9s<br \/>\nde la R\u00e9publique de Moldavie. Je suis confiant dans notre avenir en Europe.<\/p>\n<p class=\"MsoNormal\" style=\"text-align: justify;\">&gt; Le jour de l\u2019ind\u00e9pendance de l\u2019Ukraine, nous c\u00e9l\u00e9brons<br \/>\nl\u2019esprit incassable d\u2019une nation qui lutte pour son avenir et pour la<br \/>\nd\u00e9mocratie en Europe. Votre combat est notre combat. Le soutien de l\u2019Europe<br \/>\nest, et restera, absolu. Gloire \u00e0 l\u2019Ukraine !<\/p>\n<p class=\"MsoNormal\" style=\"text-align: justify;\">\u00a0<\/p>\n<p class=\"MsoNormal\" style=\"text-align: justify;\"><b>Petras Austrevicius (d\u00e9put\u00e9)<br \/><\/b>&gt; [Agression de Poutine contre l\u2019Ukraine] Le ministre russe des Affaires<br \/>\n\u00e9trang\u00e8res, Lavrov, parle une langue de guerre et d\u2019agression alors que l\u2019arm\u00e9e<br \/>\nrusse a attaqu\u00e9 ce soir la d\u00e9l\u00e9gation de l\u2019UE \u00e0 Kiev.<\/p>\n<p class=\"MsoNormal\" style=\"text-align: justify;\">&gt; [Agression de Poutine contre l\u2019Ukraine] \u00a0[25 morts dans la frappe de Kiev par Poutine]<br \/>\nQuelle preuve sanglante selon Witkoff &#8211; Poutine a-t-il fait des concessions<br \/>\nmajeures ?<\/p>\n<p class=\"MsoNormal\" style=\"text-align: justify;\">&gt; [Agression de Poutine contre l\u2019Ukraine] Bienvenue \u00e0<br \/>\nDmytro Khyliuk, r\u00e9cemment lib\u00e9r\u00e9 de la captivit\u00e9 russe. Merci \u00e0 l\u2019Initiative<br \/>\ndes m\u00e9dias pour les droits de l\u2019homme d\u2019avoir invit\u00e9 \u00e0 rejoindre un groupe de<br \/>\nl\u2019Initiative des ambassadeurs. Continuons nos efforts conjoints pour la<br \/>\nlib\u00e9ration de tous les civils ukrainiens captur\u00e9s par les forces russes.<\/p>\n<p class=\"MsoNormal\" style=\"text-align: justify;\">&gt; Puis, le 23\u00a0ao\u00fbt\u00a01989, plus de<br \/>\n2\u00a0millions de personnes de Lituanie, de Lettonie et d\u2019Estonie se tenaient<br \/>\nmain dans la main pour former une cha\u00eene humaine de 650 km de long &#8211; The Baltic<br \/>\nWay. Les gens \u00e9taient plus forts que l\u2019empire sovi\u00e9tique mal\u00e9fique. N\u2019oubliez<br \/>\npas le pouvoir des gens !<\/p>\n<p class=\"MsoNormal\" style=\"text-align: justify;\">\u00a0<\/p>\n<p class=\"MsoNormal\" style=\"text-align: justify;\"><b>Engin Eroglu (d\u00e9put\u00e9)<br \/><\/b>&gt; [Agression de Poutine contre l\u2019Ukraine] L\u2019acte de violence russe<br \/>\ncontre le personnel diplomatique de l\u2019UE doit \u00eatre condamn\u00e9. Solidarit\u00e9 avec<br \/>\nl\u2019Ukraine et le personnel de l\u2019UE cibl\u00e9 par cette agression.<br \/>Cette frappe nuisible \u00e0 la d\u00e9l\u00e9gation de l\u2019UE \u00e0 Kiev est une attaque contre la<br \/>\ndiplomatie et d\u00e9montre que la Russie ne souhaite pas une r\u00e9solution<br \/>\ndiplomatique de la guerre. <br \/>C\u2019est un autre appel \u00e0 l\u2019action pour fournir rapidement plus d\u2019\u00e9quipement \u00e0<br \/>\nl\u2019Ukraine.<\/p>\n<p class=\"MsoNormal\" style=\"text-align: justify;\">&gt; Passer \u00e0 un accord de d\u00e9mant\u00e8lement des turbines [chinoises]<br \/>\nr\u00e9duit les d\u00e9pendances critiques envers la Chine. Une \u00e9tape n\u00e9cessaire et<br \/>\ncons\u00e9quente pour la s\u00e9curit\u00e9 \u00e9nerg\u00e9tique de l\u2019UE et les \u00e9nergies renouvelables<br \/>\nfiables.<\/p>\n<p class=\"MsoNormal\" style=\"text-align: justify;\">&gt; La politique europ\u00e9enne freine notre industrie par des<br \/>\nd\u00e9cisions symboliques.<br \/>\n&#8211;<br \/>\nLa production doit rester en Allemagne et en Europe.<br \/>\n&#8211;<br \/>\nIl faut promouvoir la recherche et l\u2019innovation au lieu de l\u2019emp\u00eacher.<br \/>Fini la politique anti-industrielle &#8211; nous avons besoin de r\u00e8gles pratiques !<\/p>\n<p class=\"MsoNormal\" style=\"text-align: justify;\">\u00a0<\/p>\n<p class=\"MsoNormal\" style=\"text-align: justify;\"><b>Karin Karlsbro (d\u00e9put\u00e9e)<br \/><\/b>&gt; L\u2019objectif de l\u2019accord tarifaire entre l\u2019UE et les \u00c9tats-Unis \u00e9tait de<br \/>\ncr\u00e9er de la stabilit\u00e9. Les tentatives r\u00e9p\u00e9t\u00e9es de Trump de contr\u00f4ler la<br \/>\nl\u00e9gislation europ\u00e9enne par des menaces tarifaires r\u00e9currentes sont<br \/>\ninacceptables. Les deux parties doivent respecter l\u2019accord si nous voulons le<br \/>\nprendre au s\u00e9rieux et le mettre en \u0153uvre.<\/p>\n<p class=\"MsoNormal\" style=\"text-align: justify;\">\u00a0<\/p>\n<p class=\"MsoNormal\" style=\"text-align: justify;\"><b>Michal Kobosko (d\u00e9put\u00e9)<br \/><\/b>&gt; Personnellement, je crois que les questions relatives \u00e0 la politique<br \/>\n\u00e9trang\u00e8re et \u00e0 la politique de s\u00e9curit\u00e9 devraient \u00eatre au-del\u00e0 des divisions<br \/>\npolitiques. Cela semble na\u00eff? Cela ne semble que logique. Les deux parties<br \/>\ndevraient consid\u00e9rer o\u00f9 elles ont des points communs et sur quels probl\u00e8mes<br \/>\nelles parleront d\u2019une seule voix. S\u2019ils ne le font pas, les dirigeants mondiaux<br \/>\ncesseront en fait de nous inviter \u00e0 divers sommets et r\u00e9unions internationales,<br \/>\ncar ils diront\u00a0: vous, les Polonais, devez d\u2019abord parvenir \u00e0 un accord<br \/>\navec vous-m\u00eame si vous voulez participer \u00e0 des discussions mondiales s\u00e9rieuses.<\/p>\n<p class=\"MsoNormal\" style=\"text-align: justify;\">\u00a0<\/p>\n<p class=\"MsoNormal\" style=\"text-align: justify;\"><b>Hilde Vautmans (d\u00e9put\u00e9e)<br \/><\/b>&gt; [Crise de Gaza] La famine \u00e0 Gaza est officiellement confirm\u00e9e par<br \/>\nl\u2019ONU. Des milliers de civils innocents risquent de mourir de faim. Les mots de<br \/>\nsympathie ne suffisent pas \u2014 nous avons besoin d\u2019action.<br \/>&#8211; Un acc\u00e8s humanitaire illimit\u00e9 doit \u00eatre garanti.<br \/>&#8211; Les combats doivent cesser pour laisser l\u2019aide atteindre le peuple.<br \/>&#8211; La lib\u00e9ration de tous les otages doit \u00eatre pr\u00e9par\u00e9e dans un environnement<br \/>\ns\u00fbr.<br \/>L\u2019Europe ne peut pas d\u00e9tourner le regard. En tant que dirigeants europ\u00e9ens,<br \/>\nnous avons une responsabilit\u00e9 \u2014 envers nos valeurs et l\u2019humanit\u00e9\u2014de mettre fin<br \/>\n\u00e0 cette catastrophe maintenant.<\/p>\n<p class=\"MsoNormal\" style=\"text-align: justify;\">\u00a0<\/p>\n<p class=\"MsoNormal\" style=\"text-align: justify;\"><b>&gt; Marie-Agnes Strack-Zimmermann (d\u00e9put\u00e9)<br \/><\/b>&gt; [Agression de Poutine contre l\u2019Ukraine] Je suis profond\u00e9ment<br \/>\nboulevers\u00e9 par la brutale attaque russe sur Kiev et mes pens\u00e9es vont aux<br \/>\nvictimes, \u00e0 leurs familles et \u00e0 leurs amis. Le fait que le b\u00e2timent de la<br \/>\nd\u00e9l\u00e9gation de l\u2019UE ait \u00e9galement \u00e9t\u00e9 gravement touch\u00e9 montre une fois de plus<br \/>\nque la Russie n\u2019a pas de r\u00e8gles et qu\u2019elle n\u2019est pas pr\u00eate pour de v\u00e9ritables<br \/>\nn\u00e9gociations.<br \/>Il est inconcevable que les soi-disant pacifistes de certains partis et camps<br \/>\ncontinuent \u00e0 ignorer la r\u00e9alit\u00e9. Ceux qui pensent que les tapis rouges ou les<br \/>\nseules discussions avec Poutine peuvent faire avancer les choses ne sont pas<br \/>\nconscients de la situation. Avec la Russie, les probl\u00e8mes ne peuvent pas \u00eatre<br \/>\n\u00e9vit\u00e9s.<br \/>Nous ne mettrons fin \u00e0 l\u2019effusion de sang en Ukraine que si nous permettons \u00e0<br \/>\nce pays de n\u00e9gocier dans une position de force. Cela n\u00e9cessite un soutien<br \/>\nmilitaire et \u00e9conomique bien plus important que celui que nous avons fourni<br \/>\njusqu\u2019\u00e0 pr\u00e9sent.<br \/>Le chancelier Merz a fait preuve d\u2019une pr\u00e9sence internationale bienvenue, mais<br \/>\ndans le soutien concret \u00e0 l\u2019Ukraine, le gouvernement f\u00e9d\u00e9ral &#8211; et surtout le<br \/>\nchancelier &#8211; est rest\u00e9 en de\u00e7\u00e0 de ses promesses. L\u2019Europe doit agir de mani\u00e8re<br \/>\nunifi\u00e9e et plus \u00e9nergique ; il est significatif que cela doive \u00eatre soulign\u00e9 si<br \/>\nsouvent.<\/p>\n<p class=\"MsoNormal\" style=\"text-align: justify;\">\u00a0<\/p>\n<p class=\"MsoNormal\" style=\"text-align: justify;\"><b style=\"font-family: arial;\">\u25ba Pays membres de<br \/>\nl\u2019Union europ\u00e9enne<br \/>\u25cf Allemagne\u00a0<br \/>\u2666 FDP\u00a0<br \/>Christian D\u00fcrr (pr\u00e9sident)<br \/><\/b>&gt; Plus de 3\u00a0millions de ch\u00f4meurs sont un (autre!) signal<br \/>\nd\u2019alarme\u00a0: la crise frappe directement les gens, les emplois sont en<br \/>\ndanger. Au lieu d\u2019une dette \u00e9lev\u00e9e, nous avons besoin de r\u00e9formes\u00a0: moins<br \/>\nde bureaucratie, plus de capitalisation dans les syst\u00e8mes sociaux et plus de<br \/>\ncomp\u00e9titivit\u00e9 pour des emplois s\u00fbrs.<\/p>\n<p class=\"MsoNormal\" style=\"text-align: justify;\">&gt; Inconcevable. Ceux qui d\u00e9fendent Isra\u00ebl sont<br \/>\nattaqu\u00e9s.Karoline Preisler [membre du FDP]\u00a0<br \/>\nmilite depuis longtemps pour la lib\u00e9ration des otages isra\u00e9liens.<br \/>\nHeureusement que les passagers ont aid\u00e9 dans le m\u00e9tro et qu\u2019il ne s\u2019est rien<br \/>\npass\u00e9 de pire.<\/p>\n<p class=\"MsoNormal\" style=\"text-align: justify;\">\u00a0<\/p>\n<p class=\"MsoNormal\" style=\"text-align: justify;\"><b>Nicole Buettner (secr\u00e9taire g\u00e9n\u00e9rale)<br \/><\/b>&gt; 3\u00a0millions de ch\u00f4meurs, la hausse de l\u2019inflation. L\u2019Allemagne a<br \/>\nbesoin de r\u00e9formes qui cr\u00e9ent des opportunit\u00e9s et renforcent le march\u00e9 du<br \/>\ntravail. En effet, la meilleure politique sociale est le travail d\u2019aujourd\u2019hui<br \/>\net la s\u00e9curit\u00e9 de demain.<\/p>\n<p class=\"MsoNormal\" style=\"text-align: justify;\">&gt; Exiger le changement de politique tous les jours avec<br \/>\nun gros titre et ne pas le livrer ne nous fera pas avancer. Notre<br \/>\nobjectif\u00a0: nous voulons \u00e9largir la r\u00e9flexion et trouver des approches<br \/>\ninnovantes, y compris en associant les domaines politiques.<\/p>\n<p class=\"MsoNormal\" style=\"text-align: justify;\">&gt; En tant que fondatrice d\u2019une entreprise d\u2019IA, je sais<br \/>\nque nous avons un \u00e9norme talent et potentiel. Mais si la premi\u00e8re id\u00e9e des<br \/>\nsucc\u00e8s est de nouvelles taxes au lieu d\u2019investissements et de mise \u00e0 l\u2019\u00e9chelle,<br \/>\nnous affaiblissons le site. L\u2019Allemagne a besoin d\u2019un esprit de cr\u00e9ation et de<br \/>\ncroissance, pas de nouvelles contraintes.<\/p>\n<p class=\"MsoNormal\" style=\"text-align: justify;\">\u00a0<\/p>\n<p class=\"MsoNormal\" style=\"text-align: justify;\"><b style=\"font-family: arial;\">\u25cf Belgique\u00a0<br \/>\u2666 Gouvernement<br \/>Maxime Pr\u00e9vot (vice-premier ministre et ministre des Affaires \u00e9trang\u00e8res, des Affaires<br \/>\neurop\u00e9ennes et de la Coop\u00e9ration au d\u00e9veloppement de la Belgique)\u00a0<br \/><\/b>&gt; [Crise de Gaza] La d\u00e9cision am\u00e9ricaine de refuser des visas aux<br \/>\nrepr\u00e9sentants palestiniens avant l\u2019Assembl\u00e9e g\u00e9n\u00e9rale de l\u2019ONU est profond\u00e9ment<br \/>\nregrettable et un coup port\u00e9 \u00e0 la diplomatie.<br \/>\u00c0 un moment o\u00f9 il y a un \u00e9lan renouvel\u00e9 vers une solution \u00e0 deux \u00c9tats \u2014 avec<br \/>\ndes engagements concrets pris et un soutien international croissant\u2014entraver la<br \/>\nvoix palestinienne est non seulement injuste, mais aussi contre-productif.<br \/>L\u2019ONU doit rester un lieu o\u00f9 tous les peuples peuvent \u00eatre entendus, en<br \/>\nparticulier ceux dont l\u2019avenir d\u00e9pend du dialogue. L\u2019exclusion des<br \/>\nrepr\u00e9sentants palestiniens sape les principes m\u00eames du multilat\u00e9ralisme et du<br \/>\ndroit international.<br \/>Le chemin vers la paix exige plus de dialogue, pas moins.<\/p>\n<p class=\"MsoNormal\" style=\"text-align: justify;\">&gt; [Agression de Poutine contre l\u2019Ukraine] Une autre nuit<br \/>\nbrutale \u00e0 Kiev. Des b\u00e2timents civils ont \u00e9t\u00e9 \u00e0 nouveau endommag\u00e9s, parmi<br \/>\nlesquels la d\u00e9l\u00e9gation de l\u2019UE et le British Council.<br \/>La Russie montre, une fois de plus, qu\u2019elle n\u2019a pas de v\u00e9ritable volont\u00e9 de<br \/>\npaix. Elle choisit la terreur, la destruction et le mensonge plut\u00f4t que le<br \/>\ndialogue. <br \/>Mes pens\u00e9es vont aux familles des bless\u00e9s, aux coll\u00e8gues de l\u2019UE, au personnel<br \/>\ndu British Council et \u00e0 tous les Ukrainiens qui endurent cette horreur avec un<br \/>\ncourage extraordinaire.<br \/>La Belgique se tient en pleine solidarit\u00e9. Nous ne resterons pas silencieux.<br \/>\nL\u2019Ukraine ne restera pas seule.<\/p>\n<p class=\"MsoNormal\" style=\"text-align: justify;\">&gt; Odessa est plus qu\u2019une ville sous le feu, c\u2019est un<br \/>\nsymbole d\u2019espoir, de r\u00e9silience et du futur que nous construisons ensemble.<br \/>Nous avons rendu hommage aux hommes et aux femmes qui ont sacrifi\u00e9 leur vie<br \/>\npour la libert\u00e9 de l\u2019Ukraine. Leur courage est un rappel que cette guerre n\u2019est<br \/>\npas seulement une question de territoire, mais aussi de dignit\u00e9, de justice et<br \/>\ndu droit d\u2019une nation \u00e0 d\u00e9cider de son propre destin.<br \/>Malgr\u00e9 des attaques brutales et incessantes, cette ville refuse de s\u2019incliner.<br \/>\nSon port continue de nourrir le monde, prouvant que le courage et la r\u00e9silience<br \/>\npeuvent surmonter la destruction. Odessa se dresse fi\u00e8rement, et avec lui,<br \/>\nl\u2019Ukraine se dresse.<br \/>Avec mes coll\u00e8gues du Benelux, Xavier Bettel et Heleen Bakker, nous sommes<br \/>\nvenus livrer un message\u00a0: les petits pays aussi peuvent agir avec une<br \/>\ngrande force. La Belgique et le Benelux se tiennent fermement avec l\u2019Ukraine,<br \/>\nmilitairement, \u00e9conomiquement, politiquement. Notre solidarit\u00e9 n\u2019est pas<br \/>\nsymbolique. Il est concret, \u00e0 long terme et in\u00e9branlable.<br \/>Toute paix doit \u00eatre juste et durable. Cela signifie qu\u2019il n\u2019y a pas d\u2019accords<br \/>\nderri\u00e8re le dos de l\u2019Ukraine. Aucune fronti\u00e8re redessin\u00e9e par la force.<br \/>\nL\u2019Ukraine doit s\u2019asseoir \u00e0 la table, et l\u2019Ukraine doit d\u00e9cider de son propre<br \/>\navenir, pleinement souveraine, pleinement ind\u00e9pendante, dans ses fronti\u00e8res<br \/>\ninternationalement reconnues.<br \/>Mais au-del\u00e0 de la guerre et de la r\u00e9sistance, aujourd\u2019hui parle aussi de<br \/>\ndemain. L\u2019esprit d\u2019Odessa nous dit quelque chose de puissant\u00a0: l\u2019avenir de<br \/>\nl\u2019Ukraine ne r\u00e9side pas dans la peur, mais dans la libert\u00e9 ; pas dans<br \/>\nl\u2019isolement, mais en Europe.<br \/>Et permettez-moi de dire ceci personnellement\u00a0: je crois que l\u2019avenir<br \/>\nprend d\u00e9j\u00e0 forme. La r\u00e9silience de l\u2019Ukraine, la d\u00e9termination de son peuple,<br \/>\nl\u2019\u00e9clat de sa jeunesse, tout cela \u00e9crit le prochain chapitre de notre<br \/>\ncontinent. Un chapitre o\u00f9 l\u2019Europe brillera plus fort avec l\u2019Ukraine en son<br \/>\nc\u0153ur.<\/p>\n<p class=\"MsoNormal\" style=\"text-align: justify;\">&gt; Ma visite \u00e0 Chi\u0219in\u0103u t\u00e9moigne d\u2019un pays \u00e0 la crois\u00e9e<br \/>\ndes chemins et d\u2019un peuple d\u00e9termin\u00e9 \u00e0 choisir son propre avenir. La Moldavie a<br \/>\nfait face \u00e0 une pression implacable de la Russie. Mais au lieu de plier, elle<br \/>\ns\u2019est r\u00e9form\u00e9e, modernis\u00e9e et rapproch\u00e9e de l\u2019Europe.<br \/>Bient\u00f4t, les Moldaves fa\u00e7onneront \u00e0 nouveau leur destin dans l\u2019urne. Ces<br \/>\n\u00e9lections ne concernent pas seulement la politique, elles concernent l\u2019avenir<br \/>\nde la d\u00e9mocratie moldave, sa prosp\u00e9rit\u00e9 et sa place l\u00e9gitime dans la famille<br \/>\neurop\u00e9enne.<br \/>Les progr\u00e8s d\u00e9j\u00e0 r\u00e9alis\u00e9s sont impressionnants\u00a0: renforcement des<br \/>\ninstitutions, lutte contre la corruption, sortie de la d\u00e9pendance \u00e9nerg\u00e9tique \u00e0<br \/>\nl\u2019\u00e9gard de la Russie. La Moldavie investit maintenant dans les \u00e9nergies<br \/>\nrenouvelables et la durabilit\u00e9, des le\u00e7ons dont m\u00eame nous pouvons apprendre.<\/p>\n<p class=\"MsoNormal\" style=\"text-align: justify;\">&gt; En \u00c9thiopie, j\u2019ai pu constater de mes propres yeux<br \/>\nl\u2019immense d\u00e9fi humanitaire provoqu\u00e9 par le conflit d\u00e9vastateur au Soudan. Plus<br \/>\nde 90.000 r\u00e9fugi\u00e9s soudanais ont trouv\u00e9 refuge ici, souvent apr\u00e8s un parcours<br \/>\nmarqu\u00e9 par la faim, la peur et les violences. Dans ce camp de r\u00e9fugi\u00e9s \u00e0 Ura,<br \/>\nj\u2019ai rencontr\u00e9 des familles, des femmes, des hommes et des enfants qui tentent<br \/>\nde reconstruire un semblant de vie. J\u2019ai aussi vu l\u2019engagement admirable du<br \/>\nHCR, du PAM, de l\u2019UNFPA et des autorit\u00e9s \u00e9thiopiennes, qui travaillent sans<br \/>\nrel\u00e2che pour offrir protection, nourriture et soins essentiels. Mais les<br \/>\nbesoins d\u00e9passent largement les moyens. La Belgique est fi\u00e8re de contribuer<br \/>\nbudg\u00e9tairement \u00e0 ces efforts pour soutenir l\u2019assistance humanitaire et un<br \/>\naccueil digne des r\u00e9fugi\u00e9s soudanais dans les zones et pays h\u00f4tes. L\u2019objectif<br \/>\nest d\u2019une part de cr\u00e9er des perspectives d\u2019avenir sur le long terme pour ces<br \/>\nr\u00e9fugi\u00e9s. D\u2019autre part, en soutenant ces personnes, tant sur leur territoire<br \/>\nqu\u2019\u00e0 l\u2019\u00e9chelle mondiale, il s\u2019agit \u00e9galement de mener une politique de<br \/>\npr\u00e9vention des flux migratoires et de pr\u00e9vention des conflits afin de renforcer<br \/>\nla stabilit\u00e9 et la s\u00e9curit\u00e9, y compris en Europe.<\/p>\n<p class=\"MsoNormal\" style=\"text-align: justify;\">&gt; Nairobi, la capitale du Kenya, c\u2019est aussi le visage de<br \/>\nl\u2019urgence humanitaire. Acc\u00e8s \u00e0 l\u2019eau, \u00e0 une alimentation saine et durable, au<br \/>\nnum\u00e9rique\u2026 autant de th\u00e9matiques pour lesquelles je me suis entretenu avec<br \/>\ndivers associations lors de rencontres dans le quartier d\u00e9favoris\u00e9 de Kibera.<br \/>\nJ\u2019ai \u00e9galement rencontr\u00e9 des femmes et des jeunes filles r\u00e9fugi\u00e9es qui<br \/>\nretrouvent force et dignit\u00e9 gr\u00e2ce \u00e0 l\u2019\u00e9ducation, \u00e0 la formation et \u00e0 un<br \/>\naccompagnement psychologique chez RefuShees. La Belgique reste et restera engag\u00e9e<br \/>\naux c\u00f4t\u00e9s de ses partenaires humanitaires \u2013 comme le PAM ou le UNHCR \u2013 pour<br \/>\nprot\u00e9ger les plus vuln\u00e9rables et r\u00e9pondre \u00e0 l\u2019urgence avec dignit\u00e9 et<br \/>\nsolidarit\u00e9.<\/p>\n<p class=\"MsoNormal\" style=\"text-align: justify;\">&gt; Aujourd\u2019hui, en ce jour de l\u2019ind\u00e9pendance de l\u2019Ukraine,<br \/>\nnous honorons une nation qui a montr\u00e9 au monde la v\u00e9ritable signification de la<br \/>\nr\u00e9silience. <br \/>Depuis 34 ans, les Ukrainiens d\u00e9fendent non seulement leur ind\u00e9pendance, mais<br \/>\naussi les valeurs m\u00eames de libert\u00e9 et de dignit\u00e9 qui unissent l\u2019Europe.<br \/>L\u2019ind\u00e9pendance est plus qu\u2019une date sur le calendrier. C\u2019est un combat<br \/>\nquotidien, un r\u00eave partag\u00e9 et une promesse aux g\u00e9n\u00e9rations futures. La place de<br \/>\nl\u2019Ukraine est en Europe, et son avenir est europ\u00e9en.<br \/>La Belgique se tient aux c\u00f4t\u00e9s de l\u2019Ukraine, solidaire, en soutien \u00e0 une paix<br \/>\njuste et durable.<\/p>\n<p class=\"MsoNormal\" style=\"text-align: justify;\">&gt; [Crise de Gaza] La confirmation de la famine \u00e0 Gaza<br \/>\nn\u2019est pas une surprise. C\u2019est la cons\u00e9quence tragique de ce qui est clair<br \/>\ndepuis des mois\u00a0: une population enti\u00e8re est pouss\u00e9e \u00e0 la famine, \u00e0<br \/>\nl\u2019indigence et \u00e0 la mort. Plus d\u2019un demi-million de personnes sont d\u00e9j\u00e0<br \/>\nconfront\u00e9es \u00e0 des conditions catastrophiques, et les perspectives devraient<br \/>\ns\u2019aggraver dans les semaines \u00e0 venir.<br \/>Notre priorit\u00e9 absolue doit rester de contribuer \u00e0 une solution humanitaire \u00e0<br \/>\nGaza. La Belgique a intensifi\u00e9 ses efforts ces derni\u00e8res semaines, mais il<br \/>\nreste encore beaucoup \u00e0 faire. Les largages a\u00e9riens ne sont pas une r\u00e9ponse<br \/>\nsuffisante. Seul un acc\u00e8s humanitaire complet, sans entrave et ind\u00e9pendant par<br \/>\nterre et par mer peut \u00e9viter une nouvelle trag\u00e9die.<br \/>Il est honteux qu\u2019au 21\u00e8me si\u00e8cle, des enfants meurent de faim parce que l\u2019aide<br \/>\nest bloqu\u00e9e. Dans ce cas, la famine n\u2019est pas une catastrophe naturelle, elle<br \/>\nest le r\u00e9sultat de choix. Des choix qui d\u00e9pouillent les personnes de leur<br \/>\ndignit\u00e9 et les condamnent \u00e0 souffrir.<br \/>Tout aussi important\u00a0: l\u2019aide qui parvient enfin \u00e0 Gaza doit atteindre<br \/>\nceux qui en ont le plus besoin. Nous appelons tous les acteurs sur le terrain \u00e0<br \/>\nveiller \u00e0 ce que l\u2019aide humanitaire soit livr\u00e9e directement \u00e0 la population<br \/>\ncivile, sans interf\u00e9rence ni d\u00e9tournement.<br \/>Comme je vois aussi l\u2019impact d\u00e9vastateur du conflit au Soudan aujourd\u2019hui, o\u00f9<br \/>\nla faim et la malnutrition se propagent, le message ne pourrait pas \u00eatre plus<br \/>\nclair\u00a0: la famine, partout o\u00f9 elle frappe, est un \u00e9chec de l\u2019humanit\u00e9.<br \/>\nNous ne pouvons pas permettre que cela devienne la norme.<br \/>La Belgique continuera \u00e0 faire sa part. Mais le monde doit agir ensemble, de<br \/>\nmani\u00e8re d\u00e9cisive, urgente et avec compassion. Parce que chaque retard co\u00fbte des<br \/>\nvies.<\/p>\n<p class=\"MsoNormal\" style=\"text-align: justify;\">\u00a0<\/p>\n<p class=\"MsoNormal\" style=\"text-align: justify;\"><b style=\"font-family: arial;\">\u2666 Les Engag\u00e9s\u00a0<br \/>Yvan Verougstraete (pr\u00e9sident, d\u00e9put\u00e9<br \/>\neurop\u00e9en)<br \/><\/b>&gt; Et voil\u00e0 qui est Donald Trump\u2026 \u00c7a ne vous a pas pris longtemps,<br \/>\nn\u2019est-ce pas ? Apr\u00e8s avoir d\u00e9tourn\u00e9 notre autonomie \u00e9conomique, maintenant vous<br \/>\nvoulez enterrer notre libert\u00e9 politique ??!?! Pas question !!!<br \/>Apr\u00e8s avoir r\u00e9ussi un coup de l\u2019Union europ\u00e9enne avec un accord commercial tout<br \/>\ndroit sorti du plus grand cambriolage de l\u2019histoire criminelle, maintenant vous<br \/>\npensez pouvoir dicter ce que nos d\u00e9mocraties peuvent ou ne peuvent pas d\u00e9cider.<br \/>\nQui pensez-vous \u00eatre ?<br \/>Trump, votre d\u00e9rive autoritaire ne nous fait pas peur ; et elle ne nous fera<br \/>\njamais abandonner les droits fondamentaux, nos valeurs, nos principes.<\/p>\n<p class=\"MsoNormal\" style=\"text-align: justify;\">&gt; [Crise de Gaza] Les d\u00e9cisions du gouvernement isra\u00e9lien<br \/>\nsont inacceptables. La situation des hommes, des femmes et des enfants \u00e0 Gaza<br \/>\nest dramatique. C&rsquo;est une honte. Nous devons tout faire pour que cela cesse. Le<br \/>\ngouvernement belge doit : <br \/>1. Acter de nouvelles sanctions, seul levier d&rsquo;action efficace \u00e0 court terme<br \/>\npour forcer Netanyahu \u00e0 laisser passer l&rsquo;aide humanitaire. <br \/>2. Reconna\u00eetre l&rsquo;Etat de Palestine. <br \/>3. Plaider au niveau europ\u00e9en pour une suspension imm\u00e9diate de l&rsquo;accord<br \/>\nd&rsquo;association UE-Isra\u00ebl et de ses accords partiels, y compris l&rsquo;accord<br \/>\ncommercial et la participation d&rsquo;Isra\u00ebl \u00e0 Horizon\u00a0Europe. <br \/>Ce n&rsquo;est pas un choix, c&rsquo;est une obligation\u00a0morale.<\/p>\n<p class=\"MsoNormal\" style=\"text-align: justify;\">\u00a0<\/p>\n<p class=\"MsoNormal\" style=\"text-align: justify;\"><b style=\"font-family: arial;\">\u2666 D\u00e9FI\u00a0<br \/>Sophie Rohonyi (pr\u00e9sidente)<br \/><\/b>&gt; [Crise de Gaza] Les \u00e9tudiants en droit de l\u2019ULB &#8211; dont j\u2019ai \u00e9t\u00e9 &#8211; ont<br \/>\nraison de s\u2019\u00e9mouvoir face au drame humanitaire \u00e0 Gaza Mais r\u00e9alisent-ils qu\u2019ils<br \/>\nhonorent ici une \u00e9lue [Rima Hassan] qui l\u00e9gitime l\u2019action arm\u00e9e du Hamas et<br \/>\nrefuse la solution pacifique \u00e0 deux \u00c9tats?!?<\/p>\n<p class=\"MsoNormal\" style=\"text-align: justify;\">\u00a0<\/p>\n<p class=\"MsoNormal\" style=\"text-align: justify;\"><b style=\"font-family: arial;\">Fran\u00e7ois de Smet<br \/>\n(d\u00e9put\u00e9)<\/b><br \/>&gt; Qu&rsquo;il y ait des divergences d&rsquo;opinion sur les valeurs est plut\u00f4t sain en<br \/>\nd\u00e9mocratie. Mais ce que nous vivons est plus s\u00e9rieux: il n&rsquo;y a m\u00eame plus de<br \/>\nconsensus relatif sur les faits.<\/p>\n<p class=\"MsoNormal\" style=\"text-align: justify;\">&gt; Exiger pour la reconnaissance de la Palestine des<br \/>\nconditions devant \u00eatre remplies par le Hamas revient paradoxalement \u00e0 l\u00e9gitimer<br \/>\ncelui-ci. Je suis \u00e0 pr\u00e9sent convaincu que cette reconnaissance ne doit pas \u00eatre<br \/>\nun levier, mais un acte de pr\u00e9servation de la solution \u00e0 deux Etats.<\/p>\n<p class=\"MsoNormal\" style=\"text-align: justify;\">&gt; Le point commun de l&rsquo;extr\u00eame droite et de l&rsquo;extr\u00eame<br \/>\ngauche ? Prendre le parti de l&rsquo;imp\u00e9rialisme russe.<\/p>\n<p class=\"MsoNormal\" style=\"text-align: justify;\">&gt; Le vice-pr\u00e9sident US est un homme qui pense que la<br \/>\nSeconde Guerre mondiale s&rsquo;est arr\u00eat\u00e9e gr\u00e2ce \u00e0 des n\u00e9gociations. On n&rsquo;est pas<br \/>\nrendus.<\/p>\n<p class=\"MsoNormal\" style=\"text-align: justify;\">\u00a0<\/p>\n<p class=\"MsoNormal\" style=\"text-align: justify;\"><b style=\"font-family: arial;\">\u25cf Espagne\u00a0<br \/>\u2666 Ciudadanos\u00a0<br \/><\/b>&gt; La pension moyenne des nouveaux retrait\u00e9s d\u00e9passe d\u00e9j\u00e0 le salaire<br \/>\nmoyen en Espagne. Une donn\u00e9e qui prouve ce que nous d\u00e9non\u00e7ons\u00a0: le syst\u00e8me<br \/>\nactuel n\u2019est pas durable sans r\u00e9formes s\u00e9rieuses. Dire la v\u00e9rit\u00e9 n\u2019est pas<br \/>\nimpopulaire, l\u2019impopulaire sera d\u2019arriver en retard.<\/p>\n<p class=\"MsoNormal\" style=\"text-align: justify;\">\u00a0<\/p>\n<p class=\"MsoNormal\" style=\"text-align: justify;\"><b style=\"font-family: arial;\">\u25cf Italie\u00a0<br \/>\u2666 Azione\u00a0<br \/>Carlo Calenda (secr\u00e9taire g\u00e9n\u00e9ral)\u00a0<br \/><\/b>&gt; Je pense que le grand d\u00e9fi aujourd\u2019hui est de r\u00e9ussir \u00e0 se faire voter<br \/>\nnon pas parce qu\u2019on promet pour la \u00e9ni\u00e8me fois d\u2019abolir les accises ou<br \/>\nd\u2019\u00e9liminer la pauvret\u00e9, mais parce qu\u2019il faut vraiment r\u00e9parer ce qui ne<br \/>\nfonctionne pas. Comme le syst\u00e8me de sant\u00e9 national, comme la gestion des<br \/>\nd\u00e9chets sans valorisation thermique, comme la production d\u2019acier sans navire de<br \/>\nregaz\u00e9ification et ainsi de suite.<\/p>\n<p class=\"MsoNormal\" style=\"text-align: justify;\">&gt; C\u2019est ce que les criminels russes et leurs alli\u00e9s en<br \/>\nItalie et en Occident veulent faire de l\u2019Europe\u00a0: la d\u00e9truire pour<br \/>\nreprendre leur sph\u00e8re d\u2019influence. R\u00e9fl\u00e9chissons \u00e0 chaque fois que nous<br \/>\nentendons utiliser le terme \u00abpaix\u00bb en r\u00e9f\u00e9rence aux Russes par Travaglio,<br \/>\nCacciari, Conte, Salvini, Vannacci, Orsini et compagnie. <br \/>En septembre, je retournerai en Ukraine. Je renouvelle l\u2019invitation \u00e0 venir aux<br \/>\nleaders de parti qui, en trois ans et demi, n\u2019ont pas trouv\u00e9 le temps<br \/>\nd\u2019apporter leur solidarit\u00e9 personnellement. Moins de 5S et plus d\u2019Ukraine pour<br \/>\nd\u00e9fendre la d\u00e9mocratie lib\u00e9rale.<\/p>\n<p class=\"MsoNormal\" style=\"text-align: justify;\">&gt; [Agression de Poutine contre l\u2019Ukraine] La d\u00e9fense de<br \/>\nKiev n\u2019est pas seulement une question g\u00e9opolitique, mais touche la racine m\u00eame<br \/>\ndes valeurs d\u00e9mocratiques de la gauche italienne et europ\u00e9enne. <br \/>C\u2019est pr\u00e9cis\u00e9ment pour cela que je fais une proposition claire et directe aux<br \/>\nleaders du centre-gauche qui n\u2019ont jamais \u00e9t\u00e9 en #Ukraine\u00a0: allons tous<br \/>\nensemble.<br \/>Il est temps de d\u00e9montrer que les valeurs de la R\u00e9sistance doivent \u00eatre<br \/>\nd\u00e9fendues et honor\u00e9es non seulement en souvenir de l\u2019antifascisme, mais aussi<br \/>\naujourd\u2019hui au nom du peuple ukrainien et de leur combat pour notre libert\u00e9.<\/p>\n<p class=\"MsoNormal\" style=\"text-align: justify;\">&gt; Du gouvernement national o\u00f9 le vice-pr\u00e9sident du<br \/>\nconseil parle comme s\u2019il se trouvait au comptoir d\u2019un bar, jusqu\u2019aux r\u00e9gions<br \/>\nutilis\u00e9es comme monnaie d\u2019\u00e9change pour des accords de parti ou de partage au<br \/>\nsein des coalitions, la politique italienne est compl\u00e8tement \u00e0 repenser. \u00a0Azione est n\u00e9e pour cela et nous ne changerons<br \/>\npas notre mission pour des choix de commodit\u00e9.<\/p>\n<p class=\"MsoNormal\" style=\"text-align: justify;\">&gt; Trump dit qu\u2019on l\u2019appelle le pr\u00e9sident de l\u2019Europe. \u00c7a<br \/>\nsuffit. Quelqu\u2019un, quelqu\u2019un par piti\u00e9 de patrie qui r\u00e9ponde \u00e0 ce clown<br \/>\nd\u2019Europe. Sans dignit\u00e9, il n\u2019y a pas d\u2019identit\u00e9. L\u2019Europe n\u2019existe pas sans<br \/>\nidentit\u00e9.<\/p>\n<p class=\"MsoNormal\" style=\"text-align: justify;\">&gt; [Crise de Gaza] Dans ma vie politique, j\u2019ai toujours<br \/>\n\u00e9t\u00e9 ami de l\u2019\u00c9tat d\u2019Isra\u00ebl. Je l\u2019ai critiqu\u00e9 quand il le fallait mais j\u2019ai<br \/>\ntoujours soutenu son droit \u00e0 la d\u00e9fense. Chaque jour, je le vois se transformer<br \/>\nen une machine qui inflige la mort et la souffrance avec un d\u00e9tachement<br \/>\n\u00e9motionnel &#8211; malheureusement tr\u00e8s r\u00e9pandu dans le pays &#8211; inimaginable. Isra\u00ebl<br \/>\ndoit \u00eatre arr\u00eat\u00e9. Lors de la r\u00e9ouverture du parlement, nous pr\u00e9senterons une<br \/>\nproposition pour des sanctions individuelles nationales contre les criminels<br \/>\nBen Gvir et Smotrich. Nous verrons si le gouvernement &#8211; au moins en ce qui<br \/>\nconcerne ces deux dangereux d\u00e9linquants &#8211; aura la force d\u2019agir.<\/p>\n<p class=\"MsoNormal\" style=\"text-align: justify;\">&gt; Au cours des dix derni\u00e8res ann\u00e9es, la participation<br \/>\nmoyenne aux \u00e9lections r\u00e9gionales a \u00e9t\u00e9 de 45% et celle \u00e0 la reconduction des<br \/>\npr\u00e9sidents sortants de 85%. Avec la faible participation augmente l\u2019incidence<br \/>\ndu vote organis\u00e9 et client\u00e9liste qui privil\u00e9gie ceux qui d\u00e9tiennent le pouvoir.<br \/>\nCe syst\u00e8me est profond\u00e9ment malade et s\u2019aggrave \u00e0 chaque tour de scrutin. Mais<br \/>\npersonne ne semble s\u2019y int\u00e9resser.<\/p>\n<p class=\"MsoNormal\" style=\"text-align: justify;\">&gt; [Agression de Poutine contre l\u2019Ukraine] Aujourd\u2019hui on<br \/>\nc\u00e9l\u00e8bre le jour de l\u2019ind\u00e9pendance de l\u2019Ukraine. Les Ukrainiens nous enseignent<br \/>\net au monde que seul le courage pr\u00e9serve la libert\u00e9. Et cette le\u00e7on morale est<br \/>\npour beaucoup irritante ou incompr\u00e9hensible. Nous sommes trop \u00e9loign\u00e9s de nos<br \/>\nluttes pour l\u2019ind\u00e9pendance et la libert\u00e9 que nous utilisons pourtant<br \/>\nquotidiennement dans la propagande politique. Honneur aux Ukrainiens donc et<br \/>\nd\u00e9shonneur pour tous les \u00abindiff\u00e9rents\u00bb et toutes les \u00ab\u00e2mes mortes\u00bb qui se<br \/>\nmoquent d\u2019eux, les ridiculisent et les donnent pour vaincus et pour ces<br \/>\npoliticiens de gueule &#8211; 5S et Lega en premier lieu &#8211; qui voudraient les<br \/>\nabandonner pour plaire \u00e0 Poutine.<\/p>\n<p class=\"MsoNormal\" style=\"text-align: justify;\">&gt; Le probl\u00e8me de Salvini (l\u2019un des nombreux) est qu\u2019il<br \/>\npense, parle et agit comme s\u2019il \u00e9tait au bar du sport apr\u00e8s un tour de grappa.<br \/>\nVous pouvez bien s\u00fbr dire que Macron a tort, mais vous devez le faire avec les<br \/>\nmani\u00e8res appropri\u00e9es pour un vice-pr\u00e9sident du conseil. Malheureusement,<br \/>\nSalvini ne se rend pas compte. Il n\u2019est pas mauvais, il n\u2019y arrive pas du tout.<br \/>\nIl est rest\u00e9 \u00e0 Papeete avec le mojito dans la main et les pantalons baiss\u00e9s.<\/p>\n<p class=\"MsoNormal\" style=\"text-align: justify;\">\u00a0<\/p>\n<p class=\"MsoNormal\" style=\"text-align: justify;\"><b style=\"font-family: arial;\">\u2666 Italia Viva\u00a0<br \/>Matteo Renzi (pr\u00e9sident)\u00a0<br \/><\/b>&gt; Dans l\u2019Italie de Meloni et Salvini, il semble que l\u2019\u00e9tude soit du<br \/>\ntemps perdu. Et les Italiens s\u2019enfuient\u00a0: 194000 l\u2019ann\u00e9e derni\u00e8re ils sont<br \/>\npartis! Nous voulons une Italie o\u00f9 le m\u00e9rite et le talent comptent, pas les<br \/>\ns\u0153urs ou les beaux-fr\u00e8res.<\/p>\n<p class=\"MsoNormal\" style=\"text-align: justify;\">&gt; R\u00e9union de Rimini. Discours habituel de Giorgia<br \/>\nMeloni\u00a0: dix en rh\u00e9torique, z\u00e9ro en concret.<br \/>Puis le tournant. Voici la proposition\u00a0: un plan de maison pour les jeunes<br \/>\ncouples. <br \/>Elle dit qu\u2019elle et Salvini ont travaill\u00e9 cet \u00e9t\u00e9\u00a0: pas vraiment<br \/>\nencourageant, voil\u00e0. <br \/>Mais c\u2019est bon, allons voir. <br \/>Madame la Pr\u00e9sidente du Conseil, les deux derni\u00e8res propositions que vous avez<br \/>\nfaites \u00e9taient le plan de vingt-cinq milliards d\u2019euros pour les entreprises. Et<br \/>\nle plan maison aujourd\u2019hui pour les familles. Nous relevons le d\u00e9fi. Nous<br \/>\nvoulons le plan pour les entreprises, nous voulons le plan maison. Et nous<br \/>\nvoulons que le Parlement en discute.<br \/>Qu\u2019attends-tu, ch\u00e8re Giorgia? viens au S\u00e9nat et apporte les deux projets de<br \/>\nloi.<\/p>\n<p class=\"MsoNormal\" style=\"text-align: justify;\">Sinon, c\u2019est la blague habituelle de ceux qui gouvernent<br \/>\ndepuis trois ans et produisent des tweets, pas des r\u00e9formes. <br \/>Pensez-vous que les deux projets de loi arriveront ou ce ne sont que des<br \/>\nbavardages?<\/p>\n<p class=\"MsoNormal\" style=\"text-align: justify;\">&gt; Italia Viva doit construire une maison r\u00e9formiste pour<br \/>\ntous ceux qui veulent \u00e9quilibrer le poids de la gauche radicale. Il y a un<br \/>\nespace extraordinaire pour nos id\u00e9es.<\/p>\n<p class=\"MsoNormal\" style=\"text-align: justify;\">\u00a0<\/p>\n<p class=\"MsoNormal\" style=\"text-align: justify;\"><b style=\"font-family: arial;\">\u25cf Pays-Bas<br \/>\u2666 D66<br \/>Rob Jetten (pr\u00e9sident)<\/b><br \/>&gt; [Crise politique] C\u2019est encore un d\u00e9sordre politique \u00e0 La Haye, caus\u00e9 par<br \/>\nles m\u00eames fauteurs de troubles. Je suis tr\u00e8s pr\u00e9occup\u00e9 par cela. Maintenant,<br \/>\ngardons la paix et trouvons une voie raisonnable pour avancer. Pour les d\u00e9fis<br \/>\naux Pays-Bas et pour notre r\u00f4le dans un monde troubl\u00e9. (\u2026)<br \/>Nous ne devons pas oublier que cette crise politique est n\u00e9e parce que le VVD<br \/>\nrefuse de tout faire depuis des mois pour arr\u00eater les souffrances \u00e0 Gaza et en<br \/>\nCisjordanie. Ils font semblant de bouger, mais votent toujours contre. Nous<br \/>\ncontinuons \u00e0 parler et faisons tout notre possible pour arr\u00eater cette terrible<br \/>\nsouffrance.<\/p>\n<p class=\"MsoNormal\" style=\"text-align: justify;\">&gt; [Elections l\u00e9gislatives] Le 29\u00a0octobre, les<br \/>\nPays-Bas pourront opter pour les forces positives \u00e0 la place des combattants. Nous<br \/>\nd\u00e9fendons toutes les personnes qui veulent avancer, retroussons nos manches<br \/>\nensemble et disons\u00a0: c\u2019est possible !<\/p>\n<p class=\"MsoNormal\" style=\"text-align: justify;\">&gt; [Elections l\u00e9gislatives] Les recherches du RTL montrent<br \/>\nque la proposition de D66 pour un cabinet d\u2019union nationale est largement<br \/>\nsoutenue. Les gens en ont assez du chaos et des disputes et demandent un<br \/>\ngouvernement stable et solide. En tant que forces positives, travaillons<br \/>\nmaintenant ensemble et faisons un pas en avant.<\/p>\n<p class=\"MsoNormal\" style=\"text-align: justify;\">&gt; Une femme est assassin\u00e9e aux Pays-Bas tous les 8 jours.<br \/>\nMais quand Wilders pouvait vraiment agir pour la s\u00e9curit\u00e9 des femmes en<br \/>\nsoutenant nos propositions, il ne donnait pas \u00e0 la maison. Maintenant, il<br \/>\nessaie de faire de la fausse politique avec cela, purement pour son propre<br \/>\nprofit.<\/p>\n<p class=\"MsoNormal\" style=\"text-align: justify;\">&gt; Hommes des Pays-Bas, c\u2019est notre probl\u00e8me. Pas le<br \/>\nprobl\u00e8me des femmes. Nous devons parler haut et fort. Jusqu\u2019\u00e0 ce que les femmes<br \/>\npuissent rentrer chez elles \u00e0 v\u00e9lo sans r\u00e9fl\u00e9chir.<br \/>Les plans concrets pour arr\u00eater le f\u00e9minicide et la misogynie sont pr\u00eats \u00e0 \u00eatre<br \/>\nmis en \u0153uvre. Alors\u00a0: commencez ! Nous n\u2019arr\u00eaterons pas tant que chaque<br \/>\nfille et femme aux Pays-Bas ne sera pas libre et en s\u00e9curit\u00e9.<\/p>\n<p class=\"MsoNormal\" style=\"text-align: justify;\">&gt; Le leadership prend ses responsabilit\u00e9s. Wilders a fait<br \/>\nle contraire. Il a nomm\u00e9 Faber comme ministre, n\u2019a tenu aucune promesse et a<br \/>\nfini par s\u2019en aller de peur. Et bien que les forces positives de notre pays<br \/>\nveuillent avancer, m\u00eame maintenant elles s\u2019attardent dans les disputes et<br \/>\nl\u2019int\u00e9r\u00eat personnel.<\/p>\n<p class=\"MsoNormal\" style=\"text-align: justify;\">&gt; [Crise politique et \u00e9lections l\u00e9gislatives] Les gens<br \/>\nsont fatigu\u00e9s de se disputer. Les Pays-Bas ont besoin de stabilit\u00e9, sans crise<br \/>\nni chaos.<br \/>C\u2019est encore une fois un d\u00e9sordre politique \u00e0 La Haye, caus\u00e9 par les m\u00eames<br \/>\nfauteurs de troubles. Je suis tr\u00e8s pr\u00e9occup\u00e9 par cela. Maintenant, gardons la<br \/>\npaix et trouvons une voie raisonnable pour avancer. Pour les d\u00e9fis aux Pays-Bas<br \/>\net pour notre r\u00f4le dans un monde troubl\u00e9.<\/p>\n<p class=\"MsoNormal\" style=\"text-align: justify;\">\u00a0<\/p>\n<p class=\"MsoNormal\" style=\"text-align: justify;\"><b>Jan Paternotte (d\u00e9put\u00e9)<br \/><\/b>&gt; [Crise de Gaza] Trump isole l\u2019Am\u00e9rique. De Kadhafi \u00e0 Fidel Castro, au<br \/>\nfil des ans, tous les dirigeants ont pu participer \u00e0 l\u2019Assembl\u00e9e mondiale de<br \/>\nNew York. <br \/>En refusant maintenant un participant l\u00e9gitime, des appels se feront entendre<br \/>\npour retirer l\u2019ONU de New York. <br \/>Stupide, et un cadeau pour Poutine et Xi.<\/p>\n<p class=\"MsoNormal\" style=\"text-align: justify;\">&gt; [Agression de Poutine contre l\u2019Ukraine] La Russie<br \/>\nattaque \u00e0 nouveau des villes partout en Ukraine ce matin. Leur cible pr\u00e9f\u00e9r\u00e9e ?<br \/>\nLes appartements. La plupart des gens vivent ensemble l\u00e0-bas.<br \/>La guerre de Poutine est une pure terreur destin\u00e9e \u00e0 soumettre 40\u00a0millions<br \/>\nde personnes. L\u2019Ukraine m\u00e9rite plus de soutien europ\u00e9en !<\/p>\n<p class=\"MsoNormal\" style=\"text-align: justify;\">&gt; [Agression de Poutine contre l\u2019Ukraine] La Russie tire<br \/>\nsur le bureau europ\u00e9en \u00e0 Kiev. Une escalade pure et simple contre les<br \/>\ndiplomates, une violation de la Convention de Vienne.<br \/>Au lieu d\u2019un sommet de la paix, Poutine opte pour plus de terreur.<br \/>Cela ne s\u2019arr\u00eatera que si Poutine ne gagne pas. Soutenons davantage l\u2019Ukraine !<\/p>\n<p class=\"MsoNormal\" style=\"text-align: justify;\">&gt; [Crise politique et \u00e9lections l\u00e9gislatives] L\u2019exp\u00e9rience<br \/>\nde Yesilg\u00f6z et Wilders a maintenant abouti \u00e0 un cabinet trap deux fois. Moins<br \/>\nd\u2019un quart de la Chambre des repr\u00e9sentants soutient les restes. <br \/>Il est temps de remplacer les combattants. Il est temps pour un cabinet d\u2019unit\u00e9<br \/>\nnationale avec des directeurs solides.<\/p>\n<p class=\"MsoNormal\" style=\"text-align: justify;\">&gt; [Crise de Gaza] Dans le bombardement d\u2019un h\u00f4pital \u00e0<br \/>\nGaza, Isra\u00ebl a tu\u00e9 un autre journaliste, cette fois un cam\u00e9raman de l\u2019agence de<br \/>\npresse britannique Reuters. <br \/>De nouvelles fronti\u00e8res sont franchies chaque jour. Les Pays-Bas ont un cabinet<br \/>\nqui ne veut m\u00eame pas prendre une seule mesure.<\/p>\n<p class=\"MsoNormal\" style=\"text-align: justify;\">\u00a0<\/p>\n<p class=\"MsoNormal\" style=\"text-align: justify;\"><b style=\"font-family: arial;\">\u25cf Pologne<br \/>\u2666 Polska 2050<br \/><\/b>&gt; Les armes sont une<br \/>\nresponsabilit\u00e9. Nous revenons avec la loi sur le test obligatoire pour les<br \/>\nd\u00e9tenteurs d\u2019armes.<\/p>\n<p class=\"MsoNormal\" style=\"text-align: justify;\">&gt; Projet de budget<br \/>\npour 2026 avec nos obligations envers les \u00e9lecteurs <br \/>&#8211; 400\u00a0millions de PLN pour la liquidation des d\u00e9charges toxiques<br \/>\n(100\u00a0millions de plus qu\u2019en 2025)<br \/>&#8211; Lower Oder National Park \u2013 premier en 24 ans<br \/>&#8211; Assistance pour OzN \u2013 pr\u00e9paration du syst\u00e8me et mise en service \u00e0 partir de<br \/>\n2027<br \/>&#8211; Financement de la TVP li\u00e9 \u00e0 une r\u00e9forme pour rendre les m\u00e9dias vraiment<br \/>\npublics<br \/>&#8211; 5\u00a0milliards de PLN pour le logement social et environ 0 PLN pour un pr\u00eat<br \/>\n\u00e0 0%<\/p>\n<p class=\"MsoNormal\" style=\"text-align: justify;\">&gt; Pologne 2050 est<br \/>\nclair depuis le d\u00e9but\u00a0: la construction de logements sociaux a besoin de<br \/>\nplus de soutien.<br \/>Notre pression a apport\u00e9 un milliard de PLN suppl\u00e9mentaire \u00e0 cette ann\u00e9e ! <br \/>Dans le projet de budget pour 2026\u00a0: enregistrer 5\u00a0milliards de PLN,<br \/>\ndont 1\u00a0milliard de PLN du KPO. C\u2019est le r\u00e9sultat d\u2019un travail conjoint par<br \/>\nla coalition 15 X. <br \/>Pologne 2050 \u2013 efficacement du c\u00f4t\u00e9 du peuple. Pour les promoteurs\u00a0: super<br \/>\nz\u00e9ro !<\/p>\n<p class=\"MsoNormal\" style=\"text-align: justify;\">&gt; Energie \u00e9olienne:<br \/>\nLe refus du palais pr\u00e9sidentiel nous oblige \u00e0 chercher &#8211; comme il s\u2019av\u00e8re &#8211; des<br \/>\nsolutions plus faciles et plus simples. Nous avons l\u2019intention de mettre en<br \/>\n\u0153uvre deux des trois composants de la loi sur les \u00e9oliennes malgr\u00e9 le veto du<br \/>\npr\u00e9sident<br \/>Nous le ferons parce que ces solutions \u00e9taient cens\u00e9es \u00eatre une injection<br \/>\nd\u2019\u00e9nergie bon march\u00e9 et propre dont les Polonaises et les Polonais ont besoin,<br \/>\ndont les entrepreneurs ont besoin.<\/p>\n<p class=\"MsoNormal\" style=\"text-align: justify;\">&gt; Les gens veulent<br \/>\nune \u00e9nergie moins ch\u00e8re et des r\u00e8gles plus simples.<\/p>\n<p class=\"MsoNormal\" style=\"text-align: justify;\">Le pr\u00e9sident Nawrocki<br \/>\nr\u00e9pond\u00a0: v\u00e9to. Une d\u00e9cision co\u00fbteuse que tout le monde ressentira.<\/p>\n<p class=\"MsoNormal\" style=\"text-align: justify;\">&gt; Lors de la<br \/>\nconf\u00e9rence de presse d\u2019aujourd\u2019hui, le vice-premier ministre et ministre de la<br \/>\nD\u00e9fense nationale W\u0142adys\u0142aw Kosiniak-Kamysz et le vice-pr\u00e9sident du S\u00e9nat<br \/>\nMaciej \u017bywno ont annonc\u00e9 la d\u00e9cision d\u2019enterrer symboliquement les restes<br \/>\nd\u2019officiers polonais exhum\u00e9s des fosses communes en 1943\u20132000.<br \/>Cette d\u00e9cision, qui s\u2019inscrit dans le cadre de la c\u00e9l\u00e9bration du 85e<br \/>\nanniversaire du massacre de Katyn, est le r\u00e9sultat de nombreuses ann\u00e9es<br \/>\nd\u2019efforts des communaut\u00e9s Katyn et est une opportunit\u00e9 pour mettre fin<br \/>\nsymboliquement au traumatisme des familles qui attendent depuis des d\u00e9cennies<br \/>\nl\u2019occasion de dire adieu \u00e0 leurs proches avec dignit\u00e9.<br \/>Les restes doivent \u00eatre d\u00e9pos\u00e9s dans la cath\u00e9drale de campagne de l\u2019arm\u00e9e<br \/>\npolonaise \u00e0 Varsovie. Ceux-ci incluent des cr\u00e2nes et des fragments d\u2019os<br \/>\nprovenant d\u2019exhumations \u00e0 Kharkov, Katyn et des ressources du mus\u00e9e. L\u2019Institut<br \/>\nde la m\u00e9moire nationale d\u00e9cidera du nombre et de la date de leur inhumation. Le<br \/>\nterme symbolique \u2013 17\u00a0septembre est en cours d\u2019examen.<\/p>\n<p class=\"MsoNormal\" style=\"text-align: justify;\">Nawrocki est un<br \/>\naventurier inefficace. Le veto du pr\u00e9sident ne prive aucun Ukrainien du<br \/>\nprogramme 800+. Il retire en revanche les fonds destin\u00e9s aux Starlink, qui<br \/>\nmaintiennent les troupes russes \u00e0 mille kilom\u00e8tres de nos fronti\u00e8res.<br \/>Mentzen s&rsquo;en r\u00e9jouit.<br \/>Le Kremlin s&rsquo;en r\u00e9jouit.<br \/>Les commandants russes dans le Donbass s&rsquo;en r\u00e9jouissent.<\/p>\n<p class=\"MsoNormal\" style=\"text-align: justify;\">\u00a0<\/p>\n<p class=\"MsoNormal\" style=\"text-align: justify;\"><b>Pawe\u0142 \u015aliz (d\u00e9put\u00e9)<br \/><\/b>&gt; Le veto pr\u00e9sidentiel \u00e0 la<br \/>\nloi sur les prestations aux r\u00e9fugi\u00e9s est un \u00e9norme probl\u00e8me qui affecte des<br \/>\ncentaines de milliers d\u2019Ukrainiens qui ont trouv\u00e9 un abri et du travail en<br \/>\nPologne. <br \/>\u00c0 chaque \u00e9tape, nous voyons des citoyens ukrainiens participer activement \u00e0 la<br \/>\nvie \u00e9conomique. Ce sont aussi eux qui dirigent les entreprises polonaises,<br \/>\npaient des imp\u00f4ts et soutiennent vraiment notre PIB. Les amener \u00e0 un statut<br \/>\nill\u00e9gal est une \u00e9tape absurde et dangereuse.<br \/>Principales cons\u00e9quences de cette d\u00e9cision\u00a0:<br \/>&#8211; Menace sur le march\u00e9 du travail\u00a0: La loi a prolong\u00e9 la r\u00e9sidence l\u00e9gale<br \/>\njusqu\u2019au 4\u00a0mars\u00a02026, assurant ainsi la stabilit\u00e9 pour les r\u00e9fugi\u00e9s<br \/>\net les employeurs. Sans cela, les pouvoirs expirent d\u00e8s le<br \/>\n30\u00a0septembre\u00a02025, mena\u00e7ant des licenciements massifs et le chaos<br \/>\n\u00e9conomique.<br \/>&#8211; Croissance de la zone grise\u00a0: Plus de 600000 demandes de l\u00e9galisation de<br \/>\ns\u00e9jour sont toujours en attente d\u2019\u00eatre examin\u00e9es dans nos bureaux. Sans une<br \/>\nextension du statut, des centaines de milliers de personnes pourraient \u00eatre<br \/>\nforc\u00e9es \u00e0 travailler ill\u00e9galement.<br \/>&#8211; Veto sans motifs: Nawrocki n\u2019a pas pr\u00e9sent\u00e9 d\u2019arguments clairs. La loi a<br \/>\nrenforc\u00e9 le syst\u00e8me, en \u00e9liminant les abus (par exemple lors de l\u2019octroi du<br \/>\nPESEL aux enfants venant de l\u2019ext\u00e9rieur de la Pologne) et en limitant les<br \/>\nsubventions au logement. Son rejet sape la confiance dans l\u2019\u00c9tat.<\/p>\n<p class=\"MsoNormal\" style=\"text-align: justify;\">&#8211; Hypocrisie\u00a0:<br \/>\nHier, le pr\u00e9sident a f\u00e9licit\u00e9 l\u2019Ukraine pour son ind\u00e9pendance et lou\u00e9 le<br \/>\ncourage de ses soldats, aujourd\u2019hui il s\u2019en prend aux familles de ces<br \/>\nsoldats\u00a0: m\u00e8res, enfants et personnes \u00e2g\u00e9es fuyant la guerre. De telles<br \/>\nactions d\u00e9truisent la cr\u00e9dibilit\u00e9 de la Pologne sur la sc\u00e8ne internationale et<br \/>\nsont un cadeau pour le Kremlin.<\/p>\n<p class=\"MsoNormal\" style=\"text-align: justify;\">\u00a0<\/p>\n<p class=\"MsoNormal\" style=\"text-align: justify;\"><b style=\"font-family: arial;\">\u25cf Portugal<\/b><br \/>\n<b style=\"font-family: arial;\">\u2666 Iniciativa liberal<br \/><\/b>&gt; [Lutte contre les feux de for\u00eat] L&rsquo;IL a pr\u00e9sent\u00e9 des r\u00e9formes<br \/>\nconcr\u00e8tes telles que la cr\u00e9ation d&rsquo;un code forestier simplifi\u00e9 et la r\u00e9forme de<br \/>\nl&rsquo;Agence portugaise pour l&rsquo;environnement et de l&rsquo;Institut de conservation de la<br \/>\nnature et des for\u00eats, et le PSD a vot\u00e9 contre, faute de la proposition.<br \/>Sans rien changer de substantiel les calamit\u00e9s vont continuer. Cela ne peut<br \/>\n\u00eatre r\u00e9solu qu&rsquo;avec une politique s\u00e9rieuse, pas avec des man\u0153uvres amusantes ou<br \/>\nde spectacle.<br \/>Le Portugal sera de retour en feu en 2025. Apr\u00e8s des ann\u00e9es d&rsquo;\u00e9coute des<br \/>\npromesses, les incendies de cet \u00e9t\u00e9 ont une fois de plus expos\u00e9 la fragilit\u00e9<br \/>\nchronique de la politique foresti\u00e8re et de la protection civile au Portugal.<br \/>C&rsquo;est le paradoxe du feu : moins d&rsquo;inflammations, plus de carburant accumul\u00e9<br \/>\npendant des ann\u00e9es sans gestion active, pr\u00eat \u00e0 br\u00fbler dans des catastrophes de<br \/>\nplus en plus violentes.<br \/>Face \u00e0 cela, le gouvernement s&rsquo;est limit\u00e9 \u00e0 r\u00e9pondre par des palliatifs. Apr\u00e8s<br \/>\nla calamit\u00e9 annonce son soutien mais ne fonctionne pas avant pour pr\u00e9venir la<br \/>\ncalamit\u00e9.<br \/>Depuis qu&rsquo;il est entr\u00e9 en fonction, il a \u00e9t\u00e9 temps de commencer \u00e0 corriger des<br \/>\nd\u00e9cennies de retard, mais cela a \u00e9chou\u00e9. Les investissements dans la pr\u00e9vention<br \/>\nrestent insuffisants, la protection civile reste un refuge pour les gar\u00e7ons et<br \/>\nles entit\u00e9s responsables telles que l&rsquo;ICNF et l&rsquo;APA continuent d&rsquo;\u00eatre ancr\u00e9es<br \/>\ndans la bureaucratie et les blocages.<br \/>Encore plus grave : quand il a eu l&rsquo;occasion de soutenir des solutions<br \/>\nstructurelles, le gouvernement a vot\u00e9 contre.<br \/>Le code forestier simplifi\u00e9 propos\u00e9 par l&rsquo;Initiative lib\u00e9rale, qui a ajout\u00e9 une<br \/>\nl\u00e9gislation \u00e9parpill\u00e9e en un seul code et simplifi\u00e9 les processus n\u00e9cessaires \u00e0<br \/>\nla gestion foresti\u00e8re, a \u00e9chou\u00e9 en juillet de cette ann\u00e9e et a rejet\u00e9 la<br \/>\nr\u00e9forme propos\u00e9e par l&rsquo;IL de l&rsquo;Agence de protection de l&rsquo;environnement et<br \/>\nl&rsquo;Institut de Les for\u00eats. Les for\u00eats, ce qui \u00e9liminerait la surposition et<br \/>\nl&rsquo;inefficacit\u00e9. Les cons\u00e9quences de ces choix sont ch\u00e8res pour les Portugais.<br \/>1. Une for\u00eat \u00e9conomiquement valoris\u00e9e &#8211; avec un registre complet, des<br \/>\npropri\u00e9t\u00e9s consolid\u00e9es, des incitations \u00e9conomiques pour le nettoyage et le<br \/>\nremboursement des services \u00e9cosyst\u00e9miques. Sans valeur \u00e9conomique, il n&rsquo;y a pas<br \/>\nde for\u00eat am\u00e9nag\u00e9e.<br \/>2. Gestion active des carburants &#8211; recourir syst\u00e9matiquement \u00e0 des incendies<br \/>\ncontr\u00f4l\u00e9s dans des zones strat\u00e9giques, emp\u00eachant les grands incendies de<br \/>\ntrouver du carburant accumul\u00e9.<br \/>3. R\u00e9tablissement durable des zones br\u00fbl\u00e9es &#8211; cr\u00e9ant des mosa\u00efques foresti\u00e8res<br \/>\nqui \u00e9quilibrent rentabilit\u00e9 \u00e9conomique et biodiversit\u00e9.<br \/>4. R\u00e9forme structurelle des institutions &#8211; fusion et num\u00e9risation de l&rsquo;APA et<br \/>\nde l&rsquo;ICNF, avec des processus rapides, transparents et des d\u00e9lais<br \/>\ncontraignants. Les gestionnaires publics doivent \u00eatre tenus responsables des<br \/>\nretards et des mauvaises pratiques.<br \/>5. Plus de pr\u00e9vention, moins de bureaucratie &#8211; le Portugal d\u00e9pense de plus en<br \/>\nplus dans le combat, mais il ne peut pas ex\u00e9cuter \u00e0 l&rsquo;\u00e9chelle requise les<br \/>\nprogrammes de pr\u00e9vention Il est urgent d&rsquo;inverser les priorit\u00e9s.<br \/>Le Portugal n&rsquo;a pas besoin de plus de promesses ou de plans diff\u00e9r\u00e9s : il a<br \/>\nbesoin d&rsquo;action. Alors que le gouvernement est perdu dans la propagande et les<br \/>\nblocus administratifs, le pays reste vuln\u00e9rable aux incendies de plus en plus<br \/>\nviolents.<br \/>L&rsquo;Initiative lib\u00e9rale r\u00e9affirme sa demande : une for\u00eat pr\u00e9cieuse, des<br \/>\ninstitutions r\u00e9form\u00e9es et des politiques coh\u00e9rentes de pr\u00e9vention et de<br \/>\nrel\u00e8vement. Ce n&rsquo;est qu&rsquo;alors qu&rsquo;il sera possible de briser le cycle de la<br \/>\ntrag\u00e9die qui menace chaque ann\u00e9e des vies, des communaut\u00e9s et l&rsquo;avenir de notre<br \/>\npays.<\/p>\n<p class=\"MsoNormal\" style=\"text-align: justify;\">\u00a0<\/p>\n<p class=\"MsoNormal\" style=\"text-align: justify;\"><b style=\"font-family: arial;\">\u25cf Roumanie<br \/>\u2666 Gouvernement<br \/>Nicosur Dan (pr\u00e9sident)<br \/><\/b>&gt; Je condamne fermement<br \/>\nl&rsquo;agression d&rsquo;un jeune homme venu travailler \u00e0 Bucarest, battu et humili\u00e9 juste<br \/>\nparce qu&rsquo;il n&rsquo;est pas n\u00e9 ici. Des faits comme celui-ci sont intol\u00e9rables. Ces<br \/>\nderni\u00e8res semaines, des voix qui incitent \u00e0 la haine contre les \u00e9trangers se<br \/>\nsont r\u00e9pandues dans l&rsquo;espace public. Et les mots ont des cons\u00e9quences r\u00e9elles,<br \/>\nparfois dramatiques.<br \/>De tels actes de violence x\u00e9nophobe, aussi isol\u00e9s qu&rsquo;ils puissent para\u00eetre,<br \/>\nconstituent une attaque contre les valeurs fondamentales de notre soci\u00e9t\u00e9. Les<br \/>\nautorit\u00e9s devraient traiter cette affaire tr\u00e8s au s\u00e9rieux comme un crime<br \/>\nhaineux.<br \/>Je f\u00e9licite le policier dans son temps libre qui est intervenu rapidement et<br \/>\navec beaucoup de courage pour arr\u00eater l&rsquo;agresseur, emp\u00eachant ainsi l&rsquo;incident<br \/>\nde d\u00e9g\u00e9n\u00e9rer.<br \/>Beaucoup de Roumains sont \u00e0 leur tour partis travailler \u00e0 l&rsquo;\u00e9tranger. C&rsquo;est<br \/>\npourquoi nous savons trop bien ce que signifie avoir \u00e0 chercher sa chance loin<br \/>\nde son pays et de sa famille.<br \/>Je r\u00e9affirme mon engagement pour une Roumanie qui respecte les droits de toute<br \/>\npersonne, ind\u00e9pendamment de sa nationalit\u00e9, de son appartenance ethnique ou de<br \/>\nson statut. Tous ceux qui vivent et travaillent ici m\u00e9ritent une protection et<br \/>\nun traitement \u00e9gaux. Ce n&rsquo;est pas la haine qui nous d\u00e9finit, roumains, mais la<br \/>\nsolidarit\u00e9, l&rsquo;hospitalit\u00e9 et la tol\u00e9rance.<\/p>\n<p class=\"MsoNormal\" style=\"text-align: justify;\">&gt; R\u00e9union avec<br \/>\ndes diplomates roumains. J&rsquo;ai discut\u00e9 de ce que nous devons faire ensemble pour<br \/>\nque la Roumanie atteigne ses objectifs \u00e0 l&rsquo;int\u00e9rieur et \u00e0 l\u2019ext\u00e9rieur.<br \/>Il y a trois grandes directions sur lesquelles notre activit\u00e9 se concentrera &#8211;<br \/>\ns\u00e9curit\u00e9, taille \u00e9conomique et Roumains en dehors des fronti\u00e8res. Je suis tr\u00e8s<br \/>\noptimiste que, peu apr\u00e8s les r\u00e9formes absolument n\u00e9cessaires d\u00e9j\u00e0 en cours,<br \/>\nnous allons relancer l&rsquo;\u00e9conomie.<br \/>Notre politique \u00e9trang\u00e8re doit rester pr\u00e9visible et coh\u00e9rente.<br \/>L&rsquo;adh\u00e9sion \u00e0 l&rsquo;Union europ\u00e9enne, l&rsquo;OTAN, le partenariat strat\u00e9gique plus<br \/>\nfructueux avec les \u00c9tats-Unis et la coop\u00e9ration avec nos partenaires<br \/>\ninternationaux sont des choses que nous ne changerons pas. Nous continuerons<br \/>\nnotre soutien \u00e0 l&rsquo;Ukraine car notre s\u00e9curit\u00e9 m\u00eame en d\u00e9pend. La R\u00e9publique de<br \/>\nMoldova doit rester une priorit\u00e9 et nous la soutiendrons dans toutes les<br \/>\nquestions concr\u00e8tes dont elle a besoin &#8211; transport, \u00e9nergie et coop\u00e9ration<br \/>\n\u00e9conomique.<br \/>L&rsquo;adh\u00e9sion de la Roumanie \u00e0 l&rsquo;OCDE d&rsquo;ici fin 2026 est un objectif strat\u00e9gique<br \/>\net le moment o\u00f9 notre \u00e9conomie va commencer \u00e0 relancer. En ce sens, il est<br \/>\nn\u00e9cessaire que la pr\u00e9sidence, le gouvernement et le minist\u00e8re de l&rsquo;\u00e9conomie<br \/>\nd\u00e9finissent ensemble les grandes priorit\u00e9s \u00e9conomiques de la Roumanie, dans un<br \/>\ndialogue avec les entreprises de notre pays.<br \/>Dans le m\u00eame temps, un effort est n\u00e9cessaire pour que la diplomatie roumaine<br \/>\nfasse pour d\u00e9velopper des partenariats entre le milieu priv\u00e9 autochtone et ceux<br \/>\ndes pays o\u00f9 les diplomates nous repr\u00e9sentent.<br \/>En ce qui concerne la diaspora, nous devons travailler sur une strat\u00e9gie<br \/>\nclaire, avec des objectifs, des budgets et des conditions de r\u00e9alisation, afin<br \/>\nque la collaboration avec les Roumains \u00e0 l&rsquo;\u00e9tranger soit plus efficace<br \/>\nqu&rsquo;actuellement.<\/p>\n<p class=\"MsoNormal\" style=\"text-align: justify;\">\u00a0<\/p>\n<p class=\"MsoNormal\" style=\"text-align: justify;\">\u00a0<\/p>\n<p><\/p>\n","protected":false},"excerpt":{"rendered":"Voici une s\u00e9lection, ce 30 ao\u00fbt 2025, des derniers propos tenus par des centristes dans les m\u00e9dias ou&hellip;\n","protected":false},"author":2,"featured_media":306327,"comment_status":"","ping_status":"","sticky":false,"template":"","format":"standard","meta":{"footnotes":""},"categories":[1586],"tags":[11,1777,674,1779,1011,27,12,25,1778,364],"class_list":{"0":"post-355661","1":"post","2":"type-post","3":"status-publish","4":"format-standard","5":"has-post-thumbnail","7":"category-europe","8":"tag-actualites","9":"tag-eu","10":"tag-europe","11":"tag-european-union","12":"tag-fr","13":"tag-france","14":"tag-news","15":"tag-republique-francaise","16":"tag-ue","17":"tag-union-europeenne"},"share_on_mastodon":{"url":"https:\/\/pubeurope.com\/@fr\/115121085796276767","error":""},"_links":{"self":[{"href":"https:\/\/www.europesays.com\/fr\/wp-json\/wp\/v2\/posts\/355661","targetHints":{"allow":["GET"]}}],"collection":[{"href":"https:\/\/www.europesays.com\/fr\/wp-json\/wp\/v2\/posts"}],"about":[{"href":"https:\/\/www.europesays.com\/fr\/wp-json\/wp\/v2\/types\/post"}],"author":[{"embeddable":true,"href":"https:\/\/www.europesays.com\/fr\/wp-json\/wp\/v2\/users\/2"}],"replies":[{"embeddable":true,"href":"https:\/\/www.europesays.com\/fr\/wp-json\/wp\/v2\/comments?post=355661"}],"version-history":[{"count":0,"href":"https:\/\/www.europesays.com\/fr\/wp-json\/wp\/v2\/posts\/355661\/revisions"}],"wp:featuredmedia":[{"embeddable":true,"href":"https:\/\/www.europesays.com\/fr\/wp-json\/wp\/v2\/media\/306327"}],"wp:attachment":[{"href":"https:\/\/www.europesays.com\/fr\/wp-json\/wp\/v2\/media?parent=355661"}],"wp:term":[{"taxonomy":"category","embeddable":true,"href":"https:\/\/www.europesays.com\/fr\/wp-json\/wp\/v2\/categories?post=355661"},{"taxonomy":"post_tag","embeddable":true,"href":"https:\/\/www.europesays.com\/fr\/wp-json\/wp\/v2\/tags?post=355661"}],"curies":[{"name":"wp","href":"https:\/\/api.w.org\/{rel}","templated":true}]}}