{"id":355662,"date":"2025-08-31T02:45:19","date_gmt":"2025-08-31T02:45:19","guid":{"rendered":"https:\/\/www.europesays.com\/fr\/355662\/"},"modified":"2025-08-31T02:45:19","modified_gmt":"2025-08-31T02:45:19","slug":"rabiot-a-lac-milan-la-facture-est-lourde","status":"publish","type":"post","link":"https:\/\/www.europesays.com\/fr\/355662\/","title":{"rendered":"Rabiot \u00e0 l&rsquo;AC Milan, la facture est lourde"},"content":{"rendered":"<p><strong>A 48 heures de la fin du mercato, l&rsquo;AC Milan a acc\u00e9l\u00e9r\u00e9 dans le dossier Adrien Rabiot ces derni\u00e8res heures. Mais les Rossonerie doivent calculer le co\u00fbt pr\u00e9cis de cette op\u00e9ration avant de finaliser le transfert avec l&rsquo;OM.\u00a0<\/strong><\/p>\n<p>Tandis que ses co\u00e9quipiers se d\u00e9placeront dimanche \u00e0 Lyon pour l&rsquo;un des gros chocs de la saison de Ligue 1, Adrien Rabiot sera \u00e0 Marseille dans l&rsquo;attente d&rsquo;un r\u00e8glement de sa situation. Car ce lundi \u00e0 20h01, soit le milieu de terrain fran\u00e7ais sera r\u00e9int\u00e9gr\u00e9 pour jouer la saison avec l&rsquo;<a href=\"https:\/\/www.foot01.com\/equipe\/marseille\/\" target=\"_blank\" rel=\"noopener nofollow\" title=\"OM\">OM<\/a> jusqu&rsquo;\u00e0 la fin de son contrat, soit il sera parti dans un autre club. Pour l&rsquo;instant, cela ne se bouscule pas pour faire signer l&rsquo;ancien joueur du PSG et de la Juventus, seul l&rsquo;AC Milan \u00e9tudiant actuellement la venue de l&rsquo;international tricolore. Ce samedi, le c\u00e9l\u00e9brissime journaliste italien Gianluca Di Marzio confirme que V\u00e9ronique Rabiot discute avec les repr\u00e9sentants du club italien. Mais, les n\u00e9gociations sont rudes et Milan doit encore conna\u00eetre le co\u00fbt total de l&rsquo;op\u00e9ration avant de discuter avec l&rsquo;Olympique de Marseille.<\/p>\n<p>Des commissions on\u00e9reuses dans le dossier Rabiot<\/p>\n<p>Selon notre confr\u00e8re italien, le transfert d&rsquo;Adrien Rabiot, estim\u00e9 \u00e0 15 millions d&rsquo;euros, va avoir un co\u00fbt plus important pour l&rsquo;AC Milan, et c&rsquo;est pour cela que le dossier prend du temps. \u00ab Ces derni\u00e8res heures, la direction des Rossoneri a intensifi\u00e9 les discussions pour tenter de comprendre la faisabilit\u00e9 r\u00e9elle de l&rsquo;op\u00e9ration, qui reste complexe, notamment d&rsquo;un point de vue financier. Le club travaille en effet sur un audit approfondi des co\u00fbts globaux : non seulement l&rsquo;indemnit\u00e9 de transfert du joueur, mais aussi les pr\u00e9tentions salariales du milieu de terrain fran\u00e7ais et les commissions \u00e0 verser aux interm\u00e9diaires impliqu\u00e9s \u00bb, explique Gianluca Di Marzio.<\/p>\n<blockquote class=\"twitter-tweet\"><p>&#13;<\/p>\n<p lang=\"fr\" dir=\"ltr\">OM : Rabiot \u00e0 Milan, un ultimatum pos\u00e9 <a href=\"https:\/\/t.co\/ZROt2VebBA\" rel=\"nofollow\">https:\/\/t.co\/ZROt2VebBA<\/a><\/p>\n<p>&#13;<br \/>\n\u2014 Foot01.com (@Foot01_com) <a href=\"https:\/\/twitter.com\/Foot01_com\/status\/1961702747595571521?ref_src=twsrc%5Etfw\" rel=\"nofollow noopener\" target=\"_blank\">August 30, 2025<\/a><\/p><\/blockquote>\n<p>Quelques heures plus t\u00f4t, <a href=\"https:\/\/www.foot01.com\/equipe\/marseille\/om-rabiot-a-milan-un-ultimatum-pose-459323\" target=\"_blank\" rel=\"noopener nofollow\" title=\"Rabiot Milan\">la Gazzetta dello Sport affirmait que l&rsquo;AC Milan avait demand\u00e9 \u00e0 Adrien Rabiot de confirmer qu&rsquo;il voulait un bon de sortie \u00e0 ses dirigeants<\/a>, les dirigeants du club lombard souhaitant avoir la certitude que le milieu de terrain voulait vraiment partir de l&rsquo;Olympique de Marseille pour signer chez les Rossoneri. Milan craint en effet qu&rsquo;au dernier moment le clan Rabiot fasse volte-face et d\u00e9cide de rester \u00e0 l&rsquo;OM.<\/p>\n<p>          <script async src=\"https:\/\/platform.twitter.com\/widgets.js\" charset=\"utf-8\"><\/script><\/p>\n","protected":false},"excerpt":{"rendered":"A 48 heures de la fin du mercato, l&rsquo;AC Milan a acc\u00e9l\u00e9r\u00e9 dans le dossier Adrien Rabiot ces&hellip;\n","protected":false},"author":2,"featured_media":355663,"comment_status":"","ping_status":"","sticky":false,"template":"","format":"standard","meta":{"footnotes":""},"categories":[2],"tags":[11,1011,27,12,25],"class_list":{"0":"post-355662","1":"post","2":"type-post","3":"status-publish","4":"format-standard","5":"has-post-thumbnail","7":"category-actualites","8":"tag-actualites","9":"tag-fr","10":"tag-france","11":"tag-news","12":"tag-republique-francaise"},"share_on_mastodon":{"url":"https:\/\/pubeurope.com\/@fr\/115121089677701971","error":""},"_links":{"self":[{"href":"https:\/\/www.europesays.com\/fr\/wp-json\/wp\/v2\/posts\/355662","targetHints":{"allow":["GET"]}}],"collection":[{"href":"https:\/\/www.europesays.com\/fr\/wp-json\/wp\/v2\/posts"}],"about":[{"href":"https:\/\/www.europesays.com\/fr\/wp-json\/wp\/v2\/types\/post"}],"author":[{"embeddable":true,"href":"https:\/\/www.europesays.com\/fr\/wp-json\/wp\/v2\/users\/2"}],"replies":[{"embeddable":true,"href":"https:\/\/www.europesays.com\/fr\/wp-json\/wp\/v2\/comments?post=355662"}],"version-history":[{"count":0,"href":"https:\/\/www.europesays.com\/fr\/wp-json\/wp\/v2\/posts\/355662\/revisions"}],"wp:featuredmedia":[{"embeddable":true,"href":"https:\/\/www.europesays.com\/fr\/wp-json\/wp\/v2\/media\/355663"}],"wp:attachment":[{"href":"https:\/\/www.europesays.com\/fr\/wp-json\/wp\/v2\/media?parent=355662"}],"wp:term":[{"taxonomy":"category","embeddable":true,"href":"https:\/\/www.europesays.com\/fr\/wp-json\/wp\/v2\/categories?post=355662"},{"taxonomy":"post_tag","embeddable":true,"href":"https:\/\/www.europesays.com\/fr\/wp-json\/wp\/v2\/tags?post=355662"}],"curies":[{"name":"wp","href":"https:\/\/api.w.org\/{rel}","templated":true}]}}