{"id":355664,"date":"2025-08-31T02:46:18","date_gmt":"2025-08-31T02:46:18","guid":{"rendered":"https:\/\/www.europesays.com\/fr\/355664\/"},"modified":"2025-08-31T02:46:18","modified_gmt":"2025-08-31T02:46:18","slug":"au-mont-mezenc-wauquiez-fait-sa-rentree-sans-se-mouiller-liberation","status":"publish","type":"post","link":"https:\/\/www.europesays.com\/fr\/355664\/","title":{"rendered":"au mont M\u00e9zenc, Wauquiez fait sa rentr\u00e9e sans se mouiller \u2013 Lib\u00e9ration"},"content":{"rendered":"<p class=\"sc-ksZaOG ehjQrN text-element\">\u00abQuand Laurent arrive il y a toujours du soleil\u00bb, s\u2019enorgueillit une militante. Heureusement qu\u2019il \u00e9tait l\u00e0 alors, ce samedi 30 ao\u00fbt, le pr\u00e9sident du groupe Droite r\u00e9publicaine \u00e0 l\u2019Assembl\u00e9e nationale. Parce qu\u2019\u00e0 l\u2019heure du d\u00e9jeuner, le temps \u00e9tait davantage aux \u00e9charpes et aux K-Way qu\u2019aux lunettes de soleil et aux casquettes. Un barnum avait m\u00eame \u00e9t\u00e9 mont\u00e9 \u2013 au cas o\u00f9 \u2013 au pied du mont M\u00e9zenc &#8211; prononcez \u00abM\u00e9zin\u00bb -, \u00e0 40 km du Puy-en-Velay o\u00f9 le d\u00e9put\u00e9 de Haute-Loire fait sa traditionnelle ascension <a href=\"https:\/\/www.liberation.fr\/politique\/vote-de-confiance-participation-au-gouvernement-rivalite-avec-retailleau-au-mezenc-la-rentree-dans-le-dur-de-laurent-wauquiez-20250829_RDKB7POV4JCKXHLDWN6RD4DL3I\/\" target=\"_blank\" rel=\"noopener\" title=\"https:\/\/www.liberation.fr\/politique\/vote-de-confiance-participation-au-gouvernement-rivalite-avec-retailleau-au-mezenc-la-rentree-dans-le-dur-de-laurent-wauquiez-20250829_RDKB7POV4JCKXHLDWN6RD4DL3I\/\">en guise de rentr\u00e9e politique<\/a>. C\u2019est la quatorzi\u00e8me \u00e9dition cette ann\u00e9e.<\/p>\n<p class=\"sc-ksZaOG ehjQrN text-element\">Avant l\u2019heure de la grimpe, sympathisants et \u00e9lus se retrouvent autour d\u2019un petit gueuleton. A peine le temps de finir sa bouch\u00e9e : Wauquiez arrive, chemise bleue et veste technique kaki, les chips et le saucisson sont vite d\u00e9laiss\u00e9s pour former un attroupement autour de l\u2019homme du jour. Des \u00ab\u00c7a me fait tellement plaisir que tu sois l\u00e0\u00bb et \u00abJe suis touch\u00e9 que tu sois venu\u00bb ponctuent bises, selfies et poign\u00e9es de main.<\/p>\n","protected":false},"excerpt":{"rendered":"\u00abQuand Laurent arrive il y a toujours du soleil\u00bb, s\u2019enorgueillit une militante. Heureusement qu\u2019il \u00e9tait l\u00e0 alors, ce&hellip;\n","protected":false},"author":2,"featured_media":355665,"comment_status":"","ping_status":"","sticky":false,"template":"","format":"standard","meta":{"footnotes":""},"categories":[2],"tags":[11,1011,27,5639,3228,12,25],"class_list":{"0":"post-355664","1":"post","2":"type-post","3":"status-publish","4":"format-standard","5":"has-post-thumbnail","7":"category-actualites","8":"tag-actualites","9":"tag-fr","10":"tag-france","11":"tag-laurent-wauquiez","12":"tag-lr","13":"tag-news","14":"tag-republique-francaise"},"share_on_mastodon":{"url":"https:\/\/pubeurope.com\/@fr\/115121093594942007","error":""},"_links":{"self":[{"href":"https:\/\/www.europesays.com\/fr\/wp-json\/wp\/v2\/posts\/355664","targetHints":{"allow":["GET"]}}],"collection":[{"href":"https:\/\/www.europesays.com\/fr\/wp-json\/wp\/v2\/posts"}],"about":[{"href":"https:\/\/www.europesays.com\/fr\/wp-json\/wp\/v2\/types\/post"}],"author":[{"embeddable":true,"href":"https:\/\/www.europesays.com\/fr\/wp-json\/wp\/v2\/users\/2"}],"replies":[{"embeddable":true,"href":"https:\/\/www.europesays.com\/fr\/wp-json\/wp\/v2\/comments?post=355664"}],"version-history":[{"count":0,"href":"https:\/\/www.europesays.com\/fr\/wp-json\/wp\/v2\/posts\/355664\/revisions"}],"wp:featuredmedia":[{"embeddable":true,"href":"https:\/\/www.europesays.com\/fr\/wp-json\/wp\/v2\/media\/355665"}],"wp:attachment":[{"href":"https:\/\/www.europesays.com\/fr\/wp-json\/wp\/v2\/media?parent=355664"}],"wp:term":[{"taxonomy":"category","embeddable":true,"href":"https:\/\/www.europesays.com\/fr\/wp-json\/wp\/v2\/categories?post=355664"},{"taxonomy":"post_tag","embeddable":true,"href":"https:\/\/www.europesays.com\/fr\/wp-json\/wp\/v2\/tags?post=355664"}],"curies":[{"name":"wp","href":"https:\/\/api.w.org\/{rel}","templated":true}]}}