{"id":355678,"date":"2025-08-31T02:55:12","date_gmt":"2025-08-31T02:55:12","guid":{"rendered":"https:\/\/www.europesays.com\/fr\/355678\/"},"modified":"2025-08-31T02:55:12","modified_gmt":"2025-08-31T02:55:12","slug":"trois-titres-mondiaux-en-para-cyclisme-et-deux-medailles-dargent-en-belgique-lequipe","status":"publish","type":"post","link":"https:\/\/www.europesays.com\/fr\/355678\/","title":{"rendered":"Trois titres mondiaux en para-cyclisme et deux m\u00e9dailles d&#039;argent en Belgique &#8211; L&#039;\u00c9quipe"},"content":{"rendered":"<ol>\n<li><a href=\"https:\/\/news.google.com\/rss\/articles\/CBMi1AFBVV95cUxNNzFlb19iYlczRFFqSFRLYk1VSkRmZktGZWVJbHVfWWNFc1N2SU9zZXNYVnNIQml3a181ZkhuVkZEbWl6OVpNMkFZcmxMTHdtc3BhWExmNjFJV0EybnR1ZDNFdkFpV0l2V2kydDI3SG5WcTRWYnc2akpVY21iSTVqQW4yZkkyNHE1RHZuZE1BUTRINHJHSEI0dG81S1FzeDNqNHFXQkdoMFRjbUpBQTdJZGd4RnQyTDZpbVNUS3NvRWd1QW9CdkxKTTZybDQwbWw5WHplNg?oc=5\" target=\"_blank\" rel=\"nofollow noopener\">Trois titres mondiaux en para-cyclisme et deux m\u00e9dailles d&rsquo;argent en Belgique<\/a>&nbsp;&nbsp;L&rsquo;\u00c9quipe<\/li>\n<li><a href=\"https:\/\/news.google.com\/rss\/articles\/CBMieEFVX3lxTE9UaVRnOGpnZHhtdld5M0FMWWpzLXpnOFE5aURfM1ROc3c4anZ1aE9SanZHOFh0Z3A5RTVYMWJKT2x3d3pyMGFKOWdVS2hlU0VZNGhZdkEtX1NVeFR6WURJWnlFRzJvd1V0OTYxdzBKV3lscmswNWtnZw?oc=5\" target=\"_blank\" rel=\"nofollow noopener\">Paracyclisme &#8211; Championnats du monde. La maestria de Joseph Fritsch<\/a>&nbsp;&nbsp;L&rsquo;Alsace<\/li>\n<li><a href=\"https:\/\/news.google.com\/rss\/articles\/CBMi3gFBVV95cUxNdDVBWEpKb25rM0ZnMXBZQlRNSHZ4ZzBDZjJZMGppTnpwZy03U0dxYXpMM0JKY19lRVowa0JGRnNtOXNNakc0MnVlZ1JtREpnWXBEY3M3eEVCaVNIV09FcGRKMG14Y1RTZ3hwYV92M3FENWs3N0NvY05LMGtmZDlVRW5Pb3hHNlVfcW03aDdJZlVQTmEtMngybFpjTzFfZ0QwYm8yQ2JWVXI1Wm5GYUNiV2xhME05S2d5eTUyNmFTeUY0TXFuM3pXZVBGMFFPUTA5M0FZUUl4THlxelV6anc?oc=5\" target=\"_blank\" rel=\"nofollow noopener\">Le corr\u00e9zien Mathieu Bosredon conserve ses deux titres de champion du monde \u00e0 Ronse, en Belgique<\/a>&nbsp;&nbsp;francebleu.fr<\/li>\n<li><a href=\"https:\/\/news.google.com\/rss\/articles\/CBMi4wFBVV95cUxNRktTTmMxYkpQMERFUHgyQW1jc1BpZktGekJlUUc0UmlNY1B0YzZpQUdFSDVFOXZyYk5SdWg5b1g2aDFRVThjNUFpVmE2ZXpiMVFRYW9mdWtnMDQwSUFhdlNhQXZTU2VqdlZ5MGl5TzRBam5CMDJLRzdWZEd3Q1dNLWNUMzB0Und0QXBlbFF4MXdod3dvSURabV9zUGc2X1FfZTdqaEcxRWFfSS0yMzdwWHNXOVZTQy1kcmtLOGNJQmZGZElYaWhoZlM3UTcxb3lGUklXX1lhOWZDLXZ0blZ6SEpWNA?oc=5\" target=\"_blank\" rel=\"nofollow noopener\">Para-cyclisme : Micka\u00ebl Guichard (Atria Montlu\u00e7on) sacr\u00e9 champion du monde du contre-la-montre<\/a>&nbsp;&nbsp;La Montagne<\/li>\n<li><a href=\"https:\/\/news.google.com\/rss\/articles\/CBMi0AFBVV95cUxOc1ZiUVdNUHRUcHZqbXhHRlJmLWwxaVREaGRCQlI2U0hvVV9Ndll3RG5rYm96eDBWTk55VUhzY2psZmZ6bm1QTnpvRG9hMm5FclRERjV4eF9OZTg0SkYyVkluQ0wzV2pZdG5IelZOVUkzMVJWT2JGelA5RDhHNGVraFNhdUh2a0xtaVAwcXhiem5vTzdLcVo1eWQ4cnpmc3lKSFI4Q0hwYks1ZjlMQ183RS1ZSEl6dGxMMXZWYmFJVVNRMVlBU3lUcXFPNGdvYS1X?oc=5\" target=\"_blank\" rel=\"nofollow noopener\">Thomas Tarou, un Tourangeau aux Mondiaux de paracyclisme<\/a>&nbsp;&nbsp;lanouvellerepublique.fr<\/li>\n<\/ol>\n","protected":false},"excerpt":{"rendered":"Trois titres mondiaux en para-cyclisme et deux m\u00e9dailles d&rsquo;argent en Belgique&nbsp;&nbsp;L&rsquo;\u00c9quipe Paracyclisme &#8211; Championnats du monde. La maestria&hellip;\n","protected":false},"author":2,"featured_media":355679,"comment_status":"","ping_status":"","sticky":false,"template":"","format":"standard","meta":{"footnotes":""},"categories":[1411],"tags":[1154,207,1011,27,60],"class_list":{"0":"post-355678","1":"post","2":"type-post","3":"status-publish","4":"format-standard","5":"has-post-thumbnail","7":"category-cyclisme","8":"tag-cycling","9":"tag-cyclisme","10":"tag-fr","11":"tag-france","12":"tag-sports"},"share_on_mastodon":{"url":"https:\/\/pubeurope.com\/@fr\/115121128940042020","error":""},"_links":{"self":[{"href":"https:\/\/www.europesays.com\/fr\/wp-json\/wp\/v2\/posts\/355678","targetHints":{"allow":["GET"]}}],"collection":[{"href":"https:\/\/www.europesays.com\/fr\/wp-json\/wp\/v2\/posts"}],"about":[{"href":"https:\/\/www.europesays.com\/fr\/wp-json\/wp\/v2\/types\/post"}],"author":[{"embeddable":true,"href":"https:\/\/www.europesays.com\/fr\/wp-json\/wp\/v2\/users\/2"}],"replies":[{"embeddable":true,"href":"https:\/\/www.europesays.com\/fr\/wp-json\/wp\/v2\/comments?post=355678"}],"version-history":[{"count":0,"href":"https:\/\/www.europesays.com\/fr\/wp-json\/wp\/v2\/posts\/355678\/revisions"}],"wp:featuredmedia":[{"embeddable":true,"href":"https:\/\/www.europesays.com\/fr\/wp-json\/wp\/v2\/media\/355679"}],"wp:attachment":[{"href":"https:\/\/www.europesays.com\/fr\/wp-json\/wp\/v2\/media?parent=355678"}],"wp:term":[{"taxonomy":"category","embeddable":true,"href":"https:\/\/www.europesays.com\/fr\/wp-json\/wp\/v2\/categories?post=355678"},{"taxonomy":"post_tag","embeddable":true,"href":"https:\/\/www.europesays.com\/fr\/wp-json\/wp\/v2\/tags?post=355678"}],"curies":[{"name":"wp","href":"https:\/\/api.w.org\/{rel}","templated":true}]}}