{"id":355680,"date":"2025-08-31T02:56:12","date_gmt":"2025-08-31T02:56:12","guid":{"rendered":"https:\/\/www.europesays.com\/fr\/355680\/"},"modified":"2025-08-31T02:56:12","modified_gmt":"2025-08-31T02:56:12","slug":"fc-nantes-60-millions-deuros-sur-la-table-abline-deja-dans-lavion","status":"publish","type":"post","link":"https:\/\/www.europesays.com\/fr\/355680\/","title":{"rendered":"FC Nantes\u00a0: 60 millions d\u2019euros sur la table\u2026 Abline d\u00e9j\u00e0 dans l\u2019avion\u00a0?"},"content":{"rendered":"<p><strong>Matthis_Abline_2.jpg<\/strong><\/p>\n<p>\t<img decoding=\"async\" alt=\"Matthis Abline\" src=\"https:\/\/www.europesays.com\/fr\/wp-content\/uploads\/2025\/05\/Matthis_Abline_2.jpg\"\/><\/p>\n<p>Matthis Abline, Cr\u00e9dit photo :Cr\u00e9dit photo: Pat\u00e9 kroute, CC0, via Wikimedia Commons<\/p>\n<p data=\"intro\">Sur le point de vendre son attaquant vedette pour plus de 60 M\u20ac, Wolverhampton souhaite faire plusieurs coups sur le plan offensif. Et le buteur du FC Nantes, Matthis Abline, fait partie des cibles.<\/p>\n<p>Newcastle va sortir le ch\u00e9quier pour s\u2019offrir l\u2019attaquant norv\u00e9gien Jorgen Strand Larsen (25 ans). Un montant sup\u00e9rieur \u00e0 60 millions d\u2019euros qui pourrait convaincre Wolverhampton de l\u00e2cher son buteur. Et d\u00e8s maintenant, les Wolves regardent avec app\u00e9tit un march\u00e9 des transferts gorg\u00e9 de bonnes affaires de derni\u00e8re minute\u2026 Dans le viseur de Wolverhampton, l\u2019attaquant du FC Nantes est en excellente position. Une proposition de 30 M\u20ac a \u00e9t\u00e9 soumise \u00e0 Waldemar Kita qui en attend 10 de plus. Les chances de voir Wolverhampton proposer plus sont tr\u00e8s grandes car le Fran\u00e7ais fait figure de piste propri\u00e9taire en attaque. Le club anglais sait \u00e9galement que Matthis Abline veut partir et que ses agents poussent fort pour y parvenir\u2026 Pour certains supporters nantais, leur buteur est m\u00eame pr\u00eat \u00e0 monter dans l\u2019avion pour r\u00e9aliser son r\u00eave anglais.<\/p>\n<p><\/p>\n<p>\t\t\t\t&#13;<br \/>\n\t\t\t\t\t&#13;<\/p>\n","protected":false},"excerpt":{"rendered":"Matthis_Abline_2.jpg Matthis Abline, Cr\u00e9dit photo :Cr\u00e9dit photo: Pat\u00e9 kroute, CC0, via Wikimedia Commons Sur le point de vendre&hellip;\n","protected":false},"author":2,"featured_media":123450,"comment_status":"","ping_status":"","sticky":false,"template":"","format":"standard","meta":{"footnotes":""},"categories":[1410],"tags":[63,1011,27,60],"class_list":{"0":"post-355680","1":"post","2":"type-post","3":"status-publish","4":"format-standard","5":"has-post-thumbnail","7":"category-football","8":"tag-football","9":"tag-fr","10":"tag-france","11":"tag-sports"},"share_on_mastodon":{"url":"https:\/\/pubeurope.com\/@fr\/115121132997528979","error":""},"_links":{"self":[{"href":"https:\/\/www.europesays.com\/fr\/wp-json\/wp\/v2\/posts\/355680","targetHints":{"allow":["GET"]}}],"collection":[{"href":"https:\/\/www.europesays.com\/fr\/wp-json\/wp\/v2\/posts"}],"about":[{"href":"https:\/\/www.europesays.com\/fr\/wp-json\/wp\/v2\/types\/post"}],"author":[{"embeddable":true,"href":"https:\/\/www.europesays.com\/fr\/wp-json\/wp\/v2\/users\/2"}],"replies":[{"embeddable":true,"href":"https:\/\/www.europesays.com\/fr\/wp-json\/wp\/v2\/comments?post=355680"}],"version-history":[{"count":0,"href":"https:\/\/www.europesays.com\/fr\/wp-json\/wp\/v2\/posts\/355680\/revisions"}],"wp:featuredmedia":[{"embeddable":true,"href":"https:\/\/www.europesays.com\/fr\/wp-json\/wp\/v2\/media\/123450"}],"wp:attachment":[{"href":"https:\/\/www.europesays.com\/fr\/wp-json\/wp\/v2\/media?parent=355680"}],"wp:term":[{"taxonomy":"category","embeddable":true,"href":"https:\/\/www.europesays.com\/fr\/wp-json\/wp\/v2\/categories?post=355680"},{"taxonomy":"post_tag","embeddable":true,"href":"https:\/\/www.europesays.com\/fr\/wp-json\/wp\/v2\/tags?post=355680"}],"curies":[{"name":"wp","href":"https:\/\/api.w.org\/{rel}","templated":true}]}}