{"id":355681,"date":"2025-08-31T02:57:10","date_gmt":"2025-08-31T02:57:10","guid":{"rendered":"https:\/\/www.europesays.com\/fr\/355681\/"},"modified":"2025-08-31T02:57:10","modified_gmt":"2025-08-31T02:57:10","slug":"line-renaud-emouvante-sur-sa-vie-sans-enfant","status":"publish","type":"post","link":"https:\/\/www.europesays.com\/fr\/355681\/","title":{"rendered":"Line Renaud \u00e9mouvante sur sa vie sans enfant"},"content":{"rendered":"<p class=\"mb-4 text-lg md:leading-8 break-words\">\u201cAller mieux ce serait ind\u00e9cent.\u201d C\u2019est avec son sourire lumineux que Line Renaud a accueilli Isabelle Ithurburu et les \u00e9quipes de 50\u2019 Inside, \u00e0 l\u2019occasion d\u2019un entretien diffus\u00e9 ce samedi 30 ao\u00fbt 2025. \u00c0 97 ans, l\u2019ancienne meneuse de revue devenue actrice et vedette internationale a men\u00e9 une vie digne des plus grands films. Ch\u00e9rie par les Fran\u00e7ais, elle fait partie de la famille de beaucoup d\u2019entre eux. Mais, elle, n\u2019a jamais eu d\u2019enfant. \u201cEst-ce que vous le regrettez\u201d, l\u2019interroge la journaliste. \u201cBah tiens, je suis bien oblig\u00e9e\u201d, souffle la vedette du jour, \u201c\u00c7a m\u2019a beaucoup, beaucoup manqu\u00e9, \u00e9norm\u00e9ment. [&#8230;] Il ne faut pas que j\u2019y pense.\u201d Un coup du destin, \u201c\u00c7a devait\u201d, qui l\u2019a pourtant tant g\u00e2t\u00e9e, estime-t-elle : \u201c\u00c0 chaque fois, j\u2019avais un contrat qui \u00e9tait sign\u00e9, donc je ne pouvais pas \u00eatre enceinte, et puis voil\u00e0.\u201d<\/p>\n<p class=\"mb-4 text-lg md:leading-8 break-words\">Line Renaud ne se laisse pas emporter par les regrets et affirme avoir v\u00e9cu sous une \u201cbonne \u00e9toile\u201d : \u201cJe suis partie d\u2019un tout petit village de 500 personnes pour Paris, le destin m\u2019a fait rencontrer du monde, a fait le chemin avec moi.\u201d Les plus grands ont d\u00e9fil\u00e9 dans sa demeure de Rueil-Malmaison (Hauts-de-Seine) : Johnny Hallyday \u201cchez moi c\u2019\u00e9tait chez lui\u201d, Frank Sinatra, Dean Martin ou encore Jacques Chirac, invit\u00e9 \u201cavec Claude [Chirac, la fille de l\u2019ancien pr\u00e9sident, Ndlr] tous les week-ends. Il aimait faire sa petite sieste.\u201d<\/p>\n<p class=\"mb-4 text-lg md:leading-8 break-words\">Et puis il y a Dany Boon, son \u201cfilston\u201d de c\u0153ur. Celui qui l\u2019accompagne presque partout a tenu \u00e0 lui adresser un tendre message, (&#8230;) <a data-i13n=\"cpos:1;pos:1\" href=\"https:\/\/www.femmeactuelle.fr\/actu\/news-actu\/ca-ma-beaucoup-manque-line-renaud-emouvante-sur-sa-vie-sans-enfant-2197701\" rel=\"nofollow noopener\" target=\"_blank\" data-ylk=\"slk:Cliquez ici pour voir la suite;cpos:1;pos:1;elm:context_link;itc:0;sec:content-canvas\" class=\"link \">Cliquez ici pour voir la suite<\/a><\/p>\n<p class=\"mb-4 text-lg md:leading-8 break-words\"><a data-i13n=\"cpos:2;pos:1\" href=\"https:\/\/www.femmeactuelle.fr\/actu\/news-actu\/ca-ma-beaucoup-manque-avec-lui-david-hallyday-se-livre-sur-sa-relation-avec-johnny-pere-absent-pendant-son-enfance-2174492\" rel=\"nofollow noopener\" target=\"_blank\" data-ylk=\"slk:\u201c\u00c7a m\u2019a beaucoup manqu\u00e9 avec lui\u201d, David Hallyday se livre sur sa relation avec Johnny, p\u00e8re absent pendant son enfance;cpos:2;pos:1;elm:context_link;itc:0;sec:content-canvas\" class=\"link \">\u201c\u00c7a m\u2019a beaucoup manqu\u00e9 avec lui\u201d, David Hallyday se livre sur sa relation avec Johnny, p\u00e8re absent pendant son enfance<\/a><br \/><a data-i13n=\"cpos:3;pos:1\" href=\"https:\/\/www.femmeactuelle.fr\/actu\/news-actu\/line-renaud-revient-avec-malice-sur-sa-relation-extra-conjugale-qui-a-dure-18-ans-elle-a-ete-merveilleuse-2172711\" rel=\"nofollow noopener\" target=\"_blank\" data-ylk=\"slk:Line Renaud revient avec malice sur sa relation extra-conjugale qui a dur\u00e9... 18 ans : &quot;Elle a \u00e9t\u00e9 merveilleuse !&quot;;cpos:3;pos:1;elm:context_link;itc:0;sec:content-canvas\" class=\"link \">Line Renaud revient avec malice sur sa relation extra-conjugale qui a dur\u00e9&#8230; 18 ans : \u00ab\u00a0Elle a \u00e9t\u00e9 merveilleuse !\u00a0\u00bb<\/a><br \/><a data-i13n=\"cpos:4;pos:1\" href=\"https:\/\/www.femmeactuelle.fr\/actu\/news-actu\/jen-ai-parle-a-emmanuel-macron-line-renaud-convaincue-que-la-loi-sur-la-fin-de-vie-va-evoluer-2170261\" rel=\"nofollow noopener\" target=\"_blank\" data-ylk=\"slk:&quot;J\u2019en ai parl\u00e9 \u00e0 Emmanuel Macron&quot; : Line Renaud convaincue que la loi sur la fin de vie va \u00e9voluer;cpos:4;pos:1;elm:context_link;itc:0;sec:content-canvas\" class=\"link \">\u00ab\u00a0J\u2019en ai parl\u00e9 \u00e0 Emmanuel Macron\u00a0\u00bb : Line Renaud convaincue que la loi sur la fin de vie va \u00e9voluer<\/a><br \/><a data-i13n=\"cpos:5;pos:1\" href=\"https:\/\/www.femmeactuelle.fr\/actu\/news-actu\/merci-la-vie-line-renaud-partage-avec-femme-actuelle-des-extraits-exclusifs-de-son-dernier-livre-2169625\" rel=\"nofollow noopener\" target=\"_blank\" data-ylk=\"slk:&quot;Merci la vie !&quot; : Line Renaud partage avec &quot;Femme Actuelle&quot; des extraits exclusifs de son dernier livre;cpos:5;pos:1;elm:context_link;itc:0;sec:content-canvas\" class=\"link \">\u00ab\u00a0Merci la vie !\u00a0\u00bb : Line Renaud partage avec \u00ab\u00a0Femme Actuelle\u00a0\u00bb des extraits exclusifs de son dernier livre<\/a><br \/><a data-i13n=\"cpos:6;pos:1\" href=\"https:\/\/www.femmeactuelle.fr\/actu\/news-actu\/ca-m-a-fait-beaucoup-de-mal-la-decouverte-ahurissante-de-jordan-de-luxe-sur-son-compagnon-qui-mene-une-double-vie-2189453\" rel=\"nofollow noopener\" target=\"_blank\" data-ylk=\"slk:&quot;\u00c7a m&#039;a fait beaucoup de mal&quot; : la d\u00e9couverte ahurissante de Jordan de Luxe sur son compagnon qui m\u00e8ne une double vie;cpos:6;pos:1;elm:context_link;itc:0;sec:content-canvas\" class=\"link \">\u00ab\u00a0\u00c7a m&rsquo;a fait beaucoup de mal\u00a0\u00bb : la d\u00e9couverte ahurissante de Jordan de Luxe sur son compagnon qui m\u00e8ne une double vie<\/a><\/p>\n","protected":false},"excerpt":{"rendered":"\u201cAller mieux ce serait ind\u00e9cent.\u201d C\u2019est avec son sourire lumineux que Line Renaud a accueilli Isabelle Ithurburu et&hellip;\n","protected":false},"author":2,"featured_media":355682,"comment_status":"","ping_status":"","sticky":false,"template":"","format":"standard","meta":{"footnotes":""},"categories":[1359],"tags":[58,59,1011,27,6975,18994,973],"class_list":{"0":"post-355681","1":"post","2":"type-post","3":"status-publish","4":"format-standard","5":"has-post-thumbnail","7":"category-people","8":"tag-divertissement","9":"tag-entertainment","10":"tag-fr","11":"tag-france","12":"tag-isabelle-ithurburu","13":"tag-line-renaud","14":"tag-people"},"share_on_mastodon":{"url":"https:\/\/pubeurope.com\/@fr\/115121136782095432","error":""},"_links":{"self":[{"href":"https:\/\/www.europesays.com\/fr\/wp-json\/wp\/v2\/posts\/355681","targetHints":{"allow":["GET"]}}],"collection":[{"href":"https:\/\/www.europesays.com\/fr\/wp-json\/wp\/v2\/posts"}],"about":[{"href":"https:\/\/www.europesays.com\/fr\/wp-json\/wp\/v2\/types\/post"}],"author":[{"embeddable":true,"href":"https:\/\/www.europesays.com\/fr\/wp-json\/wp\/v2\/users\/2"}],"replies":[{"embeddable":true,"href":"https:\/\/www.europesays.com\/fr\/wp-json\/wp\/v2\/comments?post=355681"}],"version-history":[{"count":0,"href":"https:\/\/www.europesays.com\/fr\/wp-json\/wp\/v2\/posts\/355681\/revisions"}],"wp:featuredmedia":[{"embeddable":true,"href":"https:\/\/www.europesays.com\/fr\/wp-json\/wp\/v2\/media\/355682"}],"wp:attachment":[{"href":"https:\/\/www.europesays.com\/fr\/wp-json\/wp\/v2\/media?parent=355681"}],"wp:term":[{"taxonomy":"category","embeddable":true,"href":"https:\/\/www.europesays.com\/fr\/wp-json\/wp\/v2\/categories?post=355681"},{"taxonomy":"post_tag","embeddable":true,"href":"https:\/\/www.europesays.com\/fr\/wp-json\/wp\/v2\/tags?post=355681"}],"curies":[{"name":"wp","href":"https:\/\/api.w.org\/{rel}","templated":true}]}}