{"id":355687,"date":"2025-08-31T03:00:18","date_gmt":"2025-08-31T03:00:18","guid":{"rendered":"https:\/\/www.europesays.com\/fr\/355687\/"},"modified":"2025-08-31T03:00:18","modified_gmt":"2025-08-31T03:00:18","slug":"ancien-gagnant-de-the-voice-lilian-renaud-annonce-son-grand-retour-avec-un-album","status":"publish","type":"post","link":"https:\/\/www.europesays.com\/fr\/355687\/","title":{"rendered":"Ancien gagnant de The Voice, Lilian Renaud annonce son grand retour avec un album"},"content":{"rendered":"<p><img decoding=\"async\" src=\"https:\/\/www.europesays.com\/fr\/wp-content\/uploads\/2025\/08\/photo_1756128578.jpg\" class=\"textcenter img-content\" loading=\"lazy\"\/>Site officiel<br \/>\n<br \/>\n                Il y a 10 ans, la vie de Lilian Renaud prenait un nouveau tour gr\u00e2ce \u00e0 <a href=\"https:\/\/www.chartsinfrance.net\/actualite\/news-96937.html\" target=\"_blank\" class=\"spip_out\" rel=\"nofollow noopener\">sa victoire surprise dans \u00ab\u00a0The Voice\u00a0\u00bb<\/a>. S&rsquo;imposant face \u00e0 Anne Sila en finale, le fromager \u00e0 la voix sensible a lanc\u00e9 brillamment sa carri\u00e8re avec l&rsquo;album <a href=\"https:\/\/www.chartsinfrance.net\/Lilian-Renaud\/news-99767.html\" target=\"_blank\" class=\"spip_out\" rel=\"nofollow noopener\">\u00ab\u00a0Le bruit de l&rsquo;aube\u00a0\u00bb<\/a> (2015), certifi\u00e9 double disque de platine, avant de ralentir le tempo apr\u00e8s la parution de son deuxi\u00e8me disque pour se prot\u00e9ger face \u00e0 une fr\u00e9n\u00e9sie m\u00e9diatique dans laquelle il ne se reconnaissait pas. \u00ab D\u00e8s que je faisais un truc, il fallait faire valider par dix personnes. Je me sentais juste ultra \u00e9touff\u00e9 et je ne faisais pas ce que j&rsquo;avais envie de faire, donc c&rsquo;est devenu tr\u00e8s vite compliqu\u00e9 pour moi \u00bb t\u00e9moignait-il au micro de Purecharts en racontant <a href=\"https:\/\/www.chartsinfrance.net\/Lilian-Renaud\/news-117114.html\" target=\"_blank\" class=\"spip_out\" rel=\"nofollow noopener\">avoir mal v\u00e9cu le succ\u00e8s<\/a>. Depuis, c&rsquo;est en ind\u00e9pendance, \u00e0 son rythme, que le musicien \u00e9volue, et il s&rsquo;appr\u00eate \u00e0 revenir dans les bacs avec un nouveau album, quatre ans apr\u00e8s <a href=\"https:\/\/www.chartsinfrance.net\/actualite\/news-117009.html\" target=\"_blank\" class=\"spip_out\" rel=\"nofollow noopener\">\u00ab\u00a0Dans un moment de bonheur\u00a0\u00bb<\/a>. <\/p>\n<p>Le player Dailymotion est en train de se charger&#8230;<\/p>\n<p>Un disque \u00ab\u00a0aux influences folks et celtes\u00a0\u00bb<br \/>\nBaptis\u00e9 \u00ab\u00a0Le champ des possibles\u00a0\u00bb, le cinqui\u00e8me disque de Lilian Renaud para\u00eetra le mois prochain. \u00ab Le 19 septembre, \u00ab\u00a0Le champ des possibles\u00a0\u00bb sera \u00e0 vous\u2026 Voici l&rsquo;image qui raconte le mieux toute cette aventure\u2026 J&rsquo;ai tellement h\u00e2te que vous d\u00e9couvriez tout ce qu&rsquo;il contient ! Et encore merci \u00e0 vous tous pour votre soutien ind\u00e9fectible\u2026 J&rsquo;ai h\u00e2te de poursuivre l&rsquo;aventure avec vous \u00bb \u00e9crit-il sur Instagram, en divulguant une photographie dans laquelle il se perd entre des tiges de bl\u00e9. \u00ab Pour cet album, j&rsquo;ai fait le choix d&rsquo;accentuer encore plus mon univers musical et mes influences folks et celtes. Gr\u00e2ce \u00e0 l&rsquo;harmonie des guitares acoustiques, du fiddle, des uilleann pipes et des fl\u00fbtes irlandaises, chaque morceau r\u00e9sonne comme un retour aux racines, une invitation \u00e0 la simplicit\u00e9 et \u00e0 la r\u00e9flexion \u00bb promet-il sur son site officiel o\u00f9 le disque est d\u00e9j\u00e0 disponible en pr\u00e9commande.<\/p>\n<p>Deux morceaux sublim\u00e9s par ces quelques instrumentaux traditionnels ont \u00e9t\u00e9 charg\u00e9s ces derniers mois de montrer la couleur folk de ce projet : le single <a href=\"https:\/\/www.chartsinfrance.net\/Lilian-Renaud\/news-132200.html\" target=\"_blank\" class=\"spip_out\" rel=\"nofollow noopener\">\u00ab\u00a0Que deviendra ce monde\u00a0\u00bb<\/a>, dans lequel Lilian Renaud dresse un \u00e9tat des lieux d&rsquo;une plan\u00e8te boulevers\u00e9e, et le d\u00e9licat \u00ab\u00a0Tourne\u00a0\u00bb. \u00ab Chaque album est une aventure, que l&rsquo;on construit ensemble \u00e0 chaque fois avec un lien si fort que permet la musique \u00bb ajoute le musicien, qui d\u00e9fendra ses nouvelles compositions en tourn\u00e9e. Des concerts \u00e0 Morteau, Arc et Senans, Tanant et Colmar sont d\u00e9j\u00e0 programm\u00e9s, et d&rsquo;autres suivront sans doute bient\u00f4t.              <\/p>\n<blockquote class=\"instagram-media\" data-instgrm-captioned=\"\" data-instgrm-permalink=\"https:\/\/www.instagram.com\/p\/DNn3rWuo9A_\/?utm_source=ig_embed&amp;utm_campaign=loading\" data-instgrm-version=\"14\" style=\" background:#FFF; border:0; border-radius:3px; box-shadow:0 0 1px 0 rgba(0,0,0,0.5),0 1px 10px 0 rgba(0,0,0,0.15); margin: 1px; max-width:540px; min-width:326px; padding:0; width:99.375%; width:-webkit-calc(100% - 2px); width:calc(100% - 2px);\"\/><p>\n<script async src=\"\/\/www.instagram.com\/embed.js\"><\/script><\/p>\n","protected":false},"excerpt":{"rendered":"Site officiel Il y a 10 ans, la vie de Lilian Renaud prenait un nouveau tour gr\u00e2ce \u00e0&hellip;\n","protected":false},"author":2,"featured_media":355688,"comment_status":"","ping_status":"","sticky":false,"template":"","format":"standard","meta":{"footnotes":""},"categories":[1356],"tags":[58,59,1011,27,252,1364],"class_list":{"0":"post-355687","1":"post","2":"type-post","3":"status-publish","4":"format-standard","5":"has-post-thumbnail","7":"category-television","8":"tag-divertissement","9":"tag-entertainment","10":"tag-fr","11":"tag-france","12":"tag-television","13":"tag-tv"},"share_on_mastodon":{"url":"https:\/\/pubeurope.com\/@fr\/115121149178486017","error":""},"_links":{"self":[{"href":"https:\/\/www.europesays.com\/fr\/wp-json\/wp\/v2\/posts\/355687","targetHints":{"allow":["GET"]}}],"collection":[{"href":"https:\/\/www.europesays.com\/fr\/wp-json\/wp\/v2\/posts"}],"about":[{"href":"https:\/\/www.europesays.com\/fr\/wp-json\/wp\/v2\/types\/post"}],"author":[{"embeddable":true,"href":"https:\/\/www.europesays.com\/fr\/wp-json\/wp\/v2\/users\/2"}],"replies":[{"embeddable":true,"href":"https:\/\/www.europesays.com\/fr\/wp-json\/wp\/v2\/comments?post=355687"}],"version-history":[{"count":0,"href":"https:\/\/www.europesays.com\/fr\/wp-json\/wp\/v2\/posts\/355687\/revisions"}],"wp:featuredmedia":[{"embeddable":true,"href":"https:\/\/www.europesays.com\/fr\/wp-json\/wp\/v2\/media\/355688"}],"wp:attachment":[{"href":"https:\/\/www.europesays.com\/fr\/wp-json\/wp\/v2\/media?parent=355687"}],"wp:term":[{"taxonomy":"category","embeddable":true,"href":"https:\/\/www.europesays.com\/fr\/wp-json\/wp\/v2\/categories?post=355687"},{"taxonomy":"post_tag","embeddable":true,"href":"https:\/\/www.europesays.com\/fr\/wp-json\/wp\/v2\/tags?post=355687"}],"curies":[{"name":"wp","href":"https:\/\/api.w.org\/{rel}","templated":true}]}}