{"id":355689,"date":"2025-08-31T03:01:12","date_gmt":"2025-08-31T03:01:12","guid":{"rendered":"https:\/\/www.europesays.com\/fr\/355689\/"},"modified":"2025-08-31T03:01:12","modified_gmt":"2025-08-31T03:01:12","slug":"la-radio-de-daphne-burki","status":"publish","type":"post","link":"https:\/\/www.europesays.com\/fr\/355689\/","title":{"rendered":"La radio de Daphn\u00e9 Burki"},"content":{"rendered":"<p>\t\t  La radio de Daphn\u00e9 Burki | France Inter                          <\/p>\n<p class=\"qg-visually-hidden\" tabindex=\"-1\">La radio de Daphn\u00e9 Burki<\/p>\n<ul class=\"SkipLinks-list svelte-ahqaie\">\n<li>  Contenu  <\/li>\n<li>  Lecteur audio  <\/li>\n<li>  Menu  <\/li>\n<li>  Pied de page  <\/li>\n<\/ul>\n<p role=\"heading\" aria-level=\"1\" class=\"qg-sr-only svelte-mociyb\">France Inter<\/p>\n<p>                  <img decoding=\"async\" src=\"https:\/\/www.europesays.com\/fr\/wp-content\/uploads\/2025\/08\/400x400_sc_fi-laradiode-3000x3000.jpg\" width=\"400\" height=\"400\" alt=\"La radio de\" loading=\"lazy\" fetchpriority=\"low\" data-testid=\"image-tag\" style=\"--_image-preview:url('data:image\/svg+xml,&lt;svg height=&quot;100%&quot; width=&quot;100%&quot; xmlns=&quot;http:\/\/www.w3.org\/2000\/svg&quot;&gt;&lt;defs&gt;&lt;filter id=&quot;f1&quot; x=&quot;0&quot; y=&quot;0&quot; xmlns=&quot;http:\/\/www.w3.org\/2000\/svg&quot;&gt;&lt;feGaussianBlur in=&quot;SourceGraphic&quot; stdDeviation=&quot;30&quot; \/&gt;&lt;\/filter&gt;&lt;\/defs&gt;&lt;rect width=&quot;100%&quot; height=&quot;100%&quot; fill=&quot;%2348c8f8&quot; filter=&quot;url(%23f1)&quot; \/&gt;&lt;\/svg&gt;');\" aria-hidden=\"true\" class=\"svelte-1n5zs1o ratio\" onload=\"this.__e=event\" onerror=\"this.__e=event\"\/>   <\/p>\n<p class=\"ExpressionSummary-standFirst qg-tt4 qg-xtra-lh svelte-ccn03w\" data-testid=\"ExpressionSummary-standFirst\"><strong>Des studios de mode aux studios t\u00e9l\u00e9 en passant par les JO de Paris et aujourd&rsquo;hui de France Inter, Daphn\u00e9 Burki  nous embarque dans la balade intime de ses musiques pr\u00e9f\u00e9r\u00e9es.<\/strong><\/p>\n<p>   Sa playlist<\/p>\n<ul>\n<li>Candi Staton \u2013 Young Hearts Run Free<\/li>\n<li>Jennifer Lopez \u2013 Jenny From The Block<\/li>\n<li>Jeff Buckley \u2013 Last Goodbye<\/li>\n<li>C\u00e9line Dion \u2013 L\u2019Hymne \u00e0 l\u2019Amour (live J.O Paris 2024)<\/li>\n<li>Bibi Flash \u2013 Histoire d\u2019un soir (bye bye les gal\u00e8res)<\/li>\n<li>Barbra Streisand &amp; Donna Summer \u2013 No More Tears (Enough Is Enough)<\/li>\n<li>Joni Mitchell \u2013 Both Sides Now<\/li>\n<li>Phoenix \u2013 Too Young<\/li>\n<li>Labi Siffre \u2013 Bless the Telephone<\/li>\n<li>Robyn \u2013 Dancing on My Own<\/li>\n<li>Robin S \u2013 Show Me Love<\/li>\n<li>Les Innocents\u202f\u00ab\u00a0Un Homme extraordinaire\u00a0\u00bb<\/li>\n<li>Line Renaud \u2013 Copacabana<\/li>\n<\/ul>\n<p>              <img loading=\"lazy\" decoding=\"async\" src=\"https:\/\/www.europesays.com\/fr\/wp-content\/uploads\/2025\/04\/src=6070848;type=gener0;cat=audfi;dc_lat=;dc_rdid=;tag_for_child_directed_treatment=;tfua=;npa=;gdpr.gif\" width=\"1\" height=\"1\" alt=\"pixel\" class=\"PixelGoogleTag svelte-1kmh2dj\"\/>          <\/p>\n","protected":false},"excerpt":{"rendered":"La radio de Daphn\u00e9 Burki | France Inter La radio de Daphn\u00e9 Burki Contenu Lecteur audio Menu Pied&hellip;\n","protected":false},"author":2,"featured_media":355690,"comment_status":"","ping_status":"","sticky":false,"template":"","format":"standard","meta":{"footnotes":""},"categories":[1355],"tags":[58,59,1011,27,1361,873],"class_list":{"0":"post-355689","1":"post","2":"type-post","3":"status-publish","4":"format-standard","5":"has-post-thumbnail","7":"category-musique","8":"tag-divertissement","9":"tag-entertainment","10":"tag-fr","11":"tag-france","12":"tag-music","13":"tag-musique"},"share_on_mastodon":{"url":"https:\/\/pubeurope.com\/@fr\/115121152638883990","error":""},"_links":{"self":[{"href":"https:\/\/www.europesays.com\/fr\/wp-json\/wp\/v2\/posts\/355689","targetHints":{"allow":["GET"]}}],"collection":[{"href":"https:\/\/www.europesays.com\/fr\/wp-json\/wp\/v2\/posts"}],"about":[{"href":"https:\/\/www.europesays.com\/fr\/wp-json\/wp\/v2\/types\/post"}],"author":[{"embeddable":true,"href":"https:\/\/www.europesays.com\/fr\/wp-json\/wp\/v2\/users\/2"}],"replies":[{"embeddable":true,"href":"https:\/\/www.europesays.com\/fr\/wp-json\/wp\/v2\/comments?post=355689"}],"version-history":[{"count":0,"href":"https:\/\/www.europesays.com\/fr\/wp-json\/wp\/v2\/posts\/355689\/revisions"}],"wp:featuredmedia":[{"embeddable":true,"href":"https:\/\/www.europesays.com\/fr\/wp-json\/wp\/v2\/media\/355690"}],"wp:attachment":[{"href":"https:\/\/www.europesays.com\/fr\/wp-json\/wp\/v2\/media?parent=355689"}],"wp:term":[{"taxonomy":"category","embeddable":true,"href":"https:\/\/www.europesays.com\/fr\/wp-json\/wp\/v2\/categories?post=355689"},{"taxonomy":"post_tag","embeddable":true,"href":"https:\/\/www.europesays.com\/fr\/wp-json\/wp\/v2\/tags?post=355689"}],"curies":[{"name":"wp","href":"https:\/\/api.w.org\/{rel}","templated":true}]}}