{"id":355691,"date":"2025-08-31T03:02:28","date_gmt":"2025-08-31T03:02:28","guid":{"rendered":"https:\/\/www.europesays.com\/fr\/355691\/"},"modified":"2025-08-31T03:02:28","modified_gmt":"2025-08-31T03:02:28","slug":"cest-tres-violent-quelle-scene-traumatisante-a-ete-coupee-de-star-wars-3","status":"publish","type":"post","link":"https:\/\/www.europesays.com\/fr\/355691\/","title":{"rendered":"\u00ab\u00a0C&rsquo;est tr\u00e8s violent !\u00a0\u00bb Quelle sc\u00e8ne traumatisante a \u00e9t\u00e9 coup\u00e9e de Star Wars 3 ?"},"content":{"rendered":"<p><strong>Si vous pensez tout conna\u00eetre de la saga Star Wars, d\u00e9trompez-vous. Les films culte de George Lucas cachent des secrets bien sombres, m\u00eame pour les plus grands fans. C\u2019est le cas de cette sc\u00e8ne coup\u00e9e qui a mis mal \u00e0 l\u2019aise le r\u00e9alisateur lui-m\u00eame.<\/strong><\/p>\n<p>Quand on pense \u00e0 La Revanche des Sith, le sixi\u00e8me opus de la saga <a href=\"https:\/\/www.serieously.com\/films\/star-wars\/\" data-type=\"link\" data-id=\"https:\/\/www.serieously.com\/films\/star-wars\/\" rel=\"nofollow noopener\" target=\"_blank\">Star Wars<\/a>, difficile d\u2019oublier l\u2019Ordre 66, ce moment gla\u00e7ant o\u00f9 les clones se retournent contre les Jedi. Mais ce que beaucoup ignorent, c\u2019est qu\u2019une version bien plus sombre avait \u00e9t\u00e9 tourn\u00e9e\u2026 au point d\u2019\u00eatre jug\u00e9e insoutenable.<\/p>\n<p>La sc\u00e8ne de Star Wars qui a choqu\u00e9 George Lucas<\/p>\n<p><img fetchpriority=\"high\" decoding=\"async\" width=\"1024\" height=\"576\" src=\"https:\/\/www.europesays.com\/fr\/wp-content\/uploads\/2025\/08\/anakin-sabre-laser-star-wars-3-1024x576.jpg\" alt=\"Anakin utilisant son sabre laser contre des enfants dans Star Wars III\" class=\"wp-image-754900\"\/>\u00a9LucasFilm Ltd. <\/p>\n<p>Moment iconique de la saga et du d\u00e9clin d\u2019Anakin Skywalker vers le c\u00f4t\u00e9 obscur, la sc\u00e8ne o\u00f9 <strong>le futur Dark Vador massacre de jeunes Jedi<\/strong> en devenir a marqu\u00e9 les fans. Mais elle \u00e9tait au d\u00e9part bien plus terrifiante\u2026 Dans une interview accord\u00e9e \u00e0 la cha\u00eene YouTube <a href=\"https:\/\/www.youtube.com\/watch?v=wtTjZtqvkic\" data-type=\"link\" data-id=\"https:\/\/www.youtube.com\/watch?v=wtTjZtqvkic\" target=\"_blank\" rel=\"noopener nofollow\">Star Wars Theory<\/a>, le coordinateur des cascades de la pr\u00e9logie, Nick Gillard, a d\u00e9voil\u00e9 l\u2019existence d\u2019<strong>une sc\u00e8ne coup\u00e9e jamais montr\u00e9e au public<\/strong>.<\/p>\n<p>Lors de l\u2019attaque du Temple Jedi par Anakin Skywalker, l\u2019\u00e9l\u00e8ve d\u2019Obi-Wan Kenobi croise un groupe d\u2019enfants en train de d\u00e9couvrir leur lien avec la force. Dans la version sortie en salles, la cam\u00e9ra s\u2019arr\u00eate simplement lorsqu\u2019il allume son sabre laser. Un simple plan, mais qui suffit \u00e0 comprendre <strong>l\u2019horreur de ce qui va suivre<\/strong>, en \u00e9voquant leur mort des mains d\u2019Anakin.<\/p>\n<p>Pourtant, d\u2019apr\u00e8s Gillard, la sc\u00e8ne allait beaucoup plus loin : <strong>coups de sabre port\u00e9s directement sur des jeunes padawans, \u00e9tranglement d\u2019une petite fille\u2026<\/strong> \u00ab\u00a0Lorsqu\u2019on l\u2019a fait, nous voulions que cela soit violent car on parle [d\u2019Anakin] et de l\u2019Ordre 66. Je pense avoir port\u00e9 le premier coup \u00e0 la gorge de l\u2019enfant, qui est horrible \u2013 il \u00e9tait directement port\u00e9 \u00e0 sa gorge. [Anakin] attrape la petite fille et l\u2019\u00e9trangle, je crois que cela a \u00e9t\u00e9 coup\u00e9 aussi\u00ab\u00a0. Des images si choquantes que George Lucas lui-m\u00eame aurait r\u00e9agi en d\u00e9clarant \u00ab\u00a0<strong>Oh l\u00e0 l\u00e0, c\u2019est tr\u00e8s violent<\/strong>\u00ab\u00a0.<\/p>\n<p>Un moment qui aurait chang\u00e9 la saga Star Wars<\/p>\n<p><img loading=\"lazy\" decoding=\"async\" width=\"1024\" height=\"576\" src=\"https:\/\/www.europesays.com\/fr\/wp-content\/uploads\/2025\/08\/anakin-et-padme-1024x576.jpg\" alt=\"Anakin et Padm\u00e9 dans Star Wars III : La Revanche des Siths.\" class=\"wp-image-700847\"\/>\u00a9LucasFilm Ltd. <\/p>\n<p>Si Lucas a choisi d\u2019\u00e9courter cette s\u00e9quence, ce n\u2019est pas par hasard. Star Wars a toujours \u00e9t\u00e9 pens\u00e9 comme une saga familiale, accessible aussi aux enfants. <strong>Montrer Anakin assassinant explicitement des enfants aurait sans doute marqu\u00e9 \u00e0 vie les jeunes spectateurs<\/strong> et chang\u00e9 radicalement le ton de la trilogie. Au final, Lucas a pr\u00e9f\u00e9r\u00e9 sugg\u00e9rer plut\u00f4t que montrer. Le simple geste d\u2019Anakin d\u00e9ga\u00eenant son sabre, associ\u00e9 \u00e0 ce que l\u2019on apprend ensuite par les dialogues avec Padm\u00e9, suffit \u00e0 faire comprendre l\u2019ampleur du massacre, sans en montrer la brutalit\u00e9 frontale.<\/p>\n<p>Lundi&rsquo;spensable<\/p>\n<p class=\"mt-4 mb-4 text-xl text-center\">Le meilleur de <\/p>\n<p> dans ta boite mail<\/p>\n","protected":false},"excerpt":{"rendered":"Si vous pensez tout conna\u00eetre de la saga Star Wars, d\u00e9trompez-vous. Les films culte de George Lucas cachent&hellip;\n","protected":false},"author":2,"featured_media":355692,"comment_status":"","ping_status":"","sticky":false,"template":"","format":"standard","meta":{"footnotes":""},"categories":[1354],"tags":[58,59,1346,1011,27,1360],"class_list":{"0":"post-355691","1":"post","2":"type-post","3":"status-publish","4":"format-standard","5":"has-post-thumbnail","7":"category-films","8":"tag-divertissement","9":"tag-entertainment","10":"tag-films","11":"tag-fr","12":"tag-france","13":"tag-movies"},"share_on_mastodon":{"url":"https:\/\/pubeurope.com\/@fr\/115121156568394200","error":""},"_links":{"self":[{"href":"https:\/\/www.europesays.com\/fr\/wp-json\/wp\/v2\/posts\/355691","targetHints":{"allow":["GET"]}}],"collection":[{"href":"https:\/\/www.europesays.com\/fr\/wp-json\/wp\/v2\/posts"}],"about":[{"href":"https:\/\/www.europesays.com\/fr\/wp-json\/wp\/v2\/types\/post"}],"author":[{"embeddable":true,"href":"https:\/\/www.europesays.com\/fr\/wp-json\/wp\/v2\/users\/2"}],"replies":[{"embeddable":true,"href":"https:\/\/www.europesays.com\/fr\/wp-json\/wp\/v2\/comments?post=355691"}],"version-history":[{"count":0,"href":"https:\/\/www.europesays.com\/fr\/wp-json\/wp\/v2\/posts\/355691\/revisions"}],"wp:featuredmedia":[{"embeddable":true,"href":"https:\/\/www.europesays.com\/fr\/wp-json\/wp\/v2\/media\/355692"}],"wp:attachment":[{"href":"https:\/\/www.europesays.com\/fr\/wp-json\/wp\/v2\/media?parent=355691"}],"wp:term":[{"taxonomy":"category","embeddable":true,"href":"https:\/\/www.europesays.com\/fr\/wp-json\/wp\/v2\/categories?post=355691"},{"taxonomy":"post_tag","embeddable":true,"href":"https:\/\/www.europesays.com\/fr\/wp-json\/wp\/v2\/tags?post=355691"}],"curies":[{"name":"wp","href":"https:\/\/api.w.org\/{rel}","templated":true}]}}