{"id":355707,"date":"2025-08-31T03:10:09","date_gmt":"2025-08-31T03:10:09","guid":{"rendered":"https:\/\/www.europesays.com\/fr\/355707\/"},"modified":"2025-08-31T03:10:09","modified_gmt":"2025-08-31T03:10:09","slug":"ousmane-dembele-rassurant-apres-sa-blessure-a-toulouse","status":"publish","type":"post","link":"https:\/\/www.europesays.com\/fr\/355707\/","title":{"rendered":"Ousmane Demb\u00e9l\u00e9 rassurant apr\u00e8s sa blessure \u00e0 Toulouse"},"content":{"rendered":"<p>En d\u00e9placement sur la pelouse du T\u00e9f\u00e9c\u00e9 pour le compte de la troisi\u00e8me journ\u00e9e de <a href=\"https:\/\/www.footmercato.net\/france\/ligue-1\/\" rel=\"nofollow noopener\" target=\"_blank\">Ligue 1<\/a>, le <a href=\"https:\/\/www.footmercato.net\/club\/psg\/\" rel=\"nofollow noopener\" target=\"_blank\">PSG<\/a> s\u2019est largement impos\u00e9 sur la pelouse de <a href=\"https:\/\/www.footmercato.net\/club\/tfc\/\" rel=\"nofollow noopener\" target=\"_blank\">Toulouse<\/a> (6-1), dans une rencontre marqu\u00e9e par un magnifique tripl\u00e9 de Joa\u00f5 Neves, <a href=\"https:\/\/www.footmercato.net\/a2060643000559070167-toulouse-psg-les-notes-du-match\" rel=\"nofollow noopener\" target=\"_blank\">cr\u00e9dit\u00e9 d\u2019un 10\/10 par notre r\u00e9daction<\/a>. Si Bradley Barcola a \u00e9galement marqu\u00e9 dans ce match, <a href=\"https:\/\/www.footmercato.net\/joueur\/ousmane-dembele\/\" rel=\"nofollow noopener\" target=\"_blank\">Ousmane Demb\u00e9l\u00e9<\/a> s\u2019est offert un petit doubl\u00e9 sur deux penalties obtenus, avant de sortir sur blessure. En effet, l\u2019international fran\u00e7ais a sembl\u00e9 touch\u00e9 \u00e0 l\u2019arri\u00e8re de la cuisse gauche, avant de sortir du terrain quelques minutes plus tard, visiblement toujours touch\u00e9 \u00e0 la cuisse.<\/p>\n<p>            La suite apr\u00e8s cette publicit\u00e9<\/p>\n<p>Il a \u00e9t\u00e9 remplac\u00e9 par Gon\u00e7alo Ramos. Mais peu apr\u00e8s la rencontre, Ousmane Demb\u00e9l\u00e9 s\u2019est exprim\u00e9 et a assur\u00e9 \u00eatre en bonne forme. \u00ab\u00c7a va, j\u2019ai ressenti une petite g\u00eane sur la fin avant de sortir, mais on va voir, je vais faire l\u2019IRM, je ne pense pas que ce soit si grave, je pense (que c\u2019est en pr\u00e9caution), apr\u00e8s mes ischios, je les connais aussi\u2026\u00bb, a-t-il dit sur Ligue 1+. Reste \u00e0 savoir s\u2019il sera suffisamment r\u00e9tabli pour le rassemblement de l\u2019\u00e9quipe de France d\u00e8s la semaine prochaine. <\/p>\n<p>\n    Pub. le 30\/08\/2025 23:46<br \/>\n            &#8211; MAJ le 31\/08\/2025 05:01\n    <\/p>\n","protected":false},"excerpt":{"rendered":"En d\u00e9placement sur la pelouse du T\u00e9f\u00e9c\u00e9 pour le compte de la troisi\u00e8me journ\u00e9e de Ligue 1, le&hellip;\n","protected":false},"author":2,"featured_media":45083,"comment_status":"","ping_status":"","sticky":false,"template":"","format":"standard","meta":{"footnotes":""},"categories":[2],"tags":[11,1011,27,12],"class_list":{"0":"post-355707","1":"post","2":"type-post","3":"status-publish","4":"format-standard","5":"has-post-thumbnail","7":"category-actualites","8":"tag-actualites","9":"tag-fr","10":"tag-france","11":"tag-news"},"share_on_mastodon":{"url":"https:\/\/pubeurope.com\/@fr\/115121187901580971","error":""},"_links":{"self":[{"href":"https:\/\/www.europesays.com\/fr\/wp-json\/wp\/v2\/posts\/355707","targetHints":{"allow":["GET"]}}],"collection":[{"href":"https:\/\/www.europesays.com\/fr\/wp-json\/wp\/v2\/posts"}],"about":[{"href":"https:\/\/www.europesays.com\/fr\/wp-json\/wp\/v2\/types\/post"}],"author":[{"embeddable":true,"href":"https:\/\/www.europesays.com\/fr\/wp-json\/wp\/v2\/users\/2"}],"replies":[{"embeddable":true,"href":"https:\/\/www.europesays.com\/fr\/wp-json\/wp\/v2\/comments?post=355707"}],"version-history":[{"count":0,"href":"https:\/\/www.europesays.com\/fr\/wp-json\/wp\/v2\/posts\/355707\/revisions"}],"wp:featuredmedia":[{"embeddable":true,"href":"https:\/\/www.europesays.com\/fr\/wp-json\/wp\/v2\/media\/45083"}],"wp:attachment":[{"href":"https:\/\/www.europesays.com\/fr\/wp-json\/wp\/v2\/media?parent=355707"}],"wp:term":[{"taxonomy":"category","embeddable":true,"href":"https:\/\/www.europesays.com\/fr\/wp-json\/wp\/v2\/categories?post=355707"},{"taxonomy":"post_tag","embeddable":true,"href":"https:\/\/www.europesays.com\/fr\/wp-json\/wp\/v2\/tags?post=355707"}],"curies":[{"name":"wp","href":"https:\/\/api.w.org\/{rel}","templated":true}]}}