{"id":355710,"date":"2025-08-31T03:14:14","date_gmt":"2025-08-31T03:14:14","guid":{"rendered":"https:\/\/www.europesays.com\/fr\/355710\/"},"modified":"2025-08-31T03:14:14","modified_gmt":"2025-08-31T03:14:14","slug":"basket-un-sluc-nancy-un-peu-trop-friable-face-a-la-sig-en-amical","status":"publish","type":"post","link":"https:\/\/www.europesays.com\/fr\/355710\/","title":{"rendered":"Basket. Un SLUC Nancy un peu trop friable face \u00e0 la SIG en amical"},"content":{"rendered":"<p>SLUC Nancy &#8211; SIG<\/p>\n<p>74-87<\/p>\n<p>C\u2019est sous les yeux de la m\u00e8re de Victor Wembanyama, puisque le fr\u00e8re de ce dernier, Oscar \u00e9volue \u00e0 Strasbourg, et dans une salle pleine de Saint-Nicolas-de-Port, que le SLUC disputait son deuxi\u00e8me match amical ce samedi soir face \u00e0 une SIG priv\u00e9e, pour le coup, de son coach principal, Janis Gailitis, actuellement \u00e0 l\u2019Euro de basket&#8230;<\/p>\n","protected":false},"excerpt":{"rendered":"SLUC Nancy &#8211; SIG 74-87 C\u2019est sous les yeux de la m\u00e8re de Victor Wembanyama, puisque le fr\u00e8re&hellip;\n","protected":false},"author":2,"featured_media":355711,"comment_status":"","ping_status":"","sticky":false,"template":"","format":"standard","meta":{"footnotes":""},"categories":[9635],"tags":[1111,11,1791,1704,1777,674,1011,27,775,1702,1703,12,25,11567,517,1700],"class_list":{"0":"post-355710","1":"post","2":"type-post","3":"status-publish","4":"format-standard","5":"has-post-thumbnail","7":"category-nancy","8":"tag-actu","9":"tag-actualites","10":"tag-basket-ball","11":"tag-edition-nancy-et-agglomeration","12":"tag-eu","13":"tag-europe","14":"tag-fr","15":"tag-france","16":"tag-grand-est","17":"tag-nancy","18":"tag-nancy-ville-54b","19":"tag-news","20":"tag-republique-francaise","21":"tag-sluc","22":"tag-sport","23":"tag-sport-lorrain"},"share_on_mastodon":{"url":"https:\/\/pubeurope.com\/@fr\/115121203756330926","error":""},"_links":{"self":[{"href":"https:\/\/www.europesays.com\/fr\/wp-json\/wp\/v2\/posts\/355710","targetHints":{"allow":["GET"]}}],"collection":[{"href":"https:\/\/www.europesays.com\/fr\/wp-json\/wp\/v2\/posts"}],"about":[{"href":"https:\/\/www.europesays.com\/fr\/wp-json\/wp\/v2\/types\/post"}],"author":[{"embeddable":true,"href":"https:\/\/www.europesays.com\/fr\/wp-json\/wp\/v2\/users\/2"}],"replies":[{"embeddable":true,"href":"https:\/\/www.europesays.com\/fr\/wp-json\/wp\/v2\/comments?post=355710"}],"version-history":[{"count":0,"href":"https:\/\/www.europesays.com\/fr\/wp-json\/wp\/v2\/posts\/355710\/revisions"}],"wp:featuredmedia":[{"embeddable":true,"href":"https:\/\/www.europesays.com\/fr\/wp-json\/wp\/v2\/media\/355711"}],"wp:attachment":[{"href":"https:\/\/www.europesays.com\/fr\/wp-json\/wp\/v2\/media?parent=355710"}],"wp:term":[{"taxonomy":"category","embeddable":true,"href":"https:\/\/www.europesays.com\/fr\/wp-json\/wp\/v2\/categories?post=355710"},{"taxonomy":"post_tag","embeddable":true,"href":"https:\/\/www.europesays.com\/fr\/wp-json\/wp\/v2\/tags?post=355710"}],"curies":[{"name":"wp","href":"https:\/\/api.w.org\/{rel}","templated":true}]}}