{"id":355716,"date":"2025-08-31T03:17:10","date_gmt":"2025-08-31T03:17:10","guid":{"rendered":"https:\/\/www.europesays.com\/fr\/355716\/"},"modified":"2025-08-31T03:17:10","modified_gmt":"2025-08-31T03:17:10","slug":"arrete-en-pleine-conversation-telephonique-il-roulait-sans-permis-depuis-deux-ans","status":"publish","type":"post","link":"https:\/\/www.europesays.com\/fr\/355716\/","title":{"rendered":"arr\u00eat\u00e9 en pleine conversation t\u00e9l\u00e9phonique, il roulait sans permis depuis deux ans"},"content":{"rendered":"<p>            Par<br \/>\n        <strong><br \/>\n            <a href=\"https:\/\/actu.fr\/auteur\/lea-pippinato\" title=\"Consulter tous les articles de L\u00e9a Pippinato\" target=\"_blank\" rel=\"noopener\">L\u00e9a Pippinato<\/a><br \/>\n        <\/strong><\/p>\n<p>        Publi\u00e9 le<\/p>\n<p>            30 ao\u00fbt 2025 \u00e0 18h30        <\/p>\n<p><strong>Ce mercredi 27 ao\u00fbt 2025<\/strong>, vers 15h, la police municipale de Montpellier circulait dans le quartier Lemasson. Sur le boulevard Pedro de Luna, les agents aper\u00e7oivent un automobiliste en train de t\u00e9l\u00e9phoner au volant. Le contr\u00f4le s\u2019impose imm\u00e9diatement.<\/p>\n<p>    <a href=\"https:\/\/www.google.com\/maps\/embed?pb=!1m18!1m12!1m3!1d2889.5704708020153!2d3.8688817764592383!3d43.5946623711049!2m3!1f0!2f0!3f0!3m2!1i1024!2i768!4f13.1!3m3!1m2!1s0x12b6afb691dc9147%3A0xcd935fa1cb8fc1c0!2sBd%20Pedro%20de%20Luna%2C%2034070%20Montpellier!5e0!3m2!1sfr!2sfr!4v1756537233069!5m2!1sfr!2sfr\" title=\"Ouvrie le lien\" target=\"_blank\" rel=\"noopener\">Cliquez ici pour visualiser le contenu<\/a><\/p>\n<p class=\" wall-content\">L\u2019homme interpell\u00e9 a 34 ans. P\u00e8re de famille, il n\u2019a plus de permis de conduire depuis plus de deux ans, annul\u00e9 en avril 2022. Les policiers d\u00e9couvrent qu\u2019il est d\u00e9j\u00e0 connu pour des d\u00e9lits routiers r\u00e9p\u00e9t\u00e9s. Chaque fois, les faits sont identiques : il prend la place d\u2019un coll\u00e8gue sous pr\u00e9texte que celui-ci ne peut pas conduire.<\/p>\n<p>Un contr\u00f4le positif au cannabis<\/p>\n<p class=\" wall-content\">Lors de sa garde \u00e0 vue, le mis en cause a de nouveau tenu la m\u00eame version. Les tests ont r\u00e9v\u00e9l\u00e9 un r\u00e9sultat positif au THC, la mol\u00e9cule du cannabis. Une circonstance aggravante qui vient s\u2019ajouter \u00e0 la conduite sans permis et \u00e0 l\u2019usage du t\u00e9l\u00e9phone au volant. Pr\u00e9sent\u00e9 au parquet <strong>ce vendredi 29 ao\u00fbt<\/strong>, il a \u00e9t\u00e9 d\u00e9f\u00e9r\u00e9 en vue d\u2019une CRPC (comparution sur reconnaissance pr\u00e9alable de culpabilit\u00e9).<\/p>\n<p class=\" wall-content\">Personnalisez votre actualit\u00e9 en ajoutant vos villes et m\u00e9dias en favori avec <a href=\"https:\/\/moncompte.actu.fr\" title=\"D\u00e9couvez Mon Actu\" rel=\"nofollow noopener\" data-trk=\"{&quot;cta&quot;:{&quot;action&quot;:&quot;https:\\\/\\\/moncompte.actu.fr&quot;,&quot;category&quot;:&quot;mon compte&quot;,&quot;from&quot;:&quot;article footer&quot;,&quot;name&quot;:&quot;Mon actu&quot;,&quot;type&quot;:&quot;cta&quot;}}\" target=\"_blank\">Mon Actu<\/a>.<\/p>\n","protected":false},"excerpt":{"rendered":"Par L\u00e9a Pippinato Publi\u00e9 le 30 ao\u00fbt 2025 \u00e0 18h30 Ce mercredi 27 ao\u00fbt 2025, vers 15h, la&hellip;\n","protected":false},"author":2,"featured_media":355717,"comment_status":"","ping_status":"","sticky":false,"template":"","format":"standard","meta":{"footnotes":""},"categories":[9599],"tags":[1111,11,1052,1777,674,118,1011,27,2208,12,2680,1072,25,5009],"class_list":{"0":"post-355716","1":"post","2":"type-post","3":"status-publish","4":"format-standard","5":"has-post-thumbnail","7":"category-montpellier","8":"tag-actu","9":"tag-actualites","10":"tag-drogue","11":"tag-eu","12":"tag-europe","13":"tag-faits-divers","14":"tag-fr","15":"tag-france","16":"tag-montpellier","17":"tag-news","18":"tag-occitanie","19":"tag-police","20":"tag-republique-francaise","21":"tag-securite-routiere"},"share_on_mastodon":{"url":"https:\/\/pubeurope.com\/@fr\/115121215579903539","error":""},"_links":{"self":[{"href":"https:\/\/www.europesays.com\/fr\/wp-json\/wp\/v2\/posts\/355716","targetHints":{"allow":["GET"]}}],"collection":[{"href":"https:\/\/www.europesays.com\/fr\/wp-json\/wp\/v2\/posts"}],"about":[{"href":"https:\/\/www.europesays.com\/fr\/wp-json\/wp\/v2\/types\/post"}],"author":[{"embeddable":true,"href":"https:\/\/www.europesays.com\/fr\/wp-json\/wp\/v2\/users\/2"}],"replies":[{"embeddable":true,"href":"https:\/\/www.europesays.com\/fr\/wp-json\/wp\/v2\/comments?post=355716"}],"version-history":[{"count":0,"href":"https:\/\/www.europesays.com\/fr\/wp-json\/wp\/v2\/posts\/355716\/revisions"}],"wp:featuredmedia":[{"embeddable":true,"href":"https:\/\/www.europesays.com\/fr\/wp-json\/wp\/v2\/media\/355717"}],"wp:attachment":[{"href":"https:\/\/www.europesays.com\/fr\/wp-json\/wp\/v2\/media?parent=355716"}],"wp:term":[{"taxonomy":"category","embeddable":true,"href":"https:\/\/www.europesays.com\/fr\/wp-json\/wp\/v2\/categories?post=355716"},{"taxonomy":"post_tag","embeddable":true,"href":"https:\/\/www.europesays.com\/fr\/wp-json\/wp\/v2\/tags?post=355716"}],"curies":[{"name":"wp","href":"https:\/\/api.w.org\/{rel}","templated":true}]}}