{"id":355718,"date":"2025-08-31T03:18:13","date_gmt":"2025-08-31T03:18:13","guid":{"rendered":"https:\/\/www.europesays.com\/fr\/355718\/"},"modified":"2025-08-31T03:18:13","modified_gmt":"2025-08-31T03:18:13","slug":"handball-montpellier-decroche-le-trophee-des-champions-a-larena","status":"publish","type":"post","link":"https:\/\/www.europesays.com\/fr\/355718\/","title":{"rendered":"Handball &#8211; Montpellier d\u00e9croche le Troph\u00e9e des Champions \u00e0 l&rsquo;Arena"},"content":{"rendered":"<p>                                                                                                    <img decoding=\"async\" src=\"https:\/\/www.europesays.com\/fr\/wp-content\/uploads\/2025\/08\/686678c999917.png\" alt=\"Pierre Bujeau\"\/><\/p>\n<p class=\"author__social\">Partager sur :<br \/>\n                                            <a href=\"https:\/\/twitter.com\/share?url=https:\/\/www.le7.info\/article\/25926-handball-montpellier-decroche-le-trophee-des-champions-a-larena\" title=\"Partager sur twitter\" target=\"_blank\" rel=\"noopener\"><\/a><br \/>\n                                            <a href=\"https:\/\/www.facebook.com\/sharer\/sharer.php?u=https:\/\/www.le7.info\/article\/25926-handball-montpellier-decroche-le-trophee-des-champions-a-larena\" title=\"Partager sur facebook\" target=\"_blank\" rel=\"noopener\"><\/a>\n                                        <\/p>\n<p>Le Troph\u00e9e des Champions 2025 de handball a marqu\u00e9 le coup d\u2019envoi de la saison \u00e0 l\u2019Arena Futuroscope devant un public conquis. Solide du d\u00e9but \u00e0 la fin, le Montpellier Handball a domin\u00e9 le PSG (29-23) pour s\u2019offrir un quatri\u00e8me sacre, sept ans apr\u00e8s son dernier triomphe dans l\u2019\u00e9preuve. Plus qu\u2019une simple finale, la soir\u00e9e a pris des allures de f\u00eate populaire dans la Vienne, port\u00e9e par une fan zone gratuite aux abords de l\u2019Arena, o\u00f9 animations, ateliers pour enfants et stands ludiques ont rassembl\u00e9 petits et grands autour de la passion du handball.<\/p>\n<blockquote class=\"twitter-tweet\">\n<p lang=\"fr\" dir=\"ltr\">[\ud83d\udcfaLIVE] \ud83e\udd3e\u200d\u2642\ufe0f Handball <br \/>\ud83c\udfc6 Montpellier remporte le Troph\u00e9e des Champions face au PSG !<a href=\"https:\/\/twitter.com\/hashtag\/HandAction?src=hash&amp;ref_src=twsrc%5Etfw\" target=\"_blank\" rel=\"noopener\">#HandAction<\/a> <a href=\"https:\/\/t.co\/MFl2JvcmZO\">pic.twitter.com\/MFl2JvcmZO<\/a><\/p>\n<p>\u2014 beIN SPORTS (@beinsports_FR) <a href=\"https:\/\/twitter.com\/beinsports_FR\/status\/1961881397322203137?ref_src=twsrc%5Etfw\" target=\"_blank\" rel=\"noopener\">August 30, 2025<\/a><\/p><\/blockquote>\n<p>                                <script async src=\"https:\/\/platform.twitter.com\/widgets.js\" charset=\"utf-8\"><\/script><\/p>\n","protected":false},"excerpt":{"rendered":"Partager sur : Le Troph\u00e9e des Champions 2025 de handball a marqu\u00e9 le coup d\u2019envoi de la saison&hellip;\n","protected":false},"author":2,"featured_media":52780,"comment_status":"","ping_status":"","sticky":false,"template":"","format":"standard","meta":{"footnotes":""},"categories":[9599],"tags":[1111,11,1777,674,1011,27,13267,2208,12,2680,25],"class_list":{"0":"post-355718","1":"post","2":"type-post","3":"status-publish","4":"format-standard","5":"has-post-thumbnail","7":"category-montpellier","8":"tag-actu","9":"tag-actualites","10":"tag-eu","11":"tag-europe","12":"tag-fr","13":"tag-france","14":"tag-le-7-actualite-vienne-poitiers-chatellerault","15":"tag-montpellier","16":"tag-news","17":"tag-occitanie","18":"tag-republique-francaise"},"share_on_mastodon":{"url":"https:\/\/pubeurope.com\/@fr\/115121219429957476","error":""},"_links":{"self":[{"href":"https:\/\/www.europesays.com\/fr\/wp-json\/wp\/v2\/posts\/355718","targetHints":{"allow":["GET"]}}],"collection":[{"href":"https:\/\/www.europesays.com\/fr\/wp-json\/wp\/v2\/posts"}],"about":[{"href":"https:\/\/www.europesays.com\/fr\/wp-json\/wp\/v2\/types\/post"}],"author":[{"embeddable":true,"href":"https:\/\/www.europesays.com\/fr\/wp-json\/wp\/v2\/users\/2"}],"replies":[{"embeddable":true,"href":"https:\/\/www.europesays.com\/fr\/wp-json\/wp\/v2\/comments?post=355718"}],"version-history":[{"count":0,"href":"https:\/\/www.europesays.com\/fr\/wp-json\/wp\/v2\/posts\/355718\/revisions"}],"wp:featuredmedia":[{"embeddable":true,"href":"https:\/\/www.europesays.com\/fr\/wp-json\/wp\/v2\/media\/52780"}],"wp:attachment":[{"href":"https:\/\/www.europesays.com\/fr\/wp-json\/wp\/v2\/media?parent=355718"}],"wp:term":[{"taxonomy":"category","embeddable":true,"href":"https:\/\/www.europesays.com\/fr\/wp-json\/wp\/v2\/categories?post=355718"},{"taxonomy":"post_tag","embeddable":true,"href":"https:\/\/www.europesays.com\/fr\/wp-json\/wp\/v2\/tags?post=355718"}],"curies":[{"name":"wp","href":"https:\/\/api.w.org\/{rel}","templated":true}]}}