{"id":355719,"date":"2025-08-31T03:20:42","date_gmt":"2025-08-31T03:20:42","guid":{"rendered":"https:\/\/www.europesays.com\/fr\/355719\/"},"modified":"2025-08-31T03:20:42","modified_gmt":"2025-08-31T03:20:42","slug":"douchee-dentree-lus-bressane-finit-par-soffrir-le-nul-devant-rouen","status":"publish","type":"post","link":"https:\/\/www.europesays.com\/fr\/355719\/","title":{"rendered":"douch\u00e9e d\u2019entr\u00e9e, l\u2019US Bressane finit par s\u2019offrir le nul devant Rouen"},"content":{"rendered":"<p>US Bressane &#8211; Rouen<\/p>\n<p>18-18<\/p>\n<p>\u00c0 six minutes de la fin du match, les Violets \u00e9taient men\u00e9s de dix unit\u00e9s et se dirigeaient vers un premier revers \u00e0 Verch\u00e8re. Mais les Bressans ont eu le m\u00e9rite d\u2019enflammer les derniers instants et de s\u2019arracher pour revenir \u00e0 \u00e9galit\u00e9 avec les Normands (18-18). Gr\u00e2ce \u00e0 un essai d\u2019Aza\u00efs sur l\u2019aile droite, transform\u00e9 par Massip.<\/p>\n<p>Sur la dynamique, les supporters bressans auraient sans doute aim\u00e9 voir quelques minutes de jeu en plus mais l\u2019arbitre a pr\u00e9f\u00e9r\u00e9 renvoyer tous les acteurs &#8211; bien tremp\u00e9s par la pluie &#8211; aux vestiaires.<\/p>\n<p>Sous un v\u00e9ritable d\u00e9luge, ce match d\u00e9marre mal pour <a href=\"https:\/\/www.leprogres.fr\/sport\/us-bressane-union-sportive-bressane-pays-de-l-ain-rugby\" target=\"_blank\" rel=\"noopener\">l\u2019US Bressane<\/a>&#8230;.<\/p>\n","protected":false},"excerpt":{"rendered":"US Bressane &#8211; Rouen 18-18 \u00c0 six minutes de la fin du match, les Violets \u00e9taient men\u00e9s de&hellip;\n","protected":false},"author":2,"featured_media":355720,"comment_status":"","ping_status":"","sticky":false,"template":"","format":"standard","meta":{"footnotes":""},"categories":[9587],"tags":[1111,11,2738,6749,6750,6751,1777,674,1011,27,12,5161,25,9590,479,517,6748],"class_list":{"0":"post-355719","1":"post","2":"type-post","3":"status-publish","4":"format-standard","5":"has-post-thumbnail","7":"category-rouen","8":"tag-actu","9":"tag-actualites","10":"tag-ain","11":"tag-bourg-en-bresse","12":"tag-bourg-en-bresse-ville","13":"tag-edition-ain-ouest","14":"tag-eu","15":"tag-europe","16":"tag-fr","17":"tag-france","18":"tag-news","19":"tag-normandie","20":"tag-republique-francaise","21":"tag-rouen","22":"tag-rugby","23":"tag-sport","24":"tag-us-bressane-union-sportive-bressane-pays-de-lain"},"share_on_mastodon":{"url":"https:\/\/pubeurope.com\/@fr\/115121227221265697","error":""},"_links":{"self":[{"href":"https:\/\/www.europesays.com\/fr\/wp-json\/wp\/v2\/posts\/355719","targetHints":{"allow":["GET"]}}],"collection":[{"href":"https:\/\/www.europesays.com\/fr\/wp-json\/wp\/v2\/posts"}],"about":[{"href":"https:\/\/www.europesays.com\/fr\/wp-json\/wp\/v2\/types\/post"}],"author":[{"embeddable":true,"href":"https:\/\/www.europesays.com\/fr\/wp-json\/wp\/v2\/users\/2"}],"replies":[{"embeddable":true,"href":"https:\/\/www.europesays.com\/fr\/wp-json\/wp\/v2\/comments?post=355719"}],"version-history":[{"count":0,"href":"https:\/\/www.europesays.com\/fr\/wp-json\/wp\/v2\/posts\/355719\/revisions"}],"wp:featuredmedia":[{"embeddable":true,"href":"https:\/\/www.europesays.com\/fr\/wp-json\/wp\/v2\/media\/355720"}],"wp:attachment":[{"href":"https:\/\/www.europesays.com\/fr\/wp-json\/wp\/v2\/media?parent=355719"}],"wp:term":[{"taxonomy":"category","embeddable":true,"href":"https:\/\/www.europesays.com\/fr\/wp-json\/wp\/v2\/categories?post=355719"},{"taxonomy":"post_tag","embeddable":true,"href":"https:\/\/www.europesays.com\/fr\/wp-json\/wp\/v2\/tags?post=355719"}],"curies":[{"name":"wp","href":"https:\/\/api.w.org\/{rel}","templated":true}]}}