{"id":355721,"date":"2025-08-31T03:22:16","date_gmt":"2025-08-31T03:22:16","guid":{"rendered":"https:\/\/www.europesays.com\/fr\/355721\/"},"modified":"2025-08-31T03:22:16","modified_gmt":"2025-08-31T03:22:16","slug":"asse-horneland-lache-sa-frustration-apres-le-nul-contre-grenoble-et-sexplique-pour-stassin","status":"publish","type":"post","link":"https:\/\/www.europesays.com\/fr\/355721\/","title":{"rendered":"ASSE : Horneland l\u00e2che sa frustration apr\u00e8s le nul contre Grenoble et s&rsquo;explique pour Stassin"},"content":{"rendered":"<p><strong>Apr\u00e8s le match nul entre l\u2019ASSE et Grenoble, Eirik Horneland \u00e9tait logiquement tr\u00e8s frustr\u00e9.<\/strong><\/p>\n<p>Ce samedi, <a href=\"https:\/\/www.butfootballclub.fr\/616333-asse-les-verts-calent-contre-grenoble-mais-restent-leaders-de-ligue-2\/\" rel=\"noreferrer noopener\" target=\"_blank\">l\u2019ASSE a conc\u00e9d\u00e9 un nul assez frustrant contre Grenoble<\/a> dans le Chaudron (1-1). \u00c0 la fin de la rencontre, le coach Eirik Horneland n\u2019a pas cach\u00e9 sa d\u00e9ception devant le micro de beIN Sports. Pour l\u2019entra\u00eeneur norv\u00e9gien, \u00ab ce n\u2019\u00e9tait pas un tr\u00e8s bon match \u00bb. Il a reconnu que son \u00e9quipe avait tenu le ballon : \u00ab On a eu beaucoup de possession, on a eu la ma\u00eetrise \u00bb, mais il regrette un manque de tranchant offensif : \u00ab On n\u2019a pas assez cr\u00e9\u00e9 d\u2019occasions, on n\u2019a pas assez fait pour un match \u00e0 domicile. \u00bb<\/p>\n<p>\u00ab\u00a0On va prendre le point quand m\u00eame\u00a0\u00bb<\/p>\n<p>Si le rythme ne l\u2019a pas d\u00e9\u00e7u \u2014 \u00ab L\u2019intensit\u00e9 ? Oui, il y en avait \u00bb \u2014, il pointe clairement le d\u00e9ficit de r\u00e9alisme : \u00ab Mais il y avait un probl\u00e8me d\u2019efficacit\u00e9 dans le dernier tiers, un probl\u00e8me de tirs cadr\u00e9s. On a manqu\u00e9 plusieurs occasions. \u00bb<\/p>\n<p>Au final, l\u2019ASSE doit se contenter d\u2019un point. \u00ab On va prendre le point quand m\u00eame \u00bb, l\u00e2che Horneland, d\u00e9j\u00e0 tourn\u00e9 vers la suite et la tr\u00eave internationale. \u00ab On va pouvoir travailler mais beaucoup de joueurs vont partir en s\u00e9lection. On va r\u00e9cup\u00e9rer nos joueurs en forme et on verra quels joueurs restent avec nous. \u00bb<\/p>\n<p>Stassin pas pr\u00eat pour \u00eatre titulaire<\/p>\n<p>Il n\u2019a pas manqu\u00e9 d\u2019\u00e9voquer des cas individuels, notamment Lucas Stassin, tr\u00e8s courtis\u00e9 en cette fin de mercato, et A\u00efmen Moueffek : \u00ab Lucas Stassin doit retrouver la forme, A\u00efmen Moueffek aussi. Lucas Stassin sur le banc ? <a href=\"http:\/\/butfootballclub.fr\/ligue-2\/asse\/asse-mercato-le-stade-rennais-pret-a-relancer-lucas-stassin\/\" rel=\"noreferrer noopener\" target=\"_blank\">\u00c7a a \u00e9t\u00e9 une semaine difficile pour lui<\/a>, il s\u2019est entra\u00een\u00e9 vendredi, il n\u2019\u00e9tait pas pr\u00eat pour le match. \u00bb<\/p>\n<p>Enfin, sur la philosophie de jeu en Ligue 2, le coach st\u00e9phanois reste clair : \u00ab On veut avoir l\u2019initiative \u00e0 chaque match. Tous les adversaires peuvent nous faire mal. Chaque fois qu\u2019ils ont une occasion, ils sont dangereux. Il faut avoir une meilleure organisation. Tenir le jeu et rester organis\u00e9s. \u00bb<\/p>\n","protected":false},"excerpt":{"rendered":"Apr\u00e8s le match nul entre l\u2019ASSE et Grenoble, Eirik Horneland \u00e9tait logiquement tr\u00e8s frustr\u00e9. Ce samedi, l\u2019ASSE a&hellip;\n","protected":false},"author":2,"featured_media":355722,"comment_status":"","ping_status":"","sticky":false,"template":"","format":"standard","meta":{"footnotes":""},"categories":[9566],"tags":[1111,11,2430,448,1777,674,63,1011,27,2731,66,3388,12,25,10662],"class_list":{"0":"post-355721","1":"post","2":"type-post","3":"status-publish","4":"format-standard","5":"has-post-thumbnail","7":"category-grenoble","8":"tag-actu","9":"tag-actualites","10":"tag-auvergne-rhone-alpes","11":"tag-champions-league","12":"tag-eu","13":"tag-europe","14":"tag-football","15":"tag-fr","16":"tag-france","17":"tag-grenoble","18":"tag-ligue-1","19":"tag-matchs","20":"tag-news","21":"tag-republique-francaise","22":"tag-transferts"},"share_on_mastodon":{"url":"https:\/\/pubeurope.com\/@fr\/115121235070316836","error":""},"_links":{"self":[{"href":"https:\/\/www.europesays.com\/fr\/wp-json\/wp\/v2\/posts\/355721","targetHints":{"allow":["GET"]}}],"collection":[{"href":"https:\/\/www.europesays.com\/fr\/wp-json\/wp\/v2\/posts"}],"about":[{"href":"https:\/\/www.europesays.com\/fr\/wp-json\/wp\/v2\/types\/post"}],"author":[{"embeddable":true,"href":"https:\/\/www.europesays.com\/fr\/wp-json\/wp\/v2\/users\/2"}],"replies":[{"embeddable":true,"href":"https:\/\/www.europesays.com\/fr\/wp-json\/wp\/v2\/comments?post=355721"}],"version-history":[{"count":0,"href":"https:\/\/www.europesays.com\/fr\/wp-json\/wp\/v2\/posts\/355721\/revisions"}],"wp:featuredmedia":[{"embeddable":true,"href":"https:\/\/www.europesays.com\/fr\/wp-json\/wp\/v2\/media\/355722"}],"wp:attachment":[{"href":"https:\/\/www.europesays.com\/fr\/wp-json\/wp\/v2\/media?parent=355721"}],"wp:term":[{"taxonomy":"category","embeddable":true,"href":"https:\/\/www.europesays.com\/fr\/wp-json\/wp\/v2\/categories?post=355721"},{"taxonomy":"post_tag","embeddable":true,"href":"https:\/\/www.europesays.com\/fr\/wp-json\/wp\/v2\/tags?post=355721"}],"curies":[{"name":"wp","href":"https:\/\/api.w.org\/{rel}","templated":true}]}}