{"id":355725,"date":"2025-08-31T03:25:16","date_gmt":"2025-08-31T03:25:16","guid":{"rendered":"https:\/\/www.europesays.com\/fr\/355725\/"},"modified":"2025-08-31T03:25:16","modified_gmt":"2025-08-31T03:25:16","slug":"lhistoire-oubliee-de-la-villa-oppenheimer-entre-guerres-et-europe","status":"publish","type":"post","link":"https:\/\/www.europesays.com\/fr\/355725\/","title":{"rendered":"l\u2019histoire oubli\u00e9e de la Villa Oppenheimer, entre guerres et Europe"},"content":{"rendered":"<p><b>Julius Pepperwood soupire un bon coup, pour faire redescendre la pression. Les dossiers d\u2019importance commencent \u00e0 s\u2019empiler, et il n\u2019a jamais fonctionn\u00e9 autrement qu\u2019en date butoir de la veille au lendemain. Il fait tourner son whisky dans son verre, comme pour s\u2019apaiser. Regardant par-del\u00e0 sa fen\u00eatre, il se dit qu\u2019il est temps de prendre l\u2019air. Parce qu\u2019il y a une villa devant laquelle il passe souvent, sans jamais avoir pris le temps de conna\u00eetre son histoire.<\/b><\/p>\n<p class=\"p1\"><strong>Difficile de la manquer, lorsque l\u2019on va du Conseil des XV vers l\u2019Orangerie.<\/strong> Situ\u00e9e sur la rue de Verdun, la villa Oppenheimer accroche tout de suite le regard : non pas pour ses murs blancs, son allure sobre et son architecture du XVIIIe si\u00e8cle de type classique, <b>mais plut\u00f4t pour son drapeau fran\u00e7ais c\u00f4toyant le bleu europ\u00e9en<\/b>. Dans le quartier des ambassades et des consulats, cela interroge.<\/p>\n<p>    <img width=\"800\" height=\"600\" src=\"https:\/\/www.europesays.com\/fr\/wp-content\/uploads\/2025\/08\/img-1062-grande-800x600.jpeg\" class=\"attachment-image-size-L size-image-size-L\" alt=\"villa oppenheimer\" decoding=\"async\" loading=\"lazy\"  \/>         \u00a9 Nicolas Kaspar \/ Pokaa <\/p>\n<p class=\"p1\">Finalement, rien de tr\u00e8s \u00e9tonnant : <b>il s\u2019av\u00e8re que la villa Oppenheimer est la demeure de la repr\u00e9sentation permanente de la France aupr\u00e8s du Conseil de l\u2019Europe, et ce depuis 1966<\/b>. Depuis 2023 et son passage comme ministre de l\u2019\u00c9ducation nationale, c\u2019est Pap Ndiaye qui occupe le poste d\u2019ambassadeur et de repr\u00e9sentant permanent.<\/p>\n<p class=\"p1\">Mais au-del\u00e0 de sa fonction actuelle, <b>la villa Oppenheimer a \u00e9galement une histoire qui lui est propre depuis sa construction entre 1912 et 1917 <\/b>sur un terrain de 3 162 m2, en plein quartier des Musiciens. Une histoire qui, comme souvent \u00e0 Strasbourg, oscille entre la France et l\u2019Allemagne.<\/p>\n<p>                <a href=\"https:\/\/pokaa.fr\/2022\/05\/11\/le-quartier-des-musiciens-ce-joyau-de-lorangerie-ou-chaque-rue-porte-un-nom-de-grand-compositeur\/\" rel=\"nofollow noopener\" target=\"_blank\"><br \/>\n                    <img width=\"450\" height=\"252\" src=\"https:\/\/www.europesays.com\/fr\/wp-content\/uploads\/2025\/08\/quartiers-des-musiciens-strasbourg-orangerie.jpg\" class=\"attachment-card-horizontal--same-subject size-card-horizontal--same-subject wp-post-image\" alt=\"\" decoding=\"async\" loading=\"lazy\"  \/>                <\/a><\/p>\n<p>    <img width=\"800\" height=\"600\" src=\"https:\/\/www.europesays.com\/fr\/wp-content\/uploads\/2025\/08\/img-1061-grande-800x600.jpeg\" class=\"attachment-image-size-L size-image-size-L\" alt=\"villa oppenheimer\" decoding=\"async\" loading=\"lazy\"  \/>         \u00a9 Nicolas Kaspar \/ Pokaa <\/p>\n<p>La villa Oppenheimer, c\u2019est pas de la bombe (c\u2019est plut\u00f4t du cuir)<\/p>\n<p class=\"p1\">D\u2019embl\u00e9e, douchons les enthousiasmes : <strong>la ville Oppenheimer n\u2019a aucun rapport avec le p\u00e8re de la bombe atomique<\/strong>. Elle est nomm\u00e9e en r\u00e9f\u00e9rence \u00e0 son ma\u00eetre d\u2019ouvrage, Julius Oppenheimer, qui vient d\u2019une famille de courtiers en cuir.<\/p>\n<p class=\"p1\"><b>Alors que sa famille s\u2019est implant\u00e9e en 1871 en Alsace, devenue allemande, il na\u00eet en 1874 au 10 rue des Veaux<\/b>, <a href=\"https:\/\/www.archi-wiki.org\/Adresse:Villa_Oppenheimer_(Strasbourg)\" target=\"_blank\" rel=\"noopener nofollow\">selon Archi-Wiki<\/a> citant les archives de la Ville de Strasbourg. Pour la petite anecdote, c\u2019est l\u00e0 que se trouve d\u00e9sormais l\u2019\u00e9cole maternelle Louis-Pasteur.<\/p>\n<p>    <img width=\"800\" height=\"600\" src=\"https:\/\/www.europesays.com\/fr\/wp-content\/uploads\/2025\/08\/img-1063-grande-800x600.jpeg\" class=\"attachment-image-size-L size-image-size-L\" alt=\"villa oppenheimer\" decoding=\"async\" loading=\"lazy\"  \/>         \u00a9 Nicolas Kaspar \/ Pokaa <\/p>\n<p class=\"p1\">Une fois devenu adulte, Julius Oppenheimer dirige une grande usine de cuir avec son cousin Carl Adler : les \u00c9tablissements Adler et Oppenheimer.<b> D\u2019abord install\u00e9e \u00e0 la Montagne Verte, elle d\u00e9m\u00e9nage par la suite \u00e0 Lingolsheim, et deviendra les Tanneries de France<\/b>. \u00c0 la fin de la Premi\u00e8re Guerre mondiale, l\u2019entreprise employait 2 000 ouvriers\/\u00e8res sur un terrain de 142 hectares, avec 225 b\u00e2timents et ateliers.<\/p>\n<p class=\"p1\">Sauf que Julius Oppenheimer n\u2019a rapidement plus \u00e9t\u00e9 l\u00e0 pour superviser son activit\u00e9 ; <b>car s\u2019il ne d\u00e9c\u00e8de qu\u2019en 1934, il fut expuls\u00e9 d\u2019Alsace avec sa famille en 1920<\/b>. Une expulsion retard\u00e9e d\u2019un an puisque les d\u00e9put\u00e9s du Bas-Rhin et la municipalit\u00e9 strasbourgeoise s\u2019oppos\u00e8rent une premi\u00e8re fois \u00e0 un d\u00e9part forc\u00e9 en 1919. Reconnaissante de ce geste, <b>Annelies, fille de Julius Oppenheimer n\u00e9e \u00e0 Strasbourg, a l\u00e9gu\u00e9 11 tableaux qui ont rejoint la collection du mus\u00e9e strasbourgeois des Beaux-Arts.<\/b><\/p>\n<p>    <img width=\"800\" height=\"600\" src=\"https:\/\/www.europesays.com\/fr\/wp-content\/uploads\/2025\/08\/img-1064-grande-800x600.jpeg\" class=\"attachment-image-size-L size-image-size-L\" alt=\"villa oppenheimer\" decoding=\"async\" loading=\"lazy\"  \/>         \u00a9 Nicolas Kaspar \/ Pokaa <\/p>\n<p>Une villa \u00e0 l\u2019architecture classique, mais \u00e0 l\u2019histoire tourment\u00e9e<\/p>\n<p class=\"p1\">Au-del\u00e0 de l\u2019histoire de la famille qui lui donne son nom, la villa Oppenheimer est un exemple typique de l\u2019architecture classique du XVIIIe si\u00e8cle. Architecture de l\u2019Antiquit\u00e9 remise au go\u00fbt du jour, <b>elle se caract\u00e9rise dans le cas de la villa Oppenheimer par les c\u00f4t\u00e9s d\u00e9coratifs de ses quatre colonnes \u00e0 l\u2019entr\u00e9e, mais \u00e9galement de sa corniche \u00e0 denticules en support de la toiture mansard\u00e9e<\/b>. Une petite terrasse est \u00e9galement visible \u00e0 l\u2019arri\u00e8re du b\u00e2timent, tandis que celui-ci s\u2019ouvre sur un grand jardin, invisible du grand public.<\/p>\n<p class=\"p1\">Si son architecture est classique et sa carcasse plut\u00f4t sobre, la villa Oppenheimer a une histoire plut\u00f4t tourment\u00e9e, signe des tourbillons qui ont agit\u00e9 l\u2019Alsace pendant la p\u00e9riode des deux guerres mondiales. <b>Apr\u00e8s l\u2019expulsion de la famille Oppenheimer, le b\u00e2timent a accueilli d\u00e8s 1921 l\u2019Office de v\u00e9rification et de compensation pour l\u2019Alsace et la Lorraine<\/b>. Pendant la Seconde Guerre mondiale, les nazis prennent possession de la ville et du terrain, pour y implanter une organisation de g\u00e9nie civil et militaire.<\/p>\n<p>    <img width=\"800\" height=\"600\" src=\"https:\/\/www.europesays.com\/fr\/wp-content\/uploads\/2025\/08\/img-1059-grande-800x600.jpeg\" class=\"attachment-image-size-L size-image-size-L\" alt=\"villa oppenheimer\" decoding=\"async\" loading=\"lazy\"  \/>         \u00a9 Nicolas Kaspar \/ Pokaa <\/p>\n<p class=\"p1\">Finalement, elle sera m\u00eame bri\u00e8vement occup\u00e9e par les Am\u00e9ricains apr\u00e8s la Lib\u00e9ration, avant d\u2019accueillir l\u2019Office des biens et int\u00e9r\u00eats priv\u00e9s (OBIP). <b>Ce dernier est un organisme cr\u00e9\u00e9 pendant la Premi\u00e8re Guerre mondiale, servant \u00e0 recenser les biens et int\u00e9r\u00eats de particuliers\/\u00e8res fran\u00e7ais(es) tomb\u00e9s aux mains de l\u2019ennemi<\/b>.<\/p>\n<p class=\"p1\"><b>Et si de 1966 \u00e0 aujourd\u2019hui, elle abrite surtout la maison de l\u2019ambassadeur et du repr\u00e9sentant permanent de la France<\/b>, <a href=\"https:\/\/annuaire-entreprises.data.gouv.fr\/etablissement\/12000605100029\" target=\"_blank\" rel=\"noopener nofollow\">la villa Oppenheimer est toujours list\u00e9e comme adresse de l\u2019\u00e9tablissement \u00ab Office biens int\u00e9r\u00eats priv\u00e9s \u00bb<\/a>. Il faut croire qu\u2019elle a encore quelques secrets.<\/p>\n","protected":false},"excerpt":{"rendered":"Julius Pepperwood soupire un bon coup, pour faire redescendre la pression. Les dossiers d\u2019importance commencent \u00e0 s\u2019empiler, et&hellip;\n","protected":false},"author":2,"featured_media":355726,"comment_status":"","ping_status":"","sticky":false,"template":"","format":"standard","meta":{"footnotes":""},"categories":[2820],"tags":[1111,11,1777,674,1011,27,775,49173,12,25,640,49174],"class_list":{"0":"post-355725","1":"post","2":"type-post","3":"status-publish","4":"format-standard","5":"has-post-thumbnail","7":"category-strasbourg","8":"tag-actu","9":"tag-actualites","10":"tag-eu","11":"tag-europe","12":"tag-fr","13":"tag-france","14":"tag-grand-est","15":"tag-mysteres-de-strasbourg","16":"tag-news","17":"tag-republique-francaise","18":"tag-strasbourg","19":"tag-villa-oppenheimer"},"share_on_mastodon":{"url":"https:\/\/pubeurope.com\/@fr\/115121247410710912","error":""},"_links":{"self":[{"href":"https:\/\/www.europesays.com\/fr\/wp-json\/wp\/v2\/posts\/355725","targetHints":{"allow":["GET"]}}],"collection":[{"href":"https:\/\/www.europesays.com\/fr\/wp-json\/wp\/v2\/posts"}],"about":[{"href":"https:\/\/www.europesays.com\/fr\/wp-json\/wp\/v2\/types\/post"}],"author":[{"embeddable":true,"href":"https:\/\/www.europesays.com\/fr\/wp-json\/wp\/v2\/users\/2"}],"replies":[{"embeddable":true,"href":"https:\/\/www.europesays.com\/fr\/wp-json\/wp\/v2\/comments?post=355725"}],"version-history":[{"count":0,"href":"https:\/\/www.europesays.com\/fr\/wp-json\/wp\/v2\/posts\/355725\/revisions"}],"wp:featuredmedia":[{"embeddable":true,"href":"https:\/\/www.europesays.com\/fr\/wp-json\/wp\/v2\/media\/355726"}],"wp:attachment":[{"href":"https:\/\/www.europesays.com\/fr\/wp-json\/wp\/v2\/media?parent=355725"}],"wp:term":[{"taxonomy":"category","embeddable":true,"href":"https:\/\/www.europesays.com\/fr\/wp-json\/wp\/v2\/categories?post=355725"},{"taxonomy":"post_tag","embeddable":true,"href":"https:\/\/www.europesays.com\/fr\/wp-json\/wp\/v2\/tags?post=355725"}],"curies":[{"name":"wp","href":"https:\/\/api.w.org\/{rel}","templated":true}]}}