{"id":355729,"date":"2025-08-31T03:28:17","date_gmt":"2025-08-31T03:28:17","guid":{"rendered":"https:\/\/www.europesays.com\/fr\/355729\/"},"modified":"2025-08-31T03:28:17","modified_gmt":"2025-08-31T03:28:17","slug":"le-havre-nice-a-quelle-heure-et-sur-quelle-chaine-regarder-le-match-de-ligue-1-en-direct-2","status":"publish","type":"post","link":"https:\/\/www.europesays.com\/fr\/355729\/","title":{"rendered":"Le Havre &#8211; Nice : \u00e0 quelle heure et sur quelle cha\u00eene regarder le match de Ligue 1 en direct ?"},"content":{"rendered":"<p class=\"mb-4 text-lg md:leading-8 break-words\">La 3\u1d49 journ\u00e9e de Ligue 1 McDonald&rsquo;s\u2019 2025-2026 s\u2019annonce bouillante : ce dimanche 31 ao\u00fbt \u00e0 17h15, Le Havre accueille Nice au Stade Oc\u00e9ane. Diffus\u00e9 en direct sur Ligue 1+ lors d\u2019un multiplex relev\u00e9, le HAC cherche son premier point, tandis que le Gym veut surfer sur son succ\u00e8s face \u00e0 Auxerre.<\/p>\n<p>Le Havre doit d\u00e9coller, Nice veut rester sur sa lanc\u00e9e<\/p>\n<p class=\"mb-4 text-lg md:leading-8 break-words\">Le Havre n\u2019a pas le temps de souffler. Deux journ\u00e9es, deux d\u00e9faites et d\u00e9j\u00e0 une pression \u00e9norme qui p\u00e8se sur les \u00e9paules de Didier Digard et de ses joueurs. Apr\u00e8s le revers \u00e0 Monaco (3-1) puis la d\u00e9sillusion face \u00e0 Lens (2-1), le HAC pointe \u00e0 z\u00e9ro point et reste scotch\u00e9 dans la zone rouge. Pourtant, le contenu n\u2019est pas catastrophique. Doucour\u00e9 et Ndiaye ont montr\u00e9 de belles choses offensivement, Kechta a tent\u00e9 d\u2019allumer des \u00e9tincelles, mais la d\u00e9fense normande a craqu\u00e9 bien trop vite. Devant leur public du Stade Oc\u00e9ane, les Ciel et Marine doivent r\u00e9agir pour ne pas laisser s\u2019installer le doute.<\/p>\n<p class=\"mb-4 text-lg md:leading-8 break-words\">\u00c0 l\u2019inverse, Nice d\u00e9barque avec le moral gonfl\u00e9 \u00e0 bloc. Apr\u00e8s une \u00e9limination douloureuse contre Benfica en Ligue des champions et un d\u00e9marrage difficile en Ligue 1 face \u00e0 Toulouse, les Aiglons ont enfin lanc\u00e9 leur saison en dominant Auxerre (3-1). J\u00e9r\u00e9mie Boga a retrouv\u00e9 les filets, Moffi a fait parler sa puissance et surtout Yehvann Diouf a multipli\u00e9 les parades d\u00e9cisives. Franck Haise veut capitaliser sur cet \u00e9lan pour replacer son \u00e9quipe dans le haut de tableau.<\/p>\n<p>Le Havre &#8211; Nice : comment voir le match en direct and Ligue 1+ et DAZN<\/p>\n<p class=\"mb-4 text-lg md:leading-8 break-words\">Pour suivre Le Havre &#8211; Nice en direct ce dimanche, deux choix s\u2019offrent \u00e0 vous. La formule la plus compl\u00e8te est celle de Ligue 1+ &amp; DAZN, propos\u00e9e en offre de lancement Ealy Bird \u00e0 9,99 euros par mois pendant trois mois, puis 14,99 euros avec engagement. Gr\u00e2ce \u00e0 ce pack, vous profitez non seulement de toute la Ligue 1 McDonald\u2019s, mais aussi de l\u2019univers DAZN : football europ\u00e9en, boxe, MMA et programmes exclusifs.<\/p>\n<p class=\"mb-4 text-lg md:leading-8 break-words\"><a href=\"https:\/\/dazn.prf.hn\/click\/camref:1100lLQ6c\" rel=\"nofollow noopener\" target=\"_blank\" data-ylk=\"slk:Cliquez ici pour profiter de l\u2019offre chez DAZN;elm:context_link;itc:0;sec:content-canvas\" class=\"link \">Cliquez ici pour profiter de l\u2019offre chez DAZN<\/a><\/p>\n<p class=\"mb-4 text-lg md:leading-8 break-words\">Autre option : l\u2019abonnement \u00e0 Ligue 1+ seul, accessible sans engagement \u00e0 19,99 euros par mois. Plus flexible, annulable \u00e0 tout moment, cette option est id\u00e9ale pour ceux qui veulent uniquement le championnat fran\u00e7ais, sans les extras.<\/p>\n<p class=\"mb-4 text-lg md:leading-8 break-words\">Ce contenu a \u00e9t\u00e9 r\u00e9alis\u00e9 par un expert de l\u2019\u00e9quipe shopping de RMC Sport, ind\u00e9pendante de la r\u00e9daction de RMC Sport. Les prix indiqu\u00e9s sont donn\u00e9s \u00e0 titre indicatif et sont susceptibles d\u2019\u00e9voluer. RMC Sport est susceptible de percevoir une r\u00e9mun\u00e9ration lorsqu\u2019un de nos lecteurs proc\u00e8de \u00e0 un achat via les liens int\u00e9gr\u00e9s dans cet article.<\/p>\n<p class=\"mb-4 text-lg md:leading-8 break-words\"><a href=\"https:\/\/rmcsport.bfmtv.com\/football\/ligue-1\/le-havre-nice-a-quelle-heure-et-sur-quelle-chaine-regarder-le-match-de-ligue-1-en-direct_AN-202508310008.html#xtor=AL-68\" rel=\"nofollow noopener\" target=\"_blank\" data-ylk=\"slk:Article original publi\u00e9 sur RMC Sport;elm:context_link;itc:0;sec:content-canvas\" class=\"link \">Article original publi\u00e9 sur RMC Sport<\/a><\/p>\n","protected":false},"excerpt":{"rendered":"La 3\u1d49 journ\u00e9e de Ligue 1 McDonald&rsquo;s\u2019 2025-2026 s\u2019annonce bouillante : ce dimanche 31 ao\u00fbt \u00e0 17h15, Le&hellip;\n","protected":false},"author":2,"featured_media":355730,"comment_status":"","ping_status":"","sticky":false,"template":"","format":"standard","meta":{"footnotes":""},"categories":[2819],"tags":[1111,11,4245,8954,1777,674,1011,27,17922,49175,66,447,49176,3127,12,2401,882,25,2312,22572],"class_list":{"0":"post-355729","1":"post","2":"type-post","3":"status-publish","4":"format-standard","5":"has-post-thumbnail","7":"category-nice","8":"tag-actu","9":"tag-actualites","10":"tag-auxerre","11":"tag-didier-digard","12":"tag-eu","13":"tag-europe","14":"tag-fr","15":"tag-france","16":"tag-havre","17":"tag-kechta","18":"tag-ligue-1","19":"tag-ligue-des-champions","20":"tag-moffi","21":"tag-monaco","22":"tag-news","23":"tag-nice","24":"tag-provence-alpes-cote-dazur","25":"tag-republique-francaise","26":"tag-toulouse","27":"tag-yehvann-diouf"},"share_on_mastodon":{"url":"https:\/\/pubeurope.com\/@fr\/115121258660835515","error":""},"_links":{"self":[{"href":"https:\/\/www.europesays.com\/fr\/wp-json\/wp\/v2\/posts\/355729","targetHints":{"allow":["GET"]}}],"collection":[{"href":"https:\/\/www.europesays.com\/fr\/wp-json\/wp\/v2\/posts"}],"about":[{"href":"https:\/\/www.europesays.com\/fr\/wp-json\/wp\/v2\/types\/post"}],"author":[{"embeddable":true,"href":"https:\/\/www.europesays.com\/fr\/wp-json\/wp\/v2\/users\/2"}],"replies":[{"embeddable":true,"href":"https:\/\/www.europesays.com\/fr\/wp-json\/wp\/v2\/comments?post=355729"}],"version-history":[{"count":0,"href":"https:\/\/www.europesays.com\/fr\/wp-json\/wp\/v2\/posts\/355729\/revisions"}],"wp:featuredmedia":[{"embeddable":true,"href":"https:\/\/www.europesays.com\/fr\/wp-json\/wp\/v2\/media\/355730"}],"wp:attachment":[{"href":"https:\/\/www.europesays.com\/fr\/wp-json\/wp\/v2\/media?parent=355729"}],"wp:term":[{"taxonomy":"category","embeddable":true,"href":"https:\/\/www.europesays.com\/fr\/wp-json\/wp\/v2\/categories?post=355729"},{"taxonomy":"post_tag","embeddable":true,"href":"https:\/\/www.europesays.com\/fr\/wp-json\/wp\/v2\/tags?post=355729"}],"curies":[{"name":"wp","href":"https:\/\/api.w.org\/{rel}","templated":true}]}}