{"id":355731,"date":"2025-08-31T03:30:07","date_gmt":"2025-08-31T03:30:07","guid":{"rendered":"https:\/\/www.europesays.com\/fr\/355731\/"},"modified":"2025-08-31T03:30:07","modified_gmt":"2025-08-31T03:30:07","slug":"le-festival-eurofonik-a-nantes-se-met-a-lheure-irlandaise","status":"publish","type":"post","link":"https:\/\/www.europesays.com\/fr\/355731\/","title":{"rendered":"Le festival Eurofonik \u00e0 Nantes se met \u00e0 l&rsquo;heure irlandaise"},"content":{"rendered":"<p class=\"PopSlotParagraph qg-tx2 qg-xtra-lh svelte-1r0pyek\">A Nantes, la 13e \u00e9dition du festival Eurofonik, qui a lieu cette ann\u00e9e du 5 au 16 mars, a ouvert sur un cycle autour de l\u2019Irlande. Le temps d\u2019un week-end, le festival a mis \u00e0 l\u2019honneur les danses et musiques du Comt\u00e9 de Clare, situ\u00e9 sur la c\u00f4t\u00e9 ouest du pays. Au programme\u00a0: concert, bal traditionnel irlandais et Master Class dont une sur les danses collectives irlandaises anim\u00e9e par Karine Lu\u00e7on qui a approch\u00e9 cet univers lors des rencontres irlandaises de Tocane en Dordogne\u00a0:<\/p>\n<p class=\"PopSlotParagraph qg-tx2 qg-xtra-lh svelte-1r0pyek\">\u00ab\u00a0Il y a plusieurs types de danses irlandaises\u00a0: il y a les danses collectives et les danses solo. Aujourd&rsquo;hui nous travaillerons sur les danses collectives, et plus particuli\u00e8rement sur le \u00ab\u00a0set dancing\u00a0\u00bb. On danse sur diff\u00e9rentes musiques\u00a0: les reels, les polkas, les jigs&#8230; Chacune a des \u00ab\u00a0sets\u00a0\u00bb diff\u00e9rents et selon les r\u00e9gions d&rsquo;Irlande, il y a diff\u00e9rentes fa\u00e7ons de danser sur une m\u00eame danse.\u00a0\u00bb<\/p>\n<p class=\"PopSlotParagraph qg-tx2 qg-xtra-lh svelte-1r0pyek\">Pour Karine Lu\u00e7on, sa plus grande d\u00e9couverte reste l&rsquo;univers des bals irlandais, appel\u00e9s ceili :\u00a0\u00ab\u00a0Ces bals regroupent des personnes de diff\u00e9rentes g\u00e9n\u00e9rations qui s&rsquo;entendaient si bien pour arriver \u00e0 danser ensemble. Et surtout\u00a0: ils ont une m\u00e9moire d&rsquo;\u00e9l\u00e9phant pour retenir tous les mouvements qu&rsquo;il faut faire. Tout est tr\u00e8s cod\u00e9 dans la danse irlandaise, il faut respecter \u00e7a et je trouve cette connaissance fascinante.\u00a0\u00bb<\/p>\n<p> Un duo irlandais de la r\u00e9gion du Clare pour faire danser les foules<\/p>\n<p class=\"PopSlotParagraph qg-tx2 qg-xtra-lh svelte-1r0pyek\">Qui dit danse dit musique\u2026 Pour d\u00e9buter les festivit\u00e9s autour de l\u2019Irlande, le festival Eurofonik a convi\u00e9 un duo de musiciens de la r\u00e9gion du Clare\u00a0: le joueur de violon &#8211; appel\u00e9 fiddle en irlandais &#8211; Eoghan Neff et\u00a0le joueur de cornemuse irlandaise Blackie O\u2019Connell\u00a0:<\/p>\n<p class=\"PopSlotParagraph qg-tx2 qg-xtra-lh svelte-1r0pyek\">\u00ab\u00a0Je joue de l\u2019uilleann pipes [cornemuse irlandaise]. C\u2019est un c\u00e9l\u00e8bre joueur de cornemuse, Mickey Dunne, qui vient du Comt\u00e9 de Limerick, qui m\u2019a form\u00e9. J\u2019ai commenc\u00e9 quand j\u2019avais 11 ou 12 ans, parce qu\u2019il faut \u00eatre physiquement assez grand pour pouvoir jouer de cet instrument. Mickey \u00e9tait le meilleur ami de mon p\u00e8re donc j\u2019ai toujours entendu cette musique et le son si particulier, si unique, de la cornemuse irlandaise.\u00a0Ensuite, je crois que tu deviens piper \/ cornemuseux quand tu commences \u00e0 jouer de cet instrument, \u00e7a prend un peu, voire m\u00eame beaucoup, le dessus sur ta vie. Quand j\u2019ai commenc\u00e9 \u00e0 jouer, j\u2019ai su tr\u00e8s vite que c\u2019\u00e9tait fait pour moi.\u00a0\u00bb<\/p>\n<p>  <img decoding=\"async\" class=\"Image-preview  svelte-1b9cmvl\" data-testid=\"image-preview\" src=\"data:image\/jpeg;charset=utf-8;base64, \/9j\/2wBDACgcHiMeGSgjISMtKygwPGRBPDc3PHtYXUlkkYCZlo+AjIqgtObDoKrarYqMyP\/L2u71\/\/\/\/m8H\/\/\/\/6\/+b9\/\/j\/2wBDASstLTw1PHZBQXb4pYyl+Pj4+Pj4+Pj4+Pj4+Pj4+Pj4+Pj4+Pj4+Pj4+Pj4+Pj4+Pj4+Pj4+Pj4+Pj4+Pj4+Pj\/wAARCAAbACoDASIAAhEBAxEB\/8QAFwAAAwEAAAAAAAAAAAAAAAAAAAEDAv\/EABcQAQEBAQAAAAAAAAAAAAAAAAARARL\/xAAWAQEBAQAAAAAAAAAAAAAAAAAAAQL\/xAAVEQEBAAAAAAAAAAAAAAAAAAAAEf\/aAAwDAQACEQMRAD8AhTqfQoqlOp06DdHSdLopEums1PDwFKKzgQOishGn\/9k=\" alt=\"\" aria-hidden=\"false\"\/>     <img decoding=\"async\" src=\"https:\/\/www.europesays.com\/fr\/wp-content\/uploads\/2025\/08\/860_sc_dsc-0101.jpg\" loading=\"lazy\" fetchpriority=\"low\" width=\"860\" height=\"573\" class=\"Image-main  svelte-1b9cmvl rounded\" data-testid=\"image-src\" alt=\"La Master Class anim\u00e9e par Blackie O'Connell \u00e0 la Maison de l'Europe de Nantes\" aria-hidden=\"false\" onload=\"this.__e=event\" onerror=\"this.__e=event\"\/> La Master Class anim\u00e9e par Blackie O&rsquo;Connell \u00e0 la Maison de l&rsquo;Europe de Nantes  &#8211; Marie Joly <\/p>\n<p class=\"PopSlotParagraph qg-tx2 qg-xtra-lh svelte-1r0pyek\">Blackie O\u2019Connell a profit\u00e9 de l\u2019occasion pour donner une Master Class autour de la musique de sa r\u00e9gion le Comt\u00e9 de Clare dans un des nombreux lieux qui accueille les concerts et \u00e9v\u00e9nements port\u00e9s par le festival. Ma\u00ebl Hougron et directeur d\u2019Eurofonik et du Nouveau Pavillon\u00a0:<\/p>\n<p class=\"PopSlotParagraph qg-tx2 qg-xtra-lh svelte-1r0pyek\">\u00ab\u00a0Nous sommes \u00e0 la maison de l&rsquo;Europe, sur l&rsquo;\u00eele de Nantes, c&rsquo;est un lieu d\u00e9di\u00e9 \u00e0 l&rsquo;Europe en g\u00e9n\u00e9ral, qui parle aussi de citoyennet\u00e9 et comme notre festival s&rsquo;appelle Eurofonik et porte des musiques d&rsquo;Europe, \u00e7a faisait sens de travailler ici. Mais ce n&rsquo;est pas notre &lsquo;maison&rsquo;, la structure qui porte le festival s&rsquo;appelle Le Nouveau pavillon. Cette association existe depuis 2003 et actuellement traverse de grosses grosses difficult\u00e9s. Historiquement, nous sommes bas\u00e9s \u00e0 Bouguenais, au sud de Nantes, mais nous avons d\u00fb annuler notre saison 2024\/25 apr\u00e8s de nombreuses coupes budg\u00e9taires. Pour l&rsquo;instant, nous y sommes encore mais dans une esp\u00e8ce de semi nomadit\u00e9, plus ou moins impos\u00e9e.\u00a0\u00bb<\/p>\n<p class=\"PopSlotParagraph qg-tx2 qg-xtra-lh svelte-1r0pyek\">Les coupes budg\u00e9taires repr\u00e9sentent \u00e0 la fois celles, drastiques, de la r\u00e9gion Pays de la Loire annonc\u00e9es en d\u00e9cembre dernier qui touchent directement le secteur de la culture avec moins 62% sur son fonctionnement, mais aussi celles du d\u00e9partement Loire Atlantique qui traverse une crise financi\u00e8re. Dans ce contexte, le festival Eurofonik et le Nouveau Pavillon cherchent \u00e0 r\u00e9sister.<\/p>\n<p> La cr\u00e9ation et l&rsquo;exp\u00e9rimentation au c\u0153ur du Nouveau Pavillon<\/p>\n<p class=\"PopSlotParagraph qg-tx2 qg-xtra-lh svelte-1r0pyek\">\u00ab\u00a0C&rsquo;est tout un \u00e9cosyst\u00e8me artisanal et fragile et qui se prend la situation de crise actuelle de plein fouet et peut-\u00eatre avec une urgence encore plus forte que d&rsquo;autres domaines esth\u00e9tiques, commente Ma\u00ebl Hougron. Apr\u00e8s, nous concernant, nous sommes les seuls en Pays de la Loire \u00e0 accompagner ces musiques, avec une particularit\u00e9\u00a0: dans le paysage national, nous avons une \u00e9tiquette ax\u00e9e sur la cr\u00e9ation. Nous ne travaillons pas du tout sur le volet autour du patrimoine culturel immat\u00e9riel. Donc tout nouveau projet, ou forme qu&rsquo;e l&rsquo;on mettrait en \u0153uvre, garderait cet accompagnement de la cr\u00e9ation. C&rsquo;est l\u00e0 qu&rsquo;est notre expertise et que les artistes ont grand besoin de lieux comme les n\u00f4tres pour les accueillir et les conseiller, les accompagner etc. L&rsquo;enjeu est vraiment l\u00e0.\u00a0\u00bb<\/p>\n<p class=\"PopSlotParagraph qg-tx2 qg-xtra-lh svelte-1r0pyek\">M\u00eame dans le cycle un peu plus traditionnel autour de la musique irlandaise, le c\u00f4t\u00e9 cr\u00e9atif port\u00e9 le festival \u00e9tait bien l\u00e0, gr\u00e2ce notamment au violoniste Eoghan Neff, compagnon de route de Blackie O\u2019Conell\u00a0:<\/p>\n<p class=\"PopSlotParagraph qg-tx2 qg-xtra-lh svelte-1r0pyek\">\u00ab\u00a0Mon bin\u00f4me avec qui j\u2019ai jou\u00e9 hier, Eoghan Neff, est un joueur de fiddle tr\u00e8s int\u00e9ressant. Il utilise beaucoup l\u2019\u00e9lectronique, le looper \/ les boucles sonores et il arrive \u00e0 cr\u00e9er un son tr\u00e8s fort avec son petit instrument. Avec la cornemuse \u00e7a fonctionne tr\u00e8s bien. Pour moi, la musique traditionnelle est vivante et continue d&rsquo;\u00e9voluer. Je me consid\u00e8re plut\u00f4t comme un musicien traditionnel et Eoghan serait plus exp\u00e9rimental donc on se retrouve au milieu. Tu peux t\u2019inspirer de choses qui viennent de diff\u00e9rents endroits, \u00e7a ne veut pas dire que tu oublies le pass\u00e9 et la tradition. Tu explores de nouvelles choses mais tu reviens toujours \u00e0 la musique traditionnelle car elle a toujours une place dans ton c\u0153ur.\u00a0\u00bb<\/p>\n<p class=\"PopSlotParagraph qg-tx2 qg-xtra-lh svelte-1r0pyek\">La 13e \u00e9dition du Festival Eurofonik se termine le 16 mars avec un bal de cl\u00f4ture au Centre chor\u00e9graphique national de Nantes. La musique sera anim\u00e9e par le groupe poitevin Ma Petite et le duo breton Rozenn Talec et Yannig Noguet.<\/p>\n","protected":false},"excerpt":{"rendered":"A Nantes, la 13e \u00e9dition du festival Eurofonik, qui a lieu cette ann\u00e9e du 5 au 16 mars,&hellip;\n","protected":false},"author":2,"featured_media":355732,"comment_status":"","ping_status":"","sticky":false,"template":"","format":"standard","meta":{"footnotes":""},"categories":[2818],"tags":[1111,11,1777,674,1011,27,766,12,2636,25],"class_list":{"0":"post-355731","1":"post","2":"type-post","3":"status-publish","4":"format-standard","5":"has-post-thumbnail","7":"category-nantes","8":"tag-actu","9":"tag-actualites","10":"tag-eu","11":"tag-europe","12":"tag-fr","13":"tag-france","14":"tag-nantes","15":"tag-news","16":"tag-pays-de-la-loire","17":"tag-republique-francaise"},"share_on_mastodon":{"url":"https:\/\/pubeurope.com\/@fr\/115121266663104010","error":""},"_links":{"self":[{"href":"https:\/\/www.europesays.com\/fr\/wp-json\/wp\/v2\/posts\/355731","targetHints":{"allow":["GET"]}}],"collection":[{"href":"https:\/\/www.europesays.com\/fr\/wp-json\/wp\/v2\/posts"}],"about":[{"href":"https:\/\/www.europesays.com\/fr\/wp-json\/wp\/v2\/types\/post"}],"author":[{"embeddable":true,"href":"https:\/\/www.europesays.com\/fr\/wp-json\/wp\/v2\/users\/2"}],"replies":[{"embeddable":true,"href":"https:\/\/www.europesays.com\/fr\/wp-json\/wp\/v2\/comments?post=355731"}],"version-history":[{"count":0,"href":"https:\/\/www.europesays.com\/fr\/wp-json\/wp\/v2\/posts\/355731\/revisions"}],"wp:featuredmedia":[{"embeddable":true,"href":"https:\/\/www.europesays.com\/fr\/wp-json\/wp\/v2\/media\/355732"}],"wp:attachment":[{"href":"https:\/\/www.europesays.com\/fr\/wp-json\/wp\/v2\/media?parent=355731"}],"wp:term":[{"taxonomy":"category","embeddable":true,"href":"https:\/\/www.europesays.com\/fr\/wp-json\/wp\/v2\/categories?post=355731"},{"taxonomy":"post_tag","embeddable":true,"href":"https:\/\/www.europesays.com\/fr\/wp-json\/wp\/v2\/tags?post=355731"}],"curies":[{"name":"wp","href":"https:\/\/api.w.org\/{rel}","templated":true}]}}