{"id":355733,"date":"2025-08-31T03:31:41","date_gmt":"2025-08-31T03:31:41","guid":{"rendered":"https:\/\/www.europesays.com\/fr\/355733\/"},"modified":"2025-08-31T03:31:41","modified_gmt":"2025-08-31T03:31:41","slug":"le-fc-nantes-vient-de-refuser-30-millions-deuros-pour-matthis-abline-lequipe","status":"publish","type":"post","link":"https:\/\/www.europesays.com\/fr\/355733\/","title":{"rendered":"Le FC Nantes vient de refuser 30 millions d&rsquo;euros pour Matthis Abline (L&rsquo;\u00c9quipe)"},"content":{"rendered":"<p data-v-e14a34bc=\"\">Arriv\u00e9 en U9 comme un jeune plein de r\u00eaves et d\u2019espoir,<strong><a href=\"https:\/\/tribunenantaise.fr\/actus-fcnantes\/mercato-nathan-zeze-signe-officiellement-en-arabie-saoudite-au-neom-sc\/\" target=\"_blank\" rel=\"noopener nofollow\"> Nathan Z\u00e9z\u00e9 est reparti du club comme la plus grosse vente de l\u2019histoire du club<\/a><\/strong>. Le montant de l\u2019accord trouv\u00e9 entre le FC Nantes et le club saoudien Neom SC<strong> s\u2019\u00e9l\u00e8ve \u00e0 20M\u20ac+3M\u20ac de bonus<\/strong>, soit au minimum 3M\u20ac d\u2019euros de plus que la vente d\u2019Emiliano Sala \u00e0 Cardiff City, ancienne d\u00e9tentrice du record.<\/p>\n<p>Abline, l\u2019attaquant convoit\u00e9 mais retenu<\/p>\n<p data-v-e14a34bc=\"\"><a href=\"https:\/\/www.lequipe.fr\/Football\/Article\/Malgre-les-sollicitations-le-fc-nantes-reste-ferme-pour-matthis-abline\/1588674\" target=\"_blank\" rel=\"noopener nofollow\">Selon L\u2019\u00c9quipe<\/a>, le FC Nantes vient de refuser ce jeudi une offre de 30 M\u20ac, hors bonus, propos\u00e9e par <strong>Wolverhampton (16e de Premier League 24-25).<\/strong> Un montant record d\u00e9clin\u00e9 par le club nantais qui compte sur l\u2019attaquant cette saison comme l\u2019a confi\u00e9 Luis Castro en conf\u00e9rence de presse <a href=\"https:\/\/tribunenantaise.fr\/actus-fcnantes\/abline-est-un-joueur-que-je-veux-aider-a-progresser-luis-castro-avant-strasbourg-nantes\/\" target=\"_blank\" rel=\"noopener nofollow\">\u00ab\u00a0<strong data-start=\"1235\" data-end=\"1427\">Abline est un joueur que je veux aider \u00e0 progresser\u00a0\u00bb.<\/strong><\/a> Pour rappel, le <strong data-start=\"1230\" data-end=\"1242\">Paris FC<\/strong> avait formul\u00e9 une offre de <strong data-start=\"1275\" data-end=\"1284\">25 M\u20ac.<\/strong><\/p>\n<p data-v-e14a34bc=\"\">La direction nantaise reste ferme sur son prix symbolique fix\u00e9 \u00e0 40 M\u20ac pour le joueur. Une valeur que l\u2019on peut d\u00e9sormais <strong>interpr\u00e9ter comme volontairement dissuasif<\/strong> tant le club est rest\u00e9 sur ses positions ces derniers mois.\u00a0Sous contrat jusqu\u2019en 2028, Abline reste une valeur s\u00fbre des Canaris apr\u00e8s ses <strong data-start=\"1113\" data-end=\"1155\">11 buts toutes comp\u00e9titions confondues<\/strong> l\u2019an pass\u00e9.<\/p>\n","protected":false},"excerpt":{"rendered":"Arriv\u00e9 en U9 comme un jeune plein de r\u00eaves et d\u2019espoir, Nathan Z\u00e9z\u00e9 est reparti du club comme&hellip;\n","protected":false},"author":2,"featured_media":355734,"comment_status":"","ping_status":"","sticky":false,"template":"","format":"standard","meta":{"footnotes":""},"categories":[2818],"tags":[1111,11,1777,674,1011,27,766,12,2636,25],"class_list":{"0":"post-355733","1":"post","2":"type-post","3":"status-publish","4":"format-standard","5":"has-post-thumbnail","7":"category-nantes","8":"tag-actu","9":"tag-actualites","10":"tag-eu","11":"tag-europe","12":"tag-fr","13":"tag-france","14":"tag-nantes","15":"tag-news","16":"tag-pays-de-la-loire","17":"tag-republique-francaise"},"share_on_mastodon":{"url":"https:\/\/pubeurope.com\/@fr\/115121270513780735","error":""},"_links":{"self":[{"href":"https:\/\/www.europesays.com\/fr\/wp-json\/wp\/v2\/posts\/355733","targetHints":{"allow":["GET"]}}],"collection":[{"href":"https:\/\/www.europesays.com\/fr\/wp-json\/wp\/v2\/posts"}],"about":[{"href":"https:\/\/www.europesays.com\/fr\/wp-json\/wp\/v2\/types\/post"}],"author":[{"embeddable":true,"href":"https:\/\/www.europesays.com\/fr\/wp-json\/wp\/v2\/users\/2"}],"replies":[{"embeddable":true,"href":"https:\/\/www.europesays.com\/fr\/wp-json\/wp\/v2\/comments?post=355733"}],"version-history":[{"count":0,"href":"https:\/\/www.europesays.com\/fr\/wp-json\/wp\/v2\/posts\/355733\/revisions"}],"wp:featuredmedia":[{"embeddable":true,"href":"https:\/\/www.europesays.com\/fr\/wp-json\/wp\/v2\/media\/355734"}],"wp:attachment":[{"href":"https:\/\/www.europesays.com\/fr\/wp-json\/wp\/v2\/media?parent=355733"}],"wp:term":[{"taxonomy":"category","embeddable":true,"href":"https:\/\/www.europesays.com\/fr\/wp-json\/wp\/v2\/categories?post=355733"},{"taxonomy":"post_tag","embeddable":true,"href":"https:\/\/www.europesays.com\/fr\/wp-json\/wp\/v2\/tags?post=355733"}],"curies":[{"name":"wp","href":"https:\/\/api.w.org\/{rel}","templated":true}]}}