{"id":355735,"date":"2025-08-31T03:32:10","date_gmt":"2025-08-31T03:32:10","guid":{"rendered":"https:\/\/www.europesays.com\/fr\/355735\/"},"modified":"2025-08-31T03:32:10","modified_gmt":"2025-08-31T03:32:10","slug":"lisle-sur-tarn-guido-cuisinier-passionne-propose-des-saveurs-asiatiques","status":"publish","type":"post","link":"https:\/\/www.europesays.com\/fr\/355735\/","title":{"rendered":"Lisle-sur-Tarn. Guido, cuisinier passionn\u00e9 propose des saveurs asiatiques"},"content":{"rendered":"<p>Guido Spanjerberg, bien qu\u2019il ait des origines hollandaises, n\u2019est pas un inconnu dans le mode de la restauration. Il est depuis 30 ans dans ce monde et a travaill\u00e9 au restaurant \u00ab\u00a0Le Colvert\u00a0\u00bb \u00e0 Saint-Lieux-l\u00e8s-Lavaur avant d\u2019\u00eatre aujourd\u2019hui chef de rang au restaurant du Ch\u00e2teau de Fiac. C\u2019est avant tout un passionn\u00e9 par la cr\u00e9ation et la d\u00e9couverte. Comme toute personne au moment du Covid, il a lui aussi d\u00fb s\u2019adapter aux contraintes. \u00c0 ce moment-l\u00e0, il a commenc\u00e9 \u00e0 faire des sushis car il aimait ces produits. Au d\u00e9but pour ses voisins de l\u2019\u00e9poque puis des amis et maintenant il a mont\u00e9 sa propre microentreprise \u00ab\u00a0Home Made Sushis\u00a0\u00bb qui propose des sushis faits maison par Guido lui-m\u00eame avec sa passion et sa g\u00e9n\u00e9rosit\u00e9. Maintenant qu\u2019il habite Lisle-sur-Tarn depuis une bonne ann\u00e9e, il vous propose la livraison gratuite pour les Lislois et fait aussi des livraisons sur Rabastens, Gaillac. Il est bon de r\u00e9server 24 heures \u00e0 48 heures en avance pour sa disponibilit\u00e9 par t\u00e9l\u00e9phone au 078 240 001 ou par sa page Facebook \u00ab\u00a0Guido Spanjerberg\u00a0\u00bb sur laquelle vous trouverez ses produits, sushis, makis, nems ou fondue chinoise. <\/p>\n","protected":false},"excerpt":{"rendered":"Guido Spanjerberg, bien qu\u2019il ait des origines hollandaises, n\u2019est pas un inconnu dans le mode de la restauration.&hellip;\n","protected":false},"author":2,"featured_media":355736,"comment_status":"","ping_status":"","sticky":false,"template":"","format":"standard","meta":{"footnotes":""},"categories":[2817],"tags":[1111,11,1997,1777,674,1011,27,12,2219,25],"class_list":{"0":"post-355735","1":"post","2":"type-post","3":"status-publish","4":"format-standard","5":"has-post-thumbnail","7":"category-bordeaux","8":"tag-actu","9":"tag-actualites","10":"tag-bordeaux","11":"tag-eu","12":"tag-europe","13":"tag-fr","14":"tag-france","15":"tag-news","16":"tag-nouvelle-aquitaine","17":"tag-republique-francaise"},"share_on_mastodon":{"url":"https:\/\/pubeurope.com\/@fr\/115121274463772361","error":""},"_links":{"self":[{"href":"https:\/\/www.europesays.com\/fr\/wp-json\/wp\/v2\/posts\/355735","targetHints":{"allow":["GET"]}}],"collection":[{"href":"https:\/\/www.europesays.com\/fr\/wp-json\/wp\/v2\/posts"}],"about":[{"href":"https:\/\/www.europesays.com\/fr\/wp-json\/wp\/v2\/types\/post"}],"author":[{"embeddable":true,"href":"https:\/\/www.europesays.com\/fr\/wp-json\/wp\/v2\/users\/2"}],"replies":[{"embeddable":true,"href":"https:\/\/www.europesays.com\/fr\/wp-json\/wp\/v2\/comments?post=355735"}],"version-history":[{"count":0,"href":"https:\/\/www.europesays.com\/fr\/wp-json\/wp\/v2\/posts\/355735\/revisions"}],"wp:featuredmedia":[{"embeddable":true,"href":"https:\/\/www.europesays.com\/fr\/wp-json\/wp\/v2\/media\/355736"}],"wp:attachment":[{"href":"https:\/\/www.europesays.com\/fr\/wp-json\/wp\/v2\/media?parent=355735"}],"wp:term":[{"taxonomy":"category","embeddable":true,"href":"https:\/\/www.europesays.com\/fr\/wp-json\/wp\/v2\/categories?post=355735"},{"taxonomy":"post_tag","embeddable":true,"href":"https:\/\/www.europesays.com\/fr\/wp-json\/wp\/v2\/tags?post=355735"}],"curies":[{"name":"wp","href":"https:\/\/api.w.org\/{rel}","templated":true}]}}