{"id":355737,"date":"2025-08-31T03:33:14","date_gmt":"2025-08-31T03:33:14","guid":{"rendered":"https:\/\/www.europesays.com\/fr\/355737\/"},"modified":"2025-08-31T03:33:14","modified_gmt":"2025-08-31T03:33:14","slug":"football-chateaubriant-depasse-par-bordeaux-sport","status":"publish","type":"post","link":"https:\/\/www.europesays.com\/fr\/355737\/","title":{"rendered":"Football. Ch\u00e2teaubriant d\u00e9pass\u00e9 par Bordeaux . Sport"},"content":{"rendered":"<p>Le missile de vingt-cinq m\u00e8tres d\u00e9coch\u00e9 par\u00a0Leroyer en premi\u00e8re p\u00e9riode a \u00e9t\u00e9 l\u2019une des rares \u00e9tincelles castelbriantaises hier \u00e0 la Ville en bois. Le num\u00e9ro\u00a09 &#8211; premier buteur de la saison des Voltigeurs &#8211; a ouvert superbement le score (36e) contre le cours du jeu face aux Girondins de Bordeaux. Les Bordelais ont tenu le ballon et eu plusieurs opportunit\u00e9s de marquer dans le premier acte notamment par Etonde (5e, 19e) qui a but\u00e9 deux fois sur Dram\u00e9 ou Shamal (13e, poteau).<\/p>\n<p>Michel Audrain (entra\u00eeneur de Ch\u00e2teaubriant) : \u00ab On ne court pas assez et on n\u2019est pas assez juste techniquement\u00bb<\/p>\n<p>Sous pression apr\u00e8s deux matches \u00e0 domicile sans faire trembler les filets (un nul et une d\u00e9faite), le FCGB a acc\u00e9l\u00e9r\u00e9 en seconde mi-temps, pouss\u00e9 par quelque 300\u00a0supporters. Le c\u00f4t\u00e9 droit de la d\u00e9fense de Ch\u00e2teaubriant a notamment \u00e9t\u00e9 mis au supplice. Trichard a d\u00e9livr\u00e9 deux centres d\u00e9cisifs pour Openda au second poteau (55e) et\u00a0Etonde au premier poteau (70e) imit\u00e9 par\u00a0Shamal pour Villette (66e). En un gros quart d\u2019heure, Bordeaux a envoy\u00e9 son adversaire dans les cordes (1-3). \u00ab\u00a0On marque un superbe but m\u00eame si on a souffert. On s\u2019est liqu\u00e9fi\u00e9 apr\u00e8s l\u2019\u00e9galisation. On a senti une \u00e9quipe tr\u00e8s affaiblie, tr\u00e8s g\u00ean\u00e9e. Je suis un peu d\u00e9\u00e7u du comportement individuel de tous les joueurs, a r\u00e9agi Michel Audrain, l\u2019entra\u00eeneur castelbriantais, tr\u00e8s d\u00e9\u00e7u. Mais si je n\u2019arrive pas \u00e0 faire jouer mon \u00e9quipe c\u2019est de ma faute. On ne court pas assez et on n\u2019est pas assez juste techniquement. On sent que c\u2019est une \u00e9quipe qui se cherche.\u00a0  En grande difficult\u00e9 dans tous les secteurs, les <a href=\"https:\/\/www.voltigeurs.fr\/\" target=\"_blank\" rel=\"noopener\">Voltigeurs<\/a>, inoffensifs, ont perdu un grand nombre de ballons au milieu de terrain, une f\u00e9brilit\u00e9 les emp\u00eachant de mettre en place leur jeu. D\u00e9j\u00e0 battus par Les Herbiers (0-2) puis \u00e0 Avranches (2-0), les Noir et Blanc ont conc\u00e9d\u00e9 leur troisi\u00e8me revers en autant de journ\u00e9es. Ils sont avant-derniers du groupe A de N2. Forc\u00e9ment inqui\u00e9tant.<\/p>\n<p>Voltigeurs de Ch\u00e2teaubriant &#8211; FC Girondins de Bordeaux<\/p>\n<p>1-3<\/p>\n<p>Buts\u00a0: Leroyer (36e) pour Ch\u00e2teaubriant\u00a0; Openda (55e), Villette (66e), Etonde (70e) pour Bordeaux<\/p>\n<p>\u00a0<\/p>\n","protected":false},"excerpt":{"rendered":"Le missile de vingt-cinq m\u00e8tres d\u00e9coch\u00e9 par\u00a0Leroyer en premi\u00e8re p\u00e9riode a \u00e9t\u00e9 l\u2019une des rares \u00e9tincelles castelbriantaises hier&hellip;\n","protected":false},"author":2,"featured_media":355738,"comment_status":"","ping_status":"","sticky":false,"template":"","format":"standard","meta":{"footnotes":""},"categories":[2817],"tags":[1111,11,2063,1997,1777,674,1011,27,1922,1393,2487,12,2219,1404,25,2923,6689,4251,853,9693],"class_list":{"0":"post-355737","1":"post","2":"type-post","3":"status-publish","4":"format-standard","5":"has-post-thumbnail","7":"category-bordeaux","8":"tag-actu","9":"tag-actualites","10":"tag-annonces","11":"tag-bordeaux","12":"tag-eu","13":"tag-europe","14":"tag-fr","15":"tag-france","16":"tag-info","17":"tag-loisirs","18":"tag-meteo","19":"tag-news","20":"tag-nouvelle-aquitaine","21":"tag-quotidien","22":"tag-republique-francaise","23":"tag-restaurants","24":"tag-roche","25":"tag-sortir","26":"tag-spectacles","27":"tag-yon"},"share_on_mastodon":{"url":"https:\/\/pubeurope.com\/@fr\/115121278424221468","error":""},"_links":{"self":[{"href":"https:\/\/www.europesays.com\/fr\/wp-json\/wp\/v2\/posts\/355737","targetHints":{"allow":["GET"]}}],"collection":[{"href":"https:\/\/www.europesays.com\/fr\/wp-json\/wp\/v2\/posts"}],"about":[{"href":"https:\/\/www.europesays.com\/fr\/wp-json\/wp\/v2\/types\/post"}],"author":[{"embeddable":true,"href":"https:\/\/www.europesays.com\/fr\/wp-json\/wp\/v2\/users\/2"}],"replies":[{"embeddable":true,"href":"https:\/\/www.europesays.com\/fr\/wp-json\/wp\/v2\/comments?post=355737"}],"version-history":[{"count":0,"href":"https:\/\/www.europesays.com\/fr\/wp-json\/wp\/v2\/posts\/355737\/revisions"}],"wp:featuredmedia":[{"embeddable":true,"href":"https:\/\/www.europesays.com\/fr\/wp-json\/wp\/v2\/media\/355738"}],"wp:attachment":[{"href":"https:\/\/www.europesays.com\/fr\/wp-json\/wp\/v2\/media?parent=355737"}],"wp:term":[{"taxonomy":"category","embeddable":true,"href":"https:\/\/www.europesays.com\/fr\/wp-json\/wp\/v2\/categories?post=355737"},{"taxonomy":"post_tag","embeddable":true,"href":"https:\/\/www.europesays.com\/fr\/wp-json\/wp\/v2\/tags?post=355737"}],"curies":[{"name":"wp","href":"https:\/\/api.w.org\/{rel}","templated":true}]}}