{"id":355748,"date":"2025-08-31T03:40:28","date_gmt":"2025-08-31T03:40:28","guid":{"rendered":"https:\/\/www.europesays.com\/fr\/355748\/"},"modified":"2025-08-31T03:40:28","modified_gmt":"2025-08-31T03:40:28","slug":"pres-de-lyon-letat-du-rhone-gache-la-fete-ce-grand-evenement-populaire-annule","status":"publish","type":"post","link":"https:\/\/www.europesays.com\/fr\/355748\/","title":{"rendered":"Pr\u00e8s de Lyon. L&rsquo;\u00e9tat du Rh\u00f4ne g\u00e2che la f\u00eate, ce grand \u00e9v\u00e9nement populaire annul\u00e9"},"content":{"rendered":"<p>            Par<br \/>\n        <strong><br \/>\n            <a href=\"https:\/\/actu.fr\/auteur\/julien-damboise\" title=\"Consulter tous les articles de Julien Damboise\" target=\"_blank\" rel=\"noopener\">Julien Damboise<\/a><br \/>\n        <\/strong><\/p>\n<p>        Publi\u00e9 le<\/p>\n<p>            30 ao\u00fbt 2025 \u00e0 6h04        <\/p>\n<p>\u00c9norme d\u00e9ception dans la commune de <a href=\"https:\/\/actu.fr\/auvergne-rhone-alpes\/vernaison_69260\" target=\"_blank\" rel=\"noopener\">Vernaison<\/a>, dans la m\u00e9tropole de <a href=\"https:\/\/actu.fr\/auvergne-rhone-alpes\/lyon_69123\" target=\"_blank\" rel=\"noopener\">Lyon<\/a>. La grande traditionnelle f<strong>\u00eate des joutes<\/strong>, pr\u00e9vue ces 30 et 31 ao\u00fbt 2025, a \u00e9t\u00e9 <strong>annul\u00e9e en derni\u00e8re minute<\/strong>. En cause, l\u2019\u00e9tat du <a href=\"https:\/\/actu.fr\/auvergne-rhone-alpes\/rhone_69\" target=\"_blank\" rel=\"noopener\">Rh\u00f4ne<\/a> o\u00f9 les comp\u00e9titions devaient se d\u00e9rouler. Explications.<\/p>\n<p>    <a href=\"https:\/\/www.google.com\/maps\/embed?pb=!1m18!1m12!1m3!1d211744.2070910489!2d4.81005240009132!3d45.62048444505349!2m3!1f0!2f0!3f0!3m2!1i1024!2i768!4f13.1!3m3!1m2!1s0x47f4e7d4e2cad32b%3A0x408ab2ae4bb1980!2sVernaison!5e1!3m2!1sfr!2sfr!4v1756474534194!5m2!1sfr!2sfr\" title=\"Ouvrie le lien\" target=\"_blank\" rel=\"noopener\">Cliquez ici pour visualiser le contenu<\/a><\/p>\n<p>Une r\u00e9union de crise<\/p>\n<p class=\" wall-content\">La d\u00e9cision est tomb\u00e9e le 26 ao\u00fbt, apr\u00e8s une r\u00e9union de crise entre, la Compagnie nationale du Rh\u00f4ne (CNR) et l\u2019Union Marini\u00e8re de Vernaison sur le site qui devaient accueillir les jouteurs durant les deux jours de festivit\u00e9s.<\/p>\n<p class=\" wall-content\">L\u2019\u00e9tat du bassin n\u2019est pas assez satisfaisant pour les organisateurs, notamment \u00e0 cause d\u2019un <strong>trop faible niveau d\u2019eau<\/strong> et d\u2019un <strong>envahissement par diff\u00e9rents v\u00e9g\u00e9taux<\/strong>.<\/p>\n<p>    <img   decoding=\"async\" loading=\"lazy\" src=\"https:\/\/www.europesays.com\/fr\/wp-content\/uploads\/2025\/08\/rhone-vernaison-joutes-vegetation-960x640.jpg\" alt=\"Des v\u00e9g\u00e9taux ont envahi le bassin o\u00f9 devaient se d\u00e9rouler les joutes.\" width=\"960\" height=\"640\"\/><br \/>\n    Des v\u00e9g\u00e9taux ont envahi le bassin dans lequel devaient se d\u00e9rouler les joutes. (\u00a9Union Marini\u00e8re de Vernaison)<\/p>\n<p class=\" wall-content\">Le traditionnel <strong>repas de fritures<\/strong>, programm\u00e9 dimanche, est \u00e9galement annul\u00e9.<\/p>\n<blockquote class=\"ac-article-quote wall-content\">\n<p>C&rsquo;est la premi\u00e8re fois dans l&rsquo;histoire contemporaine de l&rsquo;UMV qu&rsquo;aucune f\u00eate de joutes ne sera organis\u00e9e \u00e0 Vernaison au cours de la saison estivale. C&rsquo;est un immense regret.<\/p>\n<p>    <strong>Union Marini\u00e8re Vernaison<\/strong>\n            <\/p><\/blockquote>\n<p>Votre r\u00e9gion, votre actu !<\/p>\n<p>Recevez chaque jour les infos qui comptent pour vous.<\/p>\n<p>\t<a href=\"https:\/\/actu.fr\/newsletter\" class=\"ac-btn ac-btn--corner ac-btn--medium ac-btn--blue800\" target=\"_blank\" rel=\"noopener\">S&rsquo;incrire<\/a><br \/>\nDes solutions r\u00e9clam\u00e9es<\/p>\n<p class=\" wall-content\">D\u2019apr\u00e8s le collectif, le <strong>curage<\/strong> complet du bassin est pr\u00e9vu dans le cadre des travaux de renaturation du fleuve men\u00e9s par la CNR.<\/p>\n<p class=\" wall-content\">\u00ab\u00a0L\u2019op\u00e9ration a \u00e9t\u00e9 engag\u00e9e l\u2019automne 2024, mais n\u2019a pas pu \u00eatre r\u00e9alis\u00e9e en totalit\u00e9 avant le d\u00e9but de la saison de joute. Des travaux compl\u00e9mentaires ont \u00e9t\u00e9 diligent\u00e9s ce mois d\u2019ao\u00fbt, mais s\u2019av\u00e8rent in fine insuffisants\u00a0\u00bb, pr\u00e9cise l\u2019Union Marini\u00e8re.<\/p>\n<p class=\" wall-content\">D\u00e9sormais, \u00ab\u00a0le pr\u00e9sident et les 120 soci\u00e9taires <strong>souhaitent qu\u2019une v\u00e9ritable concertation<\/strong> s\u2019engage sur cette question avec l\u2019ensemble des parties prenantes\u00a0\u00bb.<\/p>\n<p>    <a href=\"https:\/\/www.facebook.com\/plugins\/post.php?href=https%3A%2F%2Fwww.facebook.com%2Fvernaison69%2Fposts%2Fpfbid0JQBGi6Gvkwonn1wrBMSkuZvHmYrbUea3pkzS5AujVh3QjKM3fiEANvcK4GqFn6YAl&amp;show_text=true&amp;width=350\" title=\"Ouvrie le lien\" target=\"_blank\" rel=\"noopener\">Cliquez ici pour visualiser le contenu<\/a><\/p>\n<p class=\" wall-content\">Le reste du festival des <a href=\"https:\/\/www.vernaison.fr\/pirateries-du-rhone\/\" target=\"_blank\" rel=\"noopener\">Pirateries du Rh\u00f4ne<\/a>, sauf le tournoi de joutes, est toujours programm\u00e9 avec notamment une ferme p\u00e9dagogique, une d\u00e9monstration de rapaces, un <strong>bal<\/strong> et un feu d\u2019artifice \u00e0 22 h 30 le samedi.<\/p>\n<p class=\" wall-content\">On ne sait pas si cette baisse du Rh\u00f4ne sur le site est li\u00e9e aux <a href=\"https:\/\/actu.fr\/meteo\/canicule-la-vigilance-rouge-activee-en-france-voici-ce-que-ca-implique-concretement-pour-vous_63020788.html\" target=\"_blank\" rel=\"noopener\">chaleurs exceptionnelles<\/a> qui se sont abattus sur le d\u00e9partement cet \u00e9t\u00e9, notamment quand a \u00e9t\u00e9 d\u00e9clench\u00e9e pendant 48 heures l\u2019<strong>alerte rouge canicule<\/strong>.<\/p>\n<p class=\" wall-content\">Durant cet \u00e9pisode, une temp\u00e9rature de 41\u00b0C avait \u00e9t\u00e9 relev\u00e9e \u00e0 Lyon, un record absolu a \u00e9t\u00e9 battu dans le d\u00e9partement, avec 37,2\u00b0C dans le petit village des <a href=\"https:\/\/actu.fr\/auvergne-rhone-alpes\/les-sauvages_69174\" target=\"_blank\" rel=\"noopener\">Sauvages<\/a> pourtant situ\u00e9 \u00e0 831 m\u00e8tres d\u2019altitude.<\/p>\n<p class=\" wall-content\">Personnalisez votre actualit\u00e9 en ajoutant vos villes et m\u00e9dias en favori avec <a href=\"https:\/\/moncompte.actu.fr\" title=\"D\u00e9couvez Mon Actu\" rel=\"nofollow noopener\" data-trk=\"{&quot;cta&quot;:{&quot;action&quot;:&quot;https:\\\/\\\/moncompte.actu.fr&quot;,&quot;category&quot;:&quot;mon compte&quot;,&quot;from&quot;:&quot;article footer&quot;,&quot;name&quot;:&quot;Mon actu&quot;,&quot;type&quot;:&quot;cta&quot;}}\" target=\"_blank\">Mon Actu<\/a>.<\/p>\n","protected":false},"excerpt":{"rendered":"Par Julien Damboise Publi\u00e9 le 30 ao\u00fbt 2025 \u00e0 6h04 \u00c9norme d\u00e9ception dans la commune de Vernaison, dans&hellip;\n","protected":false},"author":2,"featured_media":355749,"comment_status":"","ping_status":"","sticky":false,"template":"","format":"standard","meta":{"footnotes":""},"categories":[1889],"tags":[1111,11,2430,6698,1777,674,1011,27,2428,12,52,25,12817],"class_list":{"0":"post-355748","1":"post","2":"type-post","3":"status-publish","4":"format-standard","5":"has-post-thumbnail","7":"category-lyon","8":"tag-actu","9":"tag-actualites","10":"tag-auvergne-rhone-alpes","11":"tag-canicule","12":"tag-eu","13":"tag-europe","14":"tag-fr","15":"tag-france","16":"tag-lyon","17":"tag-news","18":"tag-planete","19":"tag-republique-francaise","20":"tag-secheresse"},"share_on_mastodon":{"url":"https:\/\/pubeurope.com\/@fr\/115121306309233257","error":""},"_links":{"self":[{"href":"https:\/\/www.europesays.com\/fr\/wp-json\/wp\/v2\/posts\/355748","targetHints":{"allow":["GET"]}}],"collection":[{"href":"https:\/\/www.europesays.com\/fr\/wp-json\/wp\/v2\/posts"}],"about":[{"href":"https:\/\/www.europesays.com\/fr\/wp-json\/wp\/v2\/types\/post"}],"author":[{"embeddable":true,"href":"https:\/\/www.europesays.com\/fr\/wp-json\/wp\/v2\/users\/2"}],"replies":[{"embeddable":true,"href":"https:\/\/www.europesays.com\/fr\/wp-json\/wp\/v2\/comments?post=355748"}],"version-history":[{"count":0,"href":"https:\/\/www.europesays.com\/fr\/wp-json\/wp\/v2\/posts\/355748\/revisions"}],"wp:featuredmedia":[{"embeddable":true,"href":"https:\/\/www.europesays.com\/fr\/wp-json\/wp\/v2\/media\/355749"}],"wp:attachment":[{"href":"https:\/\/www.europesays.com\/fr\/wp-json\/wp\/v2\/media?parent=355748"}],"wp:term":[{"taxonomy":"category","embeddable":true,"href":"https:\/\/www.europesays.com\/fr\/wp-json\/wp\/v2\/categories?post=355748"},{"taxonomy":"post_tag","embeddable":true,"href":"https:\/\/www.europesays.com\/fr\/wp-json\/wp\/v2\/tags?post=355748"}],"curies":[{"name":"wp","href":"https:\/\/api.w.org\/{rel}","templated":true}]}}