{"id":355750,"date":"2025-08-31T03:41:23","date_gmt":"2025-08-31T03:41:23","guid":{"rendered":"https:\/\/www.europesays.com\/fr\/355750\/"},"modified":"2025-08-31T03:41:23","modified_gmt":"2025-08-31T03:41:23","slug":"un-acte-intolerable-le-memorial-shoah-vandalise-le-maire-de-lyon-condamne","status":"publish","type":"post","link":"https:\/\/www.europesays.com\/fr\/355750\/","title":{"rendered":"\u00ab\u00a0Un acte intol\u00e9rable\u00a0\u00bb, le m\u00e9morial Shoah vandalis\u00e9, le maire de Lyon condamne"},"content":{"rendered":"<p>Inaugur\u00e9 le 26 janvier 2025, le m\u00e9morial d\u00e9di\u00e9 \u00e0 la m\u00e9moire des victimes de l&rsquo;Holocauste, \u00ab\u00a0les rails de la m\u00e9moire\u00a0\u00bb a \u00e9t\u00e9 recouvert d&rsquo;une mention \u00ab\u00a0Free Gaza\u00a0\u00bb sur la pierre en forme de st\u00e8le. Le maire de Lyon a condamn\u00e9 cette d\u00e9gradation.<\/p>\n<p>\n      La Quotidienne Soci\u00e9t\u00e9\n    <\/p>\n<p>\n      De la vie quotidienne aux grands enjeux, recevez tous les jours les sujets qui font la soci\u00e9t\u00e9 locale, comme la justice, l\u2019\u00e9ducation, la sant\u00e9 et la famille.\n    <\/p>\n<p>    France T\u00e9l\u00e9visions utilise votre adresse e-mail afin de vous envoyer la newsletter \u00ab\u00a0La Quotidienne Soci\u00e9t\u00e9\u00a0\u00bb. Vous pouvez vous d\u00e9sinscrire \u00e0 tout moment via le lien en bas de cette newsletter. <a target=\"_blank\" href=\"https:\/\/www.francetelevisions.fr\/groupe\/confidentialite\/politique-de-confidentialite\/politique-de-confidentialite-de-france-televisions-6503\" rel=\"nofollow noopener\">Notre politique de confidentialit\u00e9<\/a><\/p>\n<p>Sur la st\u00e8le pos\u00e9e devant la sculpture repr\u00e9sentant les rails qui menaient aux camps de concentration ont \u00e9t\u00e9 grav\u00e9es les mentions \u00ab\u00a0Free Gaza\u00a0\u00bb.\u00a0<\/p>\n<p>L&rsquo;\u0153uvre est constitu\u00e9e de 1 173 m\u00e8tres de rails, qui symbolisent les 1 173 kilom\u00e8tres s\u00e9parant Auschwitz de la gare Lyon-Perrache. Elle rend hommage en toutes lettres aux \u00ab\u00a06 millions de juifs victimes de la Shoah (1933-1945), dont 1,5 million d&rsquo;enfants. Elle a \u00e9t\u00e9 inaugur\u00e9e le 26 janvier 2025.<\/p>\n<p>Dans un communiqu\u00e9 publi\u00e9 ce samedi 30 ao\u00fbt, le maire de Lyon dit \u00ab\u00a0condamner\u00a0\u00bb cette \u00ab\u00a0d\u00e9gradation\u00a0\u00bb.<\/p>\n<p class=\"ftvi_citation_quote\">Je condamne et exprime toute ma solidarit\u00e9 aux associations de m\u00e9moire, aux rescap\u00e9s et \u00e0 leurs descendants. Les auteurs seront recherch\u00e9s et poursuivis. Lyon reste debout face \u00e0 la haine, \u00e0 l\u2019antis\u00e9mitisme et au racisme<\/p>\n<p>Gr\u00e9gory Doucet<\/p>\n<p class=\"ftvi_citation_source\">Maire, Les \u00e9cologistes, de Lyon<\/p>\n<p>Le 19 ao\u00fbt dernier, \u00e0 Villeurbanne, une plaque d&rsquo;hommage aux Justes avait \u00e9t\u00e9 arrach\u00e9e.<\/p>\n","protected":false},"excerpt":{"rendered":"Inaugur\u00e9 le 26 janvier 2025, le m\u00e9morial d\u00e9di\u00e9 \u00e0 la m\u00e9moire des victimes de l&rsquo;Holocauste, \u00ab\u00a0les rails de&hellip;\n","protected":false},"author":2,"featured_media":355751,"comment_status":"","ping_status":"","sticky":false,"template":"","format":"standard","meta":{"footnotes":""},"categories":[1889],"tags":[1111,11,2430,1777,674,1011,27,2428,12,25],"class_list":{"0":"post-355750","1":"post","2":"type-post","3":"status-publish","4":"format-standard","5":"has-post-thumbnail","7":"category-lyon","8":"tag-actu","9":"tag-actualites","10":"tag-auvergne-rhone-alpes","11":"tag-eu","12":"tag-europe","13":"tag-fr","14":"tag-france","15":"tag-lyon","16":"tag-news","17":"tag-republique-francaise"},"share_on_mastodon":{"url":"https:\/\/pubeurope.com\/@fr\/115121309763978859","error":""},"_links":{"self":[{"href":"https:\/\/www.europesays.com\/fr\/wp-json\/wp\/v2\/posts\/355750","targetHints":{"allow":["GET"]}}],"collection":[{"href":"https:\/\/www.europesays.com\/fr\/wp-json\/wp\/v2\/posts"}],"about":[{"href":"https:\/\/www.europesays.com\/fr\/wp-json\/wp\/v2\/types\/post"}],"author":[{"embeddable":true,"href":"https:\/\/www.europesays.com\/fr\/wp-json\/wp\/v2\/users\/2"}],"replies":[{"embeddable":true,"href":"https:\/\/www.europesays.com\/fr\/wp-json\/wp\/v2\/comments?post=355750"}],"version-history":[{"count":0,"href":"https:\/\/www.europesays.com\/fr\/wp-json\/wp\/v2\/posts\/355750\/revisions"}],"wp:featuredmedia":[{"embeddable":true,"href":"https:\/\/www.europesays.com\/fr\/wp-json\/wp\/v2\/media\/355751"}],"wp:attachment":[{"href":"https:\/\/www.europesays.com\/fr\/wp-json\/wp\/v2\/media?parent=355750"}],"wp:term":[{"taxonomy":"category","embeddable":true,"href":"https:\/\/www.europesays.com\/fr\/wp-json\/wp\/v2\/categories?post=355750"},{"taxonomy":"post_tag","embeddable":true,"href":"https:\/\/www.europesays.com\/fr\/wp-json\/wp\/v2\/tags?post=355750"}],"curies":[{"name":"wp","href":"https:\/\/api.w.org\/{rel}","templated":true}]}}