{"id":355760,"date":"2025-08-31T03:49:13","date_gmt":"2025-08-31T03:49:13","guid":{"rendered":"https:\/\/www.europesays.com\/fr\/355760\/"},"modified":"2025-08-31T03:49:13","modified_gmt":"2025-08-31T03:49:13","slug":"un-ex-policier-juge-aux-assises-de-paris-pour-feminicide-conjugal","status":"publish","type":"post","link":"https:\/\/www.europesays.com\/fr\/355760\/","title":{"rendered":"Un ex-policier jug\u00e9 aux assises de Paris pour f\u00e9minicide conjugal"},"content":{"rendered":"<p>En 2022, Arnaud Bonnefoy, gardien de la paix au commissariat du Blanc-Mesnil (Seine-Saint-Denis), \u00e2g\u00e9 \u00e0 l\u2019\u00e9poque de 29 ans, a avou\u00e9 avoir tu\u00e9 sa compagne.<\/p>\n<p class=\"fig-paragraph\">La cour d&rsquo;assises de Paris juge \u00e0 partir de mardi\u00a0<a href=\"http:\/\/www.lefigaro.fr\/faits-divers\/proces-requis-contre-le-policier-accuse-d-avoir-etrangle-sa-compagne-a-paris-20240823\" data-fig-type=\"NewsFlash\" data-gtm-custom-categorie=\"navigation\" data-gtm-custom-action=\"crossclick\" data-gtm-custom-label=\"Contextuel\" data-gtm-event=\"customEventSPE\" data-fig-domain=\"LEFIGARO\" target=\"_blank\" rel=\"noopener\">l&rsquo;ex-policier Arnaud Bonnefoy<\/a>, arr\u00eat\u00e9 d\u00e9but 2022 apr\u00e8s trois semaines de cavale, pour le meurtre de sa compagne Amanda Glain dans le nord-est de la capitale. L&rsquo;accus\u00e9, \u00e2g\u00e9 de 33 ans, encourt la r\u00e9clusion criminelle \u00e0 perp\u00e9tuit\u00e9 pour le meurtre de sa concubine de 28 ans, retrouv\u00e9e \u00e9trangl\u00e9e dans sa salle de bain. Le verdict est attendu jeudi.<\/p>\n<p class=\"fig-paragraph\">Le 28 janvier 2022, Arnaud Bonnefoy, gardien de la paix au commissariat du Blanc-Mesnil (Seine-Saint-Denis), \u00e2g\u00e9 \u00e0 l&rsquo;\u00e9poque de 29 ans, \u00abavait pr\u00e9venu son service qu&rsquo;il n&rsquo;irait pas travailler\u00bb, avait indiqu\u00e9 le parquet de Paris au moment de ses r\u00e9quisitions d\u00e9finitives. \u00abSes vell\u00e9it\u00e9s suicidaires \u00e9taient connues, sa hi\u00e9rarchie avait sollicit\u00e9 les policiers du XIXe arrondissement pour v\u00e9rifier son domicile\u00bb, o\u00f9 ils \u00abavaient d\u00e9couvert le corps sans vie de sa compagne\u00bb, avait poursuivi le minist\u00e8re public.<\/p>\n<p>                                    <a class=\"fig-a11y-skip a11y-hidden\" href=\"#fig-a11y-skip-main-inarticle\"><br \/>\n        Passer la publicit\u00e9<br \/>\n    <\/a><\/p>\n<p>Des semaines de cavales<\/p>\n<p class=\"fig-paragraph\">Le policier avait pris la fuite. Son v\u00e9hicule, son arme de service et deux chargeurs avaient \u00e9t\u00e9 retrouv\u00e9s les 11 et 12 f\u00e9vrier \u00e0 Amiens sur le parking d&rsquo;un fastfood, apr\u00e8s un appel \u00e0 t\u00e9moins. Selon des \u00e9l\u00e9ments de l&rsquo;enqu\u00eate obtenus par l&rsquo;AFP, il avait ensuite \u00e9t\u00e9 pris charge par le Samu social auquel il s&rsquo;\u00e9tait pr\u00e9sent\u00e9 sous une fausse identit\u00e9. Pendant sa fuite, son p\u00e8re l&rsquo;avait interpell\u00e9 \u00e0 la t\u00e9l\u00e9vision: \u00abArnaud, si tu me vois, si tu m&rsquo;entends, si tu vois ce message, je te demande de te rendre sans d\u00e9lai\u00bb.<\/p>\n<p class=\"fig-paragraph\">Apr\u00e8s trois semaines de cavale et des d\u00e9placements en covoiturage, le fils avait appel\u00e9 la gendarmerie le 22 f\u00e9vrier pour se signaler chez son p\u00e8re dans le Var, o\u00f9 il avait \u00e9t\u00e9 interpell\u00e9 sans r\u00e9sistance. \u00abIl est venu me dire adieu avant de se rendre. Toutes mes pens\u00e9es vont vers Amanda\u00bb, avait d\u00e9clar\u00e9 le p\u00e8re.<\/p>\n<p class=\"fig-paragraph\">Selon des \u00e9l\u00e9ments de l&rsquo;ordonnance de mise en accusation de septembre 2024 dont l&rsquo;AFP a eu connaissance, Arnaud Bonnefoy a indiqu\u00e9 qu&rsquo;Amanda Glain lui avait annonc\u00e9 son intention de le quitter. \u00abNe le supportant pas, il l&rsquo;avait \u00e9trangl\u00e9\u00bb, d&rsquo;apr\u00e8s l&rsquo;ordonnance. S&rsquo;il \u00abn&rsquo;a jamais express\u00e9ment verbalis\u00e9\u00bb devant la justice \u00abson intention de donner la mort \u00e0 Amanda Glain lors des faits, cette intention se d\u00e9duit de (ses) gestes\u00bb qui ne pouvaient \u00abavoir d&rsquo;autres issues que la mort\u00bb, tranche le juge d&rsquo;instruction.<\/p>\n<p>\u00abJe vais te crever\u00bb<\/p>\n<p class=\"fig-paragraph\">Le policier a par ailleurs \u00abexprim\u00e9 des regrets\u00bb et s&rsquo;est justifi\u00e9 en disant avoir \u00abperdu les p\u00e9dales\u00bb, dans un contexte de \u00abdisputes r\u00e9guli\u00e8res\u00bb. Mais l&rsquo;enqu\u00eate a pourtant \u00e9tabli, outre des fragilit\u00e9s psychologiques mat\u00e9rialis\u00e9es par une tentative de suicide en 2017, \u00abla dangerosit\u00e9\u00bb de ce policier, qui avait d\u00e9j\u00e0 \u00e9cop\u00e9 en 2019 d&rsquo;un stage de sensibilisation aux violences conjugales apr\u00e8s en avoir commis sur sa compagne de l&rsquo;\u00e9poque.<\/p>\n<p class=\"fig-paragraph\">Amanda Glain avait ainsi re\u00e7u de nombreuses menaces t\u00e9l\u00e9phoniques, telles que \u00abTu ne seras jamais en paix tant que je serai en vie\u00bb, des \u00abJe vais te crever\u00bb r\u00e9p\u00e9t\u00e9s, ou encore \u00abUn homme bless\u00e9 n&rsquo;a plus rien \u00e0 perdre\u00bb. En octobre 2020, soit un an et demi avant son meurtre, en pleine nuit, elle s&rsquo;\u00e9tait ainsi auto-adress\u00e9 des captures d&rsquo;\u00e9cran d&rsquo;\u00e9changes o\u00f9 Arnaud Bonnefoy la prenait \u00e0 partie, rang\u00e9es dans un dossier \u00abpreuves\u00bb, et avait dress\u00e9 une liste de \u00abpersonnes \u00e0 contacter au cas o\u00f9\u00bb.<\/p>\n<p>                                    <a class=\"fig-a11y-skip a11y-hidden\" href=\"#fig-a11y-skip-main-inarticle_mtf\"><br \/>\n        Passer la publicit\u00e9<br \/>\n    <\/a><\/p>\n<p class=\"fig-paragraph\">Selon une source polici\u00e8re, une enqu\u00eate de l&rsquo;Inspection g\u00e9n\u00e9rale de la police nationale (IGPN) \u00aba mis en lumi\u00e8re des d\u00e9fauts de contr\u00f4le \u00e0 l&rsquo;encontre d&rsquo;une partie de la cha\u00eene hi\u00e9rarchique de l&rsquo;int\u00e9ress\u00e9\u00bb, qui n&rsquo;a pas fait respecter une mesure de restriction de port d&rsquo;arme hors vacation visant Arnaud Bonnefoy, vieille de pr\u00e8s d&rsquo;un an, et \u00abdes sanctions disciplinaires ont \u00e9t\u00e9 propos\u00e9es\u00bb. En 2022, l&rsquo;ann\u00e9e des faits, 118 femmes ont \u00e9t\u00e9 victimes de f\u00e9minicide conjugal \u00e0 travers la France, selon les chiffres du minist\u00e8re de l&rsquo;Int\u00e9rieur.<\/p>\n","protected":false},"excerpt":{"rendered":"En 2022, Arnaud Bonnefoy, gardien de la paix au commissariat du Blanc-Mesnil (Seine-Saint-Denis), \u00e2g\u00e9 \u00e0 l\u2019\u00e9poque de 29&hellip;\n","protected":false},"author":2,"featured_media":355761,"comment_status":"","ping_status":"","sticky":false,"template":"","format":"standard","meta":{"footnotes":""},"categories":[1888],"tags":[11,1777,674,3555,1011,27,12,626,25,798],"class_list":{"0":"post-355760","1":"post","2":"type-post","3":"status-publish","4":"format-standard","5":"has-post-thumbnail","7":"category-paris","8":"tag-actualites","9":"tag-eu","10":"tag-europe","11":"tag-feminicide","12":"tag-fr","13":"tag-france","14":"tag-news","15":"tag-paris","16":"tag-republique-francaise","17":"tag-violences-conjugales"},"share_on_mastodon":{"url":"https:\/\/pubeurope.com\/@fr\/115121341418912890","error":""},"_links":{"self":[{"href":"https:\/\/www.europesays.com\/fr\/wp-json\/wp\/v2\/posts\/355760","targetHints":{"allow":["GET"]}}],"collection":[{"href":"https:\/\/www.europesays.com\/fr\/wp-json\/wp\/v2\/posts"}],"about":[{"href":"https:\/\/www.europesays.com\/fr\/wp-json\/wp\/v2\/types\/post"}],"author":[{"embeddable":true,"href":"https:\/\/www.europesays.com\/fr\/wp-json\/wp\/v2\/users\/2"}],"replies":[{"embeddable":true,"href":"https:\/\/www.europesays.com\/fr\/wp-json\/wp\/v2\/comments?post=355760"}],"version-history":[{"count":0,"href":"https:\/\/www.europesays.com\/fr\/wp-json\/wp\/v2\/posts\/355760\/revisions"}],"wp:featuredmedia":[{"embeddable":true,"href":"https:\/\/www.europesays.com\/fr\/wp-json\/wp\/v2\/media\/355761"}],"wp:attachment":[{"href":"https:\/\/www.europesays.com\/fr\/wp-json\/wp\/v2\/media?parent=355760"}],"wp:term":[{"taxonomy":"category","embeddable":true,"href":"https:\/\/www.europesays.com\/fr\/wp-json\/wp\/v2\/categories?post=355760"},{"taxonomy":"post_tag","embeddable":true,"href":"https:\/\/www.europesays.com\/fr\/wp-json\/wp\/v2\/tags?post=355760"}],"curies":[{"name":"wp","href":"https:\/\/api.w.org\/{rel}","templated":true}]}}