{"id":355764,"date":"2025-08-31T03:51:11","date_gmt":"2025-08-31T03:51:11","guid":{"rendered":"https:\/\/www.europesays.com\/fr\/355764\/"},"modified":"2025-08-31T03:51:11","modified_gmt":"2025-08-31T03:51:11","slug":"xi-jinping-accueille-vladimir-poutine-dans-le-cadre-dun-sommet-regional-en-chine","status":"publish","type":"post","link":"https:\/\/www.europesays.com\/fr\/355764\/","title":{"rendered":"Xi Jinping accueille Vladimir Poutine dans le cadre d\u2019un sommet r\u00e9gional en Chine"},"content":{"rendered":"<p>   Vladimir Poutine assistera \u00e0 un d\u00e9fil\u00e9 militaire \u00e0 P\u00e9kin             <\/p>\n<p class=\"post__live-container--answer-text post__space-node\">Le pr\u00e9sident russe est arriv\u00e9 dimanche matin \u00e0 Tianjin, dans le nord de la Chine, pour un sommet r\u00e9gional avec une vingtaine de dirigeants \u00e9trangers, suivi d\u2019une grande parade militaire \u00e0 P\u00e9kin en sa pr\u00e9sence, ont rapport\u00e9 les agences russes.<\/p>\n<p class=\"post__live-container--answer-text post__space-node\">Vladimir Poutine participe au sommet de l\u2019Organisation de coop\u00e9ration de Shangha\u00ef (OCS) dimanche et lundi autour du pr\u00e9sident chinois, Xi Jinping, avec notamment ses homologues iranien et turc, Massoud Pezeshkian et Recep Tayyip Erdogan.<\/p>\n<p class=\"post__live-container--answer-text post__space-node\">Le chef du Kremlin assistera mercredi \u00e0 un d\u00e9fil\u00e9 c\u00e9l\u00e9brant \u00e0 P\u00e9kin les 80\u00a0ans de la fin de la seconde guerre mondiale et la victoire contre le Japon, o\u00f9 est \u00e9galement attendu le dirigeant nord-cor\u00e9en, Kim Jong-un.<\/p>\n","protected":false},"excerpt":{"rendered":"Vladimir Poutine assistera \u00e0 un d\u00e9fil\u00e9 militaire \u00e0 P\u00e9kin Le pr\u00e9sident russe est arriv\u00e9 dimanche matin \u00e0 Tianjin,&hellip;\n","protected":false},"author":2,"featured_media":355765,"comment_status":"","ping_status":"","sticky":false,"template":"","format":"standard","meta":{"footnotes":""},"categories":[1590],"tags":[11,1777,674,12,220],"class_list":{"0":"post-355764","1":"post","2":"type-post","3":"status-publish","4":"format-standard","5":"has-post-thumbnail","7":"category-ukraine","8":"tag-actualites","9":"tag-eu","10":"tag-europe","11":"tag-news","12":"tag-ukraine"},"share_on_mastodon":{"url":"https:\/\/pubeurope.com\/@fr\/115121349189765692","error":""},"_links":{"self":[{"href":"https:\/\/www.europesays.com\/fr\/wp-json\/wp\/v2\/posts\/355764","targetHints":{"allow":["GET"]}}],"collection":[{"href":"https:\/\/www.europesays.com\/fr\/wp-json\/wp\/v2\/posts"}],"about":[{"href":"https:\/\/www.europesays.com\/fr\/wp-json\/wp\/v2\/types\/post"}],"author":[{"embeddable":true,"href":"https:\/\/www.europesays.com\/fr\/wp-json\/wp\/v2\/users\/2"}],"replies":[{"embeddable":true,"href":"https:\/\/www.europesays.com\/fr\/wp-json\/wp\/v2\/comments?post=355764"}],"version-history":[{"count":0,"href":"https:\/\/www.europesays.com\/fr\/wp-json\/wp\/v2\/posts\/355764\/revisions"}],"wp:featuredmedia":[{"embeddable":true,"href":"https:\/\/www.europesays.com\/fr\/wp-json\/wp\/v2\/media\/355765"}],"wp:attachment":[{"href":"https:\/\/www.europesays.com\/fr\/wp-json\/wp\/v2\/media?parent=355764"}],"wp:term":[{"taxonomy":"category","embeddable":true,"href":"https:\/\/www.europesays.com\/fr\/wp-json\/wp\/v2\/categories?post=355764"},{"taxonomy":"post_tag","embeddable":true,"href":"https:\/\/www.europesays.com\/fr\/wp-json\/wp\/v2\/tags?post=355764"}],"curies":[{"name":"wp","href":"https:\/\/api.w.org\/{rel}","templated":true}]}}