{"id":355766,"date":"2025-08-31T03:52:10","date_gmt":"2025-08-31T03:52:10","guid":{"rendered":"https:\/\/www.europesays.com\/fr\/355766\/"},"modified":"2025-08-31T03:52:10","modified_gmt":"2025-08-31T03:52:10","slug":"trump-annonce-des-changements-concernant-le-systeme-electoral-americain","status":"publish","type":"post","link":"https:\/\/www.europesays.com\/fr\/355766\/","title":{"rendered":"Trump annonce des changements concernant le syst\u00e8me \u00e9lectoral am\u00e9ricain"},"content":{"rendered":"<p>Depuis des ann\u00e9es, le r\u00e9publicain r\u00e9clame la fin des machines \u00e0 voter \u00e9lectroniques, pr\u00f4nant l\u2019utilisation de bulletins de vote papier et le d\u00e9pouillement manuel.<\/p>\n<p class=\"fig-paragraph\">Le pr\u00e9sident am\u00e9ricain\u00a0<a href=\"http:\/\/www.lefigaro.fr\/international\/dossier\/donald-trump-investi-47e-president-des-etats-unis-notre-dossier-pour-tout-comprendre\" data-fig-type=\"Topic\" data-gtm-custom-categorie=\"navigation\" data-gtm-custom-action=\"crossclick\" data-gtm-custom-label=\"Contextuel\" data-gtm-event=\"customEventSPE\" data-fig-domain=\"LEFIGARO\" rel=\"nofollow noopener\" target=\"_blank\">Donald Trump<\/a>\u00a0a annonc\u00e9 samedi qu\u2019il publierait un d\u00e9cret exigeant l\u2019identification de chaque \u00e9lecteur. \u00abLa pi\u00e8ce d\u2019identit\u00e9 \u00e9lectorale doit figurer sur chaque vote. AUCUNE EXCEPTION\u00a0! Je vais prendre un d\u00e9cret \u00e0 cet effet\u00a0!\u00bb, a d\u00e9clar\u00e9 Trump sur Truth Social. \u00abDe plus, pas de vote par correspondance, sauf pour les personnes tr\u00e8s malades et les militaires \u00e9loign\u00e9s\u00bb, a-t-il ajout\u00e9.<\/p>\n<p>Trump remet depuis longtemps en question le syst\u00e8me \u00e9lectoral am\u00e9ricain et continue d\u2019affirmer \u00e0 tort que sa d\u00e9faite de 2020 face au pr\u00e9sident d\u00e9mocrate Joe Biden \u00e9tait le r\u00e9sultat d\u2019une fraude g\u00e9n\u00e9ralis\u00e9e. Le pr\u00e9sident et ses alli\u00e9s r\u00e9publicains ont \u00e9galement avanc\u00e9 des all\u00e9gations infond\u00e9es concernant le vote massif des non-citoyens, un ph\u00e9nom\u00e8ne ill\u00e9gal et rare.<\/p>\n<p>Les \u00e9lections du 3 novembre 2026<\/p>\n<p class=\"fig-paragraph\">Depuis des ann\u00e9es, il r\u00e9clame \u00e9galement la fin des machines \u00e0 voter \u00e9lectroniques, pr\u00f4nant l\u2019utilisation de bulletins de vote papier et le d\u00e9pouillement manuel \u2013 un processus que les responsables \u00e9lectoraux jugent long, co\u00fbteux et bien moins pr\u00e9cis que le d\u00e9pouillement automatique.<\/p>\n<p>D\u00e9but ao\u00fbt, Trump s\u2019est engag\u00e9 \u00e0 promulguer un d\u00e9cret visant \u00e0 mettre fin au vote par correspondance et aux machines \u00e0 voter avant les \u00e9lections de mi-mandat de 2026. Cependant, les \u00e9lections f\u00e9d\u00e9rales sont administr\u00e9es au niveau des \u00c9tats et il n\u2019est pas certain que le pr\u00e9sident dispose du pouvoir constitutionnel d\u2019adopter une telle mesure.<\/p>\n<p>Les \u00e9lections du 3 novembre 2026 constitueront le premier r\u00e9f\u00e9rendum national sur la politique int\u00e9rieure et \u00e9trang\u00e8re de Trump depuis son retour au pouvoir en janvier. Les d\u00e9mocrates chercheront \u00e0 briser l\u2019emprise des r\u00e9publicains sur la Chambre des repr\u00e9sentants et le S\u00e9nat afin de bloquer le programme int\u00e9rieur de Trump.<\/p>\n","protected":false},"excerpt":{"rendered":"Depuis des ann\u00e9es, le r\u00e9publicain r\u00e9clame la fin des machines \u00e0 voter \u00e9lectroniques, pr\u00f4nant l\u2019utilisation de bulletins de&hellip;\n","protected":false},"author":2,"featured_media":355767,"comment_status":"","ping_status":"","sticky":false,"template":"","format":"standard","meta":{"footnotes":""},"categories":[1589],"tags":[11,75,49178,73,1866,12,1864,1865,1863,308],"class_list":{"0":"post-355766","1":"post","2":"type-post","3":"status-publish","4":"format-standard","5":"has-post-thumbnail","7":"category-etats-unis","8":"tag-actualites","9":"tag-donald-trump","10":"tag-election-americaine","11":"tag-etats-unis","12":"tag-etats-unis-damerique","13":"tag-news","14":"tag-united-states","15":"tag-united-states-of-america","16":"tag-us","17":"tag-usa"},"share_on_mastodon":{"url":"https:\/\/pubeurope.com\/@fr\/115121353157047449","error":""},"_links":{"self":[{"href":"https:\/\/www.europesays.com\/fr\/wp-json\/wp\/v2\/posts\/355766","targetHints":{"allow":["GET"]}}],"collection":[{"href":"https:\/\/www.europesays.com\/fr\/wp-json\/wp\/v2\/posts"}],"about":[{"href":"https:\/\/www.europesays.com\/fr\/wp-json\/wp\/v2\/types\/post"}],"author":[{"embeddable":true,"href":"https:\/\/www.europesays.com\/fr\/wp-json\/wp\/v2\/users\/2"}],"replies":[{"embeddable":true,"href":"https:\/\/www.europesays.com\/fr\/wp-json\/wp\/v2\/comments?post=355766"}],"version-history":[{"count":0,"href":"https:\/\/www.europesays.com\/fr\/wp-json\/wp\/v2\/posts\/355766\/revisions"}],"wp:featuredmedia":[{"embeddable":true,"href":"https:\/\/www.europesays.com\/fr\/wp-json\/wp\/v2\/media\/355767"}],"wp:attachment":[{"href":"https:\/\/www.europesays.com\/fr\/wp-json\/wp\/v2\/media?parent=355766"}],"wp:term":[{"taxonomy":"category","embeddable":true,"href":"https:\/\/www.europesays.com\/fr\/wp-json\/wp\/v2\/categories?post=355766"},{"taxonomy":"post_tag","embeddable":true,"href":"https:\/\/www.europesays.com\/fr\/wp-json\/wp\/v2\/tags?post=355766"}],"curies":[{"name":"wp","href":"https:\/\/api.w.org\/{rel}","templated":true}]}}