{"id":355770,"date":"2025-08-31T03:54:14","date_gmt":"2025-08-31T03:54:14","guid":{"rendered":"https:\/\/www.europesays.com\/fr\/355770\/"},"modified":"2025-08-31T03:54:14","modified_gmt":"2025-08-31T03:54:14","slug":"duel-au-mondial-de-volley","status":"publish","type":"post","link":"https:\/\/www.europesays.com\/fr\/355770\/","title":{"rendered":"Duel au Mondial de Volley"},"content":{"rendered":"<p>Rendez-vous d\u00e9cisif. L&rsquo;Italie est pr\u00eate \u00e0 affronter l&rsquo;Allemagne dans les huiti\u00e8mes de finale du championnat du monde de volley f\u00e9minin qui se d\u00e9roulent \u00e0 Bangkok. Dans le m\u00eame stade, l&rsquo;\u00e9quipe nationale a remport\u00e9 la Ligue des Nations l&rsquo;ann\u00e9e derni\u00e8re. Le match entre l&rsquo;Italie et l&rsquo;Allemagne, valable pour les huiti\u00e8mes de finale du championnat du monde de volley f\u00e9minin, est pr\u00e9vu \u00e0 12 heures (heure italienne). Le match se joue au Pala Huamark de Bangkok (Tha\u00eflande). Le match qui verra les filles de Velasco en action sera diffus\u00e9 en direct sur Rai 2, \u00e9galement disponible en streaming sur Rai Play. Pour ceux qui ont un abonnement, le match sera \u00e9galement diffus\u00e9 sur Dazn et VolleyballWorld.com. La formation de l&rsquo;Italie est confirm\u00e9e : Orro-Egonu, Sylla-Nervini, Fahr-Danesi, De Gennaro. L&rsquo;Italie a termin\u00e9 en t\u00eate du \u00ab\u00a0Pool B\u00a0\u00bb en remportant les matchs contre la Slovaquie, Cuba et la Belgique. Le vainqueur du match entre les Azzurre et l&rsquo;Allemagne affrontera le vainqueur entre la Belgique et la Pologne qui s&rsquo;affrontent cet apr\u00e8s-midi \u00e0 15h30. Le match \u00e9ventuel des quarts de finale se jouera le 3 septembre, les demi-finales le 6 septembre et la finale le 7. L&rsquo;Italie remporte le premier set 25-22. Nervini se distingue encore une fois, inscrivant 5 points et offrant une excellente performance d\u00e9fensive. Egonu et Danesi doivent encore progresser. Jusqu&rsquo;\u00e0 pr\u00e9sent, la diff\u00e9rence entre les deux \u00e9quipes s&rsquo;est fait sentir, mais l&rsquo;Allemagne s&rsquo;est montr\u00e9e dangereuse. L&rsquo;Italie remporte le deuxi\u00e8me set 25-18. Dans la partie finale du set, le bloc des filles de Velasco s&rsquo;est r\u00e9v\u00e9l\u00e9 d\u00e9cisif. Les Azzurre r\u00e9ussissent \u00e0 marquer sept points d&rsquo;affil\u00e9e et concluent avec une excellente diagonale de Sylla. L&rsquo;Italie s&rsquo;est lib\u00e9r\u00e9e et la diff\u00e9rence avec l&rsquo;Allemagne est devenue \u00e9vidente. La diff\u00e9rence \u00e9tait grande dans le dernier set. L&rsquo;adversaire sera le vainqueur entre la Pologne et la Belgique.<\/p>\n<p>\n\u00a9 TOUS DROITS R\u00c9SERV\u00c9S <br \/>Cet article est traduit automatiquement <\/p>\n","protected":false},"excerpt":{"rendered":"Rendez-vous d\u00e9cisif. L&rsquo;Italie est pr\u00eate \u00e0 affronter l&rsquo;Allemagne dans les huiti\u00e8mes de finale du championnat du monde de&hellip;\n","protected":false},"author":2,"featured_media":355771,"comment_status":"","ping_status":"","sticky":false,"template":"","format":"standard","meta":{"footnotes":""},"categories":[1587],"tags":[11,672,1804,1805,1803,1777,674,1801,12,1802],"class_list":{"0":"post-355770","1":"post","2":"type-post","3":"status-publish","4":"format-standard","5":"has-post-thumbnail","7":"category-allemagne","8":"tag-actualites","9":"tag-allemagne","10":"tag-bundesrepublik-deutschland","11":"tag-de","12":"tag-deutschland","13":"tag-eu","14":"tag-europe","15":"tag-germany","16":"tag-news","17":"tag-republique-federale-dallemagne"},"share_on_mastodon":{"url":"https:\/\/pubeurope.com\/@fr\/115121361794715124","error":""},"_links":{"self":[{"href":"https:\/\/www.europesays.com\/fr\/wp-json\/wp\/v2\/posts\/355770","targetHints":{"allow":["GET"]}}],"collection":[{"href":"https:\/\/www.europesays.com\/fr\/wp-json\/wp\/v2\/posts"}],"about":[{"href":"https:\/\/www.europesays.com\/fr\/wp-json\/wp\/v2\/types\/post"}],"author":[{"embeddable":true,"href":"https:\/\/www.europesays.com\/fr\/wp-json\/wp\/v2\/users\/2"}],"replies":[{"embeddable":true,"href":"https:\/\/www.europesays.com\/fr\/wp-json\/wp\/v2\/comments?post=355770"}],"version-history":[{"count":0,"href":"https:\/\/www.europesays.com\/fr\/wp-json\/wp\/v2\/posts\/355770\/revisions"}],"wp:featuredmedia":[{"embeddable":true,"href":"https:\/\/www.europesays.com\/fr\/wp-json\/wp\/v2\/media\/355771"}],"wp:attachment":[{"href":"https:\/\/www.europesays.com\/fr\/wp-json\/wp\/v2\/media?parent=355770"}],"wp:term":[{"taxonomy":"category","embeddable":true,"href":"https:\/\/www.europesays.com\/fr\/wp-json\/wp\/v2\/categories?post=355770"},{"taxonomy":"post_tag","embeddable":true,"href":"https:\/\/www.europesays.com\/fr\/wp-json\/wp\/v2\/tags?post=355770"}],"curies":[{"name":"wp","href":"https:\/\/api.w.org\/{rel}","templated":true}]}}