{"id":355776,"date":"2025-08-31T03:57:25","date_gmt":"2025-08-31T03:57:25","guid":{"rendered":"https:\/\/www.europesays.com\/fr\/355776\/"},"modified":"2025-08-31T03:57:25","modified_gmt":"2025-08-31T03:57:25","slug":"classement-general-et-resultats-apres-la-8e-etape","status":"publish","type":"post","link":"https:\/\/www.europesays.com\/fr\/355776\/","title":{"rendered":"Classement g\u00e9n\u00e9ral et r\u00e9sultats apr\u00e8s la 8e \u00e9tape"},"content":{"rendered":"<p>Samedi, la 8e \u00e9tape de la <a href=\"https:\/\/www.20minutes.fr\/sport\/cyclisme\/4170312-20250830-vuelta-2025-parcours-profil-8e-etape-tour-espagne-samedi-30-aout\" class=\"c-link c-link--is-underlined\" rel=\"nofollow noopener\" target=\"_blank\">Vuelta<\/a> 2025, entre Monzon Templario et Saragosse a \u00e9t\u00e9 remport\u00e9e par Jasper Philipsen, plus rapide sur le sprint massif dans la ville de Goya. Le coureur <a href=\"https:\/\/www.20minutes.fr\/dossier\/belge\" class=\"c-link c-link--is-underlined\" rel=\"nofollow noopener\" target=\"_blank\">belge<\/a> de la formation Alpecin &#8211; Deceuninck s&rsquo;impose \u00e0 la photo-finish devant Elia Viviani (Lotto) et Ethan Vernon (Israel-PremierTech) pour lever les bras pour la deuxi\u00e8me fois de ce Tour d&rsquo;Espagne. Celui qui avait d\u00e9j\u00e0 \u00e9t\u00e9 vainqueur lors de l&rsquo;\u00e9tape inaugurale a d\u00fb \u00e9viter l&rsquo;Italien, qui lui a ferm\u00e9 la porte dans les derniers m\u00e8tres.<\/p>\n<p>La seule \u00e9chapp\u00e9e de la journ\u00e9e n&rsquo;a rien donn\u00e9 et le Norv\u00e9gien Torstein Traeen (Bahrain-Victorious) conserve le Maillot Rouge avec 2&rsquo;33 d&rsquo;avance sur Jonas Vingegaard (Visma Lease a Bike). Le premier Fran\u00e7ais, Bryan Coquard (Cofidis) a termin\u00e9 6e.<\/p>\n<p class=\"mb-xxl@xs color-ultramarine font-weight-semi-bold@xs font-source-serif-pro heading-s@xs\">L\u2019acc\u00e8s \u00e0 ce contenu a \u00e9t\u00e9 bloqu\u00e9 afin de respecter votre choix de consentement<\/p>\n<p class=\"mb-m@xs text-l@xs\">En cliquant sur\u00ab J\u2019accepte \u00bb, vous acceptez le d\u00e9p\u00f4t de cookies par des services externes et aurez ainsi acc\u00e8s aux contenus de nos partenaires.<\/p>\n<p class=\"mb-xl@xs text-s@xs\">Plus d\u2019informations sur la page<a href=\"https:\/\/www.20minutes.fr\/gestion-cookies\" class=\"mx-xxs@xs color-ultramarine\" rel=\"nofollow noopener\" target=\"_blank\">Politique de gestion des cookies<\/a><\/p>\n<p>J\u2019accepte\ud83c\udfc1 Stage 8\u20e3  | Etapa 8\u20e3 \ud83c\udfc6 Jasper Philipsen &#8211; @AlpecinDCK \ud83c\udfc6 \ud83d\ude80 \ud835\udc13\ud835\udc07\ud835\udc04 \ud835\udc12\ud835\udc13\ud835\udc11\ud835\udc0e\ud835\udc0d\ud835\udc06\ud835\udc04\ud835\udc12\ud835\udc13 \ud835\udc0e\ud835\udc05 \ud835\udc13\ud835\udc07\ud835\udc04\ud835\udc0c \ud835\udc00\ud835\udc0b\ud835\udc0b@ciclistacofidis | #LaVuelta25 pic.twitter.com\/OeIdCxMGPo\u2014 La Vuelta (@lavuelta) August 30, 2025Le classement de la 8e \u00e9tape de la Vuelta 2025<\/p>\n<ol>\n<li>Jasper Philipsen &#8211; Alpecin-Deceuninck &#8211; 03h43&rsquo;48\u00a0\u00bb<\/li>\n<li>Elia Viviani &#8211; Lotto \u00e0 0&Prime;<\/li>\n<li>Ethan Vernon &#8211; Israel &#8211; Premier Tech \u00e0 0&Prime;<\/li>\n<li>Arne Marit &#8211; Intermarch\u00e9 &#8211; Wanty \u00e0 0&Prime;<\/li>\n<li>Anders Foldager &#8211; Jayco AlUla \u00e0 0&Prime;<\/li>\n<li>Bryan Coquard &#8211; <a href=\"https:\/\/www.20minutes.fr\/dossier\/cofidis\" class=\"c-link c-link--is-underlined\" rel=\"nofollow noopener\" target=\"_blank\">Cofidis<\/a> \u00e0 0&Prime;<\/li>\n<li>Madis Mihkels &#8211; EF Education &#8211; Easy Post \u00e0 0&Prime;<\/li>\n<li>Thibaud Gruel &#8211; Groupama-FDJ \u00e0 0&Prime;<\/li>\n<li>Fabio Christen &#8211; Q36.5 \u00e0 0&Prime;<\/li>\n<li>Ben Turner &#8211; Ineos Grenadiers \u00e0 0&Prime;<\/li>\n<\/ol>\n<p><a href=\"https:\/\/www.lavuelta.es\/fr\/classements\" target=\"_blank\" class=\"c-link c-btn c-btn--primary\" rel=\"nofollow noopener\">Le classement complet de la 8e \u00e9tape de la Vuelta<\/a>Le classement g\u00e9n\u00e9ral apr\u00e8s la 8e \u00e9tape de la Vuelta 2025<\/p>\n<ol>\n<li>Torstein Traeen &#8211; Bahrain Victorious 29h01&rsquo;50\u00a0\u00bb<\/li>\n<li>Jonas Vingegaard &#8211; Visma Lease a Bike \u00e0 02&rsquo;33\u00a0\u00bb<\/li>\n<li>Jo\u00e3o Almeida &#8211; UAE Team Emirates \u00e0 02&rsquo;41\u00a0\u00bb<\/li>\n<li>Giulio Ciccone &#8211; <a href=\"https:\/\/www.20minutes.fr\/economie\/lidl\/\" class=\"c-link c-link--is-underlined\" rel=\"nofollow noopener\" target=\"_blank\">Lidl<\/a> &#8211; Trek \u00e0 02&rsquo;42\u00a0\u00bb<\/li>\n<li>Lorenzo Fortunato &#8211; XDS <a href=\"https:\/\/www.20minutes.fr\/sport\/astana\/\" class=\"c-link c-link--is-underlined\" rel=\"nofollow noopener\" target=\"_blank\">Astana<\/a> \u00e0 02&rsquo;47\u00a0\u00bb<\/li>\n<li>Matteo Jorgenson &#8211; Visma Lease a Bike \u00e0 02&rsquo;49\u00a0\u00bb<\/li>\n<li>Jai Hindley &#8211; RedBull &#8211; Bora-Hansgrohe \u00e0 02&rsquo;53\u00a0\u00bb<\/li>\n<li>Giulio Pellizzari RedBull &#8211; Bora-Hansgrohe \u00e0 02&rsquo;53\u00a0\u00bb<\/li>\n<li>Egan Bernal- Ineos Grenadiers \u00e0 02&rsquo;55\u00a0\u00bb<\/li>\n<li>Felix Gall &#8211; Decathlon AG2R La Mondiale \u00e0 02&rsquo;58\u00a0\u00bb<\/li>\n<\/ol>\n<p><a href=\"https:\/\/www.lavuelta.es\/fr\/classements\" class=\"c-link c-btn c-btn--primary\" rel=\"nofollow noopener\" target=\"_blank\">Le classement g\u00e9n\u00e9ral de la Vuelta 2025<\/a><\/p>\n<p>Dimanche, le peloton est attendu pour l&rsquo;\u00e9tape Alfaro &#8211; Valdezcaray (195kms).<\/p>\n<p><script async src=\"https:\/\/platform.twitter.com\/widgets.js\" charset=\"utf-8\"><\/script><\/p>\n","protected":false},"excerpt":{"rendered":"Samedi, la 8e \u00e9tape de la Vuelta 2025, entre Monzon Templario et Saragosse a \u00e9t\u00e9 remport\u00e9e par Jasper&hellip;\n","protected":false},"author":2,"featured_media":355777,"comment_status":"","ping_status":"","sticky":false,"template":"","format":"standard","meta":{"footnotes":""},"categories":[2],"tags":[11,207,34966,1011,27,27884,12,25,517,47885],"class_list":{"0":"post-355776","1":"post","2":"type-post","3":"status-publish","4":"format-standard","5":"has-post-thumbnail","7":"category-actualites","8":"tag-actualites","9":"tag-cyclisme","10":"tag-david-gaudu","11":"tag-fr","12":"tag-france","13":"tag-jonas-vingegaard","14":"tag-news","15":"tag-republique-francaise","16":"tag-sport","17":"tag-vuelta"},"share_on_mastodon":{"url":"https:\/\/pubeurope.com\/@fr\/115121372793743486","error":""},"_links":{"self":[{"href":"https:\/\/www.europesays.com\/fr\/wp-json\/wp\/v2\/posts\/355776","targetHints":{"allow":["GET"]}}],"collection":[{"href":"https:\/\/www.europesays.com\/fr\/wp-json\/wp\/v2\/posts"}],"about":[{"href":"https:\/\/www.europesays.com\/fr\/wp-json\/wp\/v2\/types\/post"}],"author":[{"embeddable":true,"href":"https:\/\/www.europesays.com\/fr\/wp-json\/wp\/v2\/users\/2"}],"replies":[{"embeddable":true,"href":"https:\/\/www.europesays.com\/fr\/wp-json\/wp\/v2\/comments?post=355776"}],"version-history":[{"count":0,"href":"https:\/\/www.europesays.com\/fr\/wp-json\/wp\/v2\/posts\/355776\/revisions"}],"wp:featuredmedia":[{"embeddable":true,"href":"https:\/\/www.europesays.com\/fr\/wp-json\/wp\/v2\/media\/355777"}],"wp:attachment":[{"href":"https:\/\/www.europesays.com\/fr\/wp-json\/wp\/v2\/media?parent=355776"}],"wp:term":[{"taxonomy":"category","embeddable":true,"href":"https:\/\/www.europesays.com\/fr\/wp-json\/wp\/v2\/categories?post=355776"},{"taxonomy":"post_tag","embeddable":true,"href":"https:\/\/www.europesays.com\/fr\/wp-json\/wp\/v2\/tags?post=355776"}],"curies":[{"name":"wp","href":"https:\/\/api.w.org\/{rel}","templated":true}]}}