{"id":355778,"date":"2025-08-31T03:58:20","date_gmt":"2025-08-31T03:58:20","guid":{"rendered":"https:\/\/www.europesays.com\/fr\/355778\/"},"modified":"2025-08-31T03:58:20","modified_gmt":"2025-08-31T03:58:20","slug":"dans-laude-cette-rave-party-organisee-dans-une-commune-meurtrie-par-les-incendies-choque","status":"publish","type":"post","link":"https:\/\/www.europesays.com\/fr\/355778\/","title":{"rendered":"dans l\u2019Aude, cette rave party organis\u00e9e dans une commune meurtrie par les incendies choque"},"content":{"rendered":"<p>        <img decoding=\"async\" loading=\"lazy\" src=\"https:\/\/www.europesays.com\/fr\/wp-content\/uploads\/2025\/08\/77d9049_upload-1-xhovt7j2tzsp-afp-20250830-72wk9fd-v1-midres-francemusicravepartyfire.jpg\"  width=\"728\" height=\"410\" alt=\"Quelque 2\u00a0000\u00a0personnes se sont rassembl\u00e9es pour une rave party ce samedi 30\u00a0ao\u00fbt \u00e0 Fontjoncouse (Aude), en plein dans le massif des Corbi\u00e8res touch\u00e9 d\u00e9but ao\u00fbt par un gigantesque incendie.\"\/>  <\/p>\n<p>IDRISS BIGOU-GILLES \/ AFP<\/p>\n<p>Quelque 2\u00a0000\u00a0personnes se sont rassembl\u00e9es pour une rave party ce samedi 30\u00a0ao\u00fbt \u00e0 Fontjoncouse (Aude), en plein dans le massif des Corbi\u00e8res touch\u00e9 d\u00e9but ao\u00fbt par un gigantesque incendie.<\/p>\n<p class=\"asset asset-text\">FRANCE &#8211; Le lieu \u00e9tait ravag\u00e9 par les flammes il y a quelques semaines encore. Pourtant, quelque 2\u00a0000 personnes se sont rassembl\u00e9es pour une <a href=\"https:\/\/www.huffingtonpost.fr\/faits-divers\/article\/en-lozere-une-rave-party-reunit-9000-teufeurs-le-prefet-annonce-un-mort-marge-de-l-evenement_252536.html\" rel=\"nofollow noopener\" target=\"_blank\">rave party<\/a> dans la nuit de vendredi 29\u00a0\u00e0 ce samedi 30\u00a0ao\u00fbt \u00e0 Fontjoncouse (Aude), en plein dans le massif des Corbi\u00e8res touch\u00e9 d\u00e9but ao\u00fbt <a href=\"https:\/\/www.huffingtonpost.fr\/france\/article\/l-incendie-geant-dans-l-aude-a-ete-officiellement-eteint-plus-de-20-jours-apres-avoir-ravage-le-departement_254112.html\" rel=\"nofollow noopener\" target=\"_blank\">par un gigantesque incendie<\/a>, a rapport\u00e9 la pr\u00e9fecture.<\/p>\n<p class=\"asset asset-text\">Le pr\u00e9fet de l\u2019Aude, Alain Bucquet, a condamn\u00e9 \u00ab\u00a0avec la plus grande fermet\u00e9 ce rassemblement aussi dangereux pour les participants qu\u2019indigne pour les habitants directement frapp\u00e9s par l\u2019incendie\u00a0\u00bb. \u00ab\u00a0Venir faire la f\u00eate l\u00e0 o\u00f9 des gens ont souffert, tout perdu, cru qu\u2019ils allaient mourir a un caract\u00e8re ind\u00e9cent\u00a0!\u00a0\u00bb, a-t-il ajout\u00e9 dans un communiqu\u00e9.<\/p>\n<p class=\"asset asset-text\">\u00ab\u00a0C\u2019est malheureux parce que c\u2019est quand m\u00eame apr\u00e8s un incendie. On a quasiment tout perdu. Voir des gens qui viennent faire la f\u00eate l\u00e0 o\u00f9 les autres ont tout perdu, c\u2019est honteux, ils ne respectent rien\u00a0\u00bb, a d\u00e9plor\u00e9 sur BFMTV le maire de Fontjoncouse, Christophe Tena.<\/p>\n<p>    Une zone d\u00e9clar\u00e9e \u00ab\u00a0interdite\u00a0\u00bb    <\/p>\n<p class=\"asset asset-text\">Les gendarmes \u00ab\u00a0sont fortement mobilis\u00e9s\u00a0\u00bb face \u00e0 des participants \u00e0 la rave \u00ab\u00a0dont plusieurs ont fait preuve d\u2019hostilit\u00e9\u00a0\u00bb, note le communiqu\u00e9 de la pr\u00e9fecture.\u00a0Un photographe de l\u2019AFP a pu constater sur place une forte pr\u00e9sence polici\u00e8re bloquant tout acc\u00e8s \u00e0 la rave d\u00e9sormais en cours.<\/p>\n<p> La lecture de ce contenu est susceptible d\u2019entra\u00eener un d\u00e9p\u00f4t de cookies de la part de l\u2019op\u00e9rateur tiers qui l\u2019h\u00e9berge. Compte-tenu des choix que vous avez exprim\u00e9s en mati\u00e8re de d\u00e9p\u00f4t de cookies, nous avons bloqu\u00e9 l\u2019affichage de ce contenu. Si vous souhaitez y acc\u00e9der, vous devez accepter la cat\u00e9gorie de cookies \u201cContenus tiers\u201d en cliquant sur le bouton ci-dessous. <\/p>\n<p> Lire la Vid\u00e9o        <\/p>\n<p class=\"asset asset-text\">La zone o\u00f9 se d\u00e9roule la f\u00eate \u00ab\u00a0est interdite par arr\u00eat\u00e9 pr\u00e9fectoral \u00e0 toute circulation [&#8230;], du fait de sa dangerosit\u00e9 et du risque incendie qui demeure s\u00e9v\u00e8re\u00a0\u00bb, rappelle la pr\u00e9fecture. Le pr\u00e9fet \u00ab\u00a0appelle les participants \u00e0 quitter les lieux imm\u00e9diatement\u00a0\u00bb, ajoute le communiqu\u00e9.<\/p>\n<p class=\"asset asset-text\">Le feu du 5\u00a0ao\u00fbt, parti de la commune de Ribaute \u00e0 une vingtaine de kilom\u00e8tres de Fontjoncouse, a parcouru 16\u00a0000 hectares et d\u00e9truit 36 habitations, tuant une personne. Il ne s\u2019est \u00e9teint officiellement que le jeudi 28\u00a0ao\u00fbt dernier, apr\u00e8s trois semaines de combat men\u00e9 par les pompiers.<\/p>\n<p class=\"asset asset-text\">C\u2019est le pire incendie depuis au moins 50\u00a0ans sur le pourtour m\u00e9diterran\u00e9en fran\u00e7ais, selon la Base de donn\u00e9es gouvernementale des incendies de for\u00eat en France (BDIFF) qui r\u00e9pertorie depuis 1973 la surface totale parcourue par les flammes.<\/p>\n","protected":false},"excerpt":{"rendered":"IDRISS BIGOU-GILLES \/ AFP Quelque 2\u00a0000\u00a0personnes se sont rassembl\u00e9es pour une rave party ce samedi 30\u00a0ao\u00fbt \u00e0 Fontjoncouse&hellip;\n","protected":false},"author":2,"featured_media":355779,"comment_status":"","ping_status":"","sticky":false,"template":"","format":"standard","meta":{"footnotes":""},"categories":[2],"tags":[11,4086,1011,27,1310,12,8916,7746,25],"class_list":{"0":"post-355778","1":"post","2":"type-post","3":"status-publish","4":"format-standard","5":"has-post-thumbnail","7":"category-actualites","8":"tag-actualites","9":"tag-aude","10":"tag-fr","11":"tag-france","12":"tag-incendie","13":"tag-news","14":"tag-prefecture","15":"tag-rave-party","16":"tag-republique-francaise"},"share_on_mastodon":{"url":"https:\/\/pubeurope.com\/@fr\/115121377067287294","error":""},"_links":{"self":[{"href":"https:\/\/www.europesays.com\/fr\/wp-json\/wp\/v2\/posts\/355778","targetHints":{"allow":["GET"]}}],"collection":[{"href":"https:\/\/www.europesays.com\/fr\/wp-json\/wp\/v2\/posts"}],"about":[{"href":"https:\/\/www.europesays.com\/fr\/wp-json\/wp\/v2\/types\/post"}],"author":[{"embeddable":true,"href":"https:\/\/www.europesays.com\/fr\/wp-json\/wp\/v2\/users\/2"}],"replies":[{"embeddable":true,"href":"https:\/\/www.europesays.com\/fr\/wp-json\/wp\/v2\/comments?post=355778"}],"version-history":[{"count":0,"href":"https:\/\/www.europesays.com\/fr\/wp-json\/wp\/v2\/posts\/355778\/revisions"}],"wp:featuredmedia":[{"embeddable":true,"href":"https:\/\/www.europesays.com\/fr\/wp-json\/wp\/v2\/media\/355779"}],"wp:attachment":[{"href":"https:\/\/www.europesays.com\/fr\/wp-json\/wp\/v2\/media?parent=355778"}],"wp:term":[{"taxonomy":"category","embeddable":true,"href":"https:\/\/www.europesays.com\/fr\/wp-json\/wp\/v2\/categories?post=355778"},{"taxonomy":"post_tag","embeddable":true,"href":"https:\/\/www.europesays.com\/fr\/wp-json\/wp\/v2\/tags?post=355778"}],"curies":[{"name":"wp","href":"https:\/\/api.w.org\/{rel}","templated":true}]}}