{"id":355780,"date":"2025-08-31T03:59:09","date_gmt":"2025-08-31T03:59:09","guid":{"rendered":"https:\/\/www.europesays.com\/fr\/355780\/"},"modified":"2025-08-31T03:59:09","modified_gmt":"2025-08-31T03:59:09","slug":"plus-de-66-metres-le-plus-grand-arbre-de-france-se-trouve-dans-la-loire","status":"publish","type":"post","link":"https:\/\/www.europesays.com\/fr\/355780\/","title":{"rendered":"Plus de 66 m\u00e8tres, le plus grand arbre de France se trouve dans la Loire"},"content":{"rendered":"<p>Le plus grand arbre de France se trouve dans le Roannais, non loin du barrage du Chartrain. Il s&rsquo;agit d&rsquo;un sapin Douglas d&rsquo;environ 66 m\u00e8tres de haut et vieux de 133 ans. Le 6 juin dernier, des g\u00e9om\u00e8tres sont venus le mesurer pour v\u00e9rifier sa taille, on estime qu&rsquo;il pousse d&rsquo;environ 27cm par an.<\/p>\n<p>Il mesure plus de 66 m\u00e8tres\u00a0! ce sapin Douglas, qui tr\u00f4ne fi\u00e8rement depuis 133 ans au bord de la route au-dessus\u00a0du barrage du Chartrain (Loire) dans le Roannais, est sans aucun doute l&rsquo;arbre le plus grande de France\u00a0et peut-\u00eatre m\u00eame d&rsquo;Europe. Entour\u00e9 d&rsquo;autres arbres de son esp\u00e8ce, <strong>sa taille \u00e9quivaut \u00e0 un immeuble d&rsquo;une vingtaine d&rsquo;\u00e9tages<\/strong>.<\/p>\n<p>La derni\u00e8re fois qu&rsquo;il a \u00e9t\u00e9 mesur\u00e9, ce sont des grimpeurs qui sont mont\u00e9s au sommet et qui ont mesur\u00e9 \u00e0 l&rsquo;aide d&rsquo;une corde et d&rsquo;une cha\u00eene. Le 6 juin dernier, afin d&rsquo;\u00eatre un peu plus pr\u00e9cis, des\u00a0g\u00e9om\u00e8tres sont venus avec tous leurs outils et notamment un drone. \u00ab\u00a0On fait d\u00e9coller le drone \u00e0 la verticale face \u00e0 l&rsquo;arbre et on prend des photos au fur et \u00e0 mesure de la mont\u00e9e. Ensuite il faudra les assembler et faire des calculs et on aura sa taille exacte\u00a0\u00bb.\u00a0Un autre g\u00e9om\u00e8tre venu de Roanne a quant \u00e0 lui sorti les appareils tach\u00e9om\u00e9triques, plus classiques et apr\u00e8s quelques mesures et une soustraction\u00a0: \u00ab\u00a0On arrive \u00e0 66,67 m\u00e8tres. Il faudra affiner, mais \u00e7a semble probable puisqu&rsquo;on estime qu&rsquo;il grandit de 27 centim\u00e8tres par an environ\u00a0\u00bb.<\/p>\n<p>La\u00a0croissance de ce Douglas g\u00e9ant,\u00a0<strong>esp\u00e8ce originaire du nord des Etats-Unis<\/strong>, pourrait bien encore se poursuivre quelques ann\u00e9es puisqu**\u2019il peut vivre 4 \u00e0 500 ans et qu&rsquo;il en a aujourd&rsquo;hui 133**. \u00ab\u00a0C&rsquo;est un ancien donc il pousse moins qu&rsquo;un juv\u00e9nile chaque ann\u00e9e, puisqu&rsquo;un jeune peut pousser d&rsquo;1,20m 1,50m par an\u00a0\u00bb, pr\u00e9cise B\u00e9ranger Bouillou, garde forestier, \u00ab\u00a0Ce qui l&rsquo;a aid\u00e9 \u00e0 grandir c&rsquo;est qu&rsquo;ils sont plusieurs Douglas comme lui c\u00f4te \u00e0 c\u00f4te. Ils ont pouss\u00e9 tous ensemble donc \u00e7a l&rsquo;a forc\u00e9 \u00e0 monter, le m\u00eame tout seul dans un pr\u00e9 ne serait pas aussi haut\u00a0\u00bb.<\/p>\n<p>Les seules choses qui pourraient lui nuire, ce serait les orages, des s\u00e9cheresses \u00e0 r\u00e9p\u00e9tition, ou m\u00eame l\u2019homme puisque <strong>cet arbre attire les curieux<\/strong> : \u00ab\u00a0Ca attire beaucoup de monde oui, tous les gens qui viennent au Chartrain viennent voir le Douglas\u00a0\u00bb, explique Mathieu Mandret, de la Roannaise de l\u2019eau, \u00ab\u00a0Ca arrive qu&rsquo;il y ait des gens qui aient envie de le grimper, des gens qui pourraient \u00e9crire leurs noms sur l&rsquo;\u00e9corce, ce genre de choses, donc on a mis juste un panneau pour le rep\u00e9rer pour pas le mettre trop en avant\u00a0\u00bb.<\/p>\n<p><img loading=\"lazy\" decoding=\"async\" class=\"VisualPreview svelte-1rldrkz\" src=\"data:image\/jpeg;base64,\/9j\/2wBDACgcHiMeGSgjISMtKygwPGRBPDc3PHtYXUlkkYCZlo+AjIqgtObDoKrarYqMyP\/L2u71\/\/\/\/m8H\/\/\/\/6\/+b9\/\/j\/2wBDASstLTw1PHZBQXb4pYyl+Pj4+Pj4+Pj4+Pj4+Pj4+Pj4+Pj4+Pj4+Pj4+Pj4+Pj4+Pj4+Pj4+Pj4+Pj4+Pj4+Pj\/wAARCAAfACoDASIAAhEBAxEB\/8QAGQABAAMBAQAAAAAAAAAAAAAAAwECBAAF\/8QAGRABAQEBAQEAAAAAAAAAAAAAAAECEQMS\/8QAFQEBAQAAAAAAAAAAAAAAAAAAAAH\/xAAWEQEBAQAAAAAAAAAAAAAAAAAAARH\/2gAMAwEAAhEDEQA\/AAcjruqiYXAoTANXmZn86boPJ6no5VpSBJV80Uq0q4jTjRftlmlvsV\/\/2Q==\" alt=\"Seul un panneau permet de le rep\u00e9rer parmi les autres\" width=\"600\" height=\"450\"\/>  Seul un panneau permet de le rep\u00e9rer parmi les autres \u00a9 Radio France &#8211; Aur\u00e9lie Jacquand<img loading=\"lazy\" decoding=\"async\" class=\"VisualPreview svelte-1rldrkz\" src=\"data:image\/jpeg;base64,\/9j\/2wBDACgcHiMeGSgjISMtKygwPGRBPDc3PHtYXUlkkYCZlo+AjIqgtObDoKrarYqMyP\/L2u71\/\/\/\/m8H\/\/\/\/6\/+b9\/\/j\/2wBDASstLTw1PHZBQXb4pYyl+Pj4+Pj4+Pj4+Pj4+Pj4+Pj4+Pj4+Pj4+Pj4+Pj4+Pj4+Pj4+Pj4+Pj4+Pj4+Pj4+Pj\/wAARCAAfACoDASIAAhEBAxEB\/8QAFwABAQEBAAAAAAAAAAAAAAAAAgMBAP\/EABgQAQEBAQEAAAAAAAAAAAAAAAABAhES\/8QAFgEBAQEAAAAAAAAAAAAAAAAAAQAC\/8QAFREBAQAAAAAAAAAAAAAAAAAAABH\/2gAMAwEAAhEDEQA\/AB6d1KaKU0KdDVZ0dUIN1PpbqaK0pSjGxiouja0aag0Clg8VL\/\/Z\" alt=\"Esp\u00e8ce originaire des Etats-Unis, le Douglas se pla\u00eet dans le roannais pr\u00e8s du barrage du Chartrain\" width=\"600\" height=\"450\"\/>  Esp\u00e8ce originaire des Etats-Unis, le Douglas se pla\u00eet dans le roannais pr\u00e8s du barrage du Chartrain \u00a9 Radio France &#8211; Aur\u00e9lie Jacquand<\/p>\n","protected":false},"excerpt":{"rendered":"Le plus grand arbre de France se trouve dans le Roannais, non loin du barrage du Chartrain. Il&hellip;\n","protected":false},"author":2,"featured_media":355781,"comment_status":"","ping_status":"","sticky":false,"template":"","format":"standard","meta":{"footnotes":""},"categories":[4],"tags":[11,1011,27,12,25],"class_list":{"0":"post-355780","1":"post","2":"type-post","3":"status-publish","4":"format-standard","5":"has-post-thumbnail","7":"category-france","8":"tag-actualites","9":"tag-fr","10":"tag-france","11":"tag-news","12":"tag-republique-francaise"},"share_on_mastodon":{"url":"https:\/\/pubeurope.com\/@fr\/115121380589539533","error":""},"_links":{"self":[{"href":"https:\/\/www.europesays.com\/fr\/wp-json\/wp\/v2\/posts\/355780","targetHints":{"allow":["GET"]}}],"collection":[{"href":"https:\/\/www.europesays.com\/fr\/wp-json\/wp\/v2\/posts"}],"about":[{"href":"https:\/\/www.europesays.com\/fr\/wp-json\/wp\/v2\/types\/post"}],"author":[{"embeddable":true,"href":"https:\/\/www.europesays.com\/fr\/wp-json\/wp\/v2\/users\/2"}],"replies":[{"embeddable":true,"href":"https:\/\/www.europesays.com\/fr\/wp-json\/wp\/v2\/comments?post=355780"}],"version-history":[{"count":0,"href":"https:\/\/www.europesays.com\/fr\/wp-json\/wp\/v2\/posts\/355780\/revisions"}],"wp:featuredmedia":[{"embeddable":true,"href":"https:\/\/www.europesays.com\/fr\/wp-json\/wp\/v2\/media\/355781"}],"wp:attachment":[{"href":"https:\/\/www.europesays.com\/fr\/wp-json\/wp\/v2\/media?parent=355780"}],"wp:term":[{"taxonomy":"category","embeddable":true,"href":"https:\/\/www.europesays.com\/fr\/wp-json\/wp\/v2\/categories?post=355780"},{"taxonomy":"post_tag","embeddable":true,"href":"https:\/\/www.europesays.com\/fr\/wp-json\/wp\/v2\/tags?post=355780"}],"curies":[{"name":"wp","href":"https:\/\/api.w.org\/{rel}","templated":true}]}}